{"id":108947,"date":"2025-12-06T03:31:12","date_gmt":"2025-12-06T03:31:12","guid":{"rendered":"https:\/\/www.europesays.com\/fi\/108947\/"},"modified":"2025-12-06T03:31:12","modified_gmt":"2025-12-06T03:31:12","slug":"tama-lasse-lehtosen-valikohtauksesta-brysselin-lentokentalla-tiedetaan","status":"publish","type":"post","link":"https:\/\/www.europesays.com\/fi\/108947\/","title":{"rendered":"T\u00e4m\u00e4 Lasse Lehtosen v\u00e4likohtauksesta Brysselin lentokent\u00e4ll\u00e4 tiedet\u00e4\u00e4n"},"content":{"rendered":"<p>Kelan p\u00e4\u00e4johtajan k\u00e4yt\u00f6s Brysselin lentokent\u00e4ll\u00e4 her\u00e4tti runsaasti huomiota perjantaina. IS:n tietojen mukaan Lehtonen havaittiin lentokent\u00e4ll\u00e4 jo p\u00e4iv\u00e4\u00e4 ennen perjantain v\u00e4likohtausta.<\/p>\n<p>Lasse Lehtonen v\u00e4li\u00adkohtauksessa Brysselin lentokent\u00e4ll\u00e4<br \/>\n Video: ISTV<\/p>\n<p class=\"article-body mb-nof-24 px-nof-16\">Kelan p\u00e4\u00e4johtaja <a class=\"article-personlink\" href=\"https:\/\/www.is.fi\/haku\/?query=Lasse%20Lehtonen\" rel=\"nofollow noopener\" target=\"_blank\">Lasse Lehtonen<\/a> joutui <a class=\"article-genericlink\" href=\"https:\/\/www.is.fi\/kotimaa\/art-2000011672428.html\" rel=\"nofollow noopener\" target=\"_blank\">v\u00e4likohtaukseen<\/a> Brysselin lentokent\u00e4ll\u00e4 perjantaina. Lukuisista yrityksist\u00e4 huolimatta Ilta-Sanomat ei ole tavoittanut Lehtosta kommentoimaan perjantain tapahtumia. Kertaamme t\u00e4ss\u00e4 artikkelissa, mit\u00e4 tapauksesta ja sen seurauksista t\u00e4ss\u00e4 vaiheessa tiedet\u00e4\u00e4n.<\/p>\n<p>1. Ty\u00f6matka Brysseliin<\/p>\n<p class=\"article-body mb-nof-24 px-nof-16\">Lasse Lehtonen matkusti t\u00e4ll\u00e4 viikolla Belgiaan. P\u00e4\u00e4kaupungissa Brysseliss\u00e4 j\u00e4rjestettiin keskiviikkona ja torstaina Care Summit Brussels 2025 -niminen tapahtuma, jonka yhdeksi puhujaksi Lehtonen oli nimetty tapahtuman verkkosivuilla.<\/p>\n<p><img decoding=\"async\" src=\"https:\/\/www.europesays.com\/fi\/wp-content\/uploads\/2025\/12\/1764991870_684_468.jpg\" alt=\"Kelan p\u00e4\u00e4johtaja Lasse Lehtonen matkusti Brysseliin joulukuun ensimm\u00e4isell\u00e4 viikolla. Matka her\u00e4tti ihmetyst\u00e4, sill\u00e4 Lehtonen j\u00e4i samalla viikolla pois t\u00f6ist\u00e4.\" class=\"_Img_1rerz_1\" style=\"aspect-ratio:1.5011727912431587\" loading=\"eager\"\/><\/p>\n<p class=\"article-picture-caption\">Kelan p\u00e4\u00e4johtaja Lasse Lehtonen matkusti Brysseliin joulukuun ensimm\u00e4isell\u00e4 viikolla. Matka her\u00e4tti ihmetyst\u00e4, sill\u00e4 Lehtonen j\u00e4i samalla viikolla pois t\u00f6ist\u00e4. Kuva:\u00a0Roni Rekomaa<\/p>\n<p class=\"article-body mb-nof-24 px-nof-16\">Kelan viestinn\u00e4st\u00e4 kerrottiin kuitenkin <a class=\"article-genericlink\" href=\"https:\/\/www.is.fi\/kotimaa\/art-2000011664152.html\" rel=\"nofollow noopener\" target=\"_blank\">tiistaina<\/a>, ett\u00e4 Lehtonen on j\u00e4\u00e4nyt pois t\u00f6ist\u00e4. Viestinn\u00e4st\u00e4 ei kommentoitu poissaolon syyt\u00e4 tai tarkkaa pituutta. Kelan hallituksen puheenjohtaja <a class=\"article-personlink\" href=\"https:\/\/www.is.fi\/haku\/?query=Vertti%20Kiukas\" rel=\"nofollow noopener\" target=\"_blank\">Vertti Kiukas<\/a> kertoi tiistaina <a class=\"article-genericlink\" href=\"https:\/\/www.hs.fi\/politiikka\/art-2000011664236.html\" rel=\"nofollow noopener\" target=\"_blank\">Helsingin Sanomille<\/a>, ett\u00e4 Lehtonen j\u00e4i maanantaina sairauslomalle t\u00e4m\u00e4n viikon ajaksi.<\/p>\n<p class=\"article-body mb-nof-24 px-nof-16\">\u2013 H\u00e4n on k\u00e4sitt\u00e4\u00e4kseni sek\u00e4 sairauslomalla ett\u00e4 ty\u00f6matkalla Brysseliss\u00e4, Kiukas kertoi HS:lle.<\/p>\n<p class=\"article-body mb-nof-24 px-nof-16\">Kiukas ei ottanut HS:n jutussa kantaa siihen, miten Lehtonen voi olla samaan aikaan sairauslomalla ja ty\u00f6matkalla.<\/p>\n<p>2. Lentokent\u00e4ll\u00e4 jo torstaina<\/p>\n<p class=\"article-body mb-nof-24 px-nof-16\">IS:n tietojen mukaan Lehtonen n\u00e4htiin Brysselin lentoaseman lounge-tilassa jo torstaina kello 17\u201318 v\u00e4lill\u00e4. Finnairin lento Brysselist\u00e4 Helsinkiin l\u00e4hti torstaina kello 19.10. Lounge-tilaan p\u00e4\u00e4st\u00e4kseen t\u00e4ytyy l\u00e4p\u00e4ist\u00e4 turvatarkastus ja olla paikassa, josta lennot l\u00e4htev\u00e4t.<\/p>\n<p class=\"article-body mb-nof-24 px-nof-16\">IS:n haastatteleman l\u00e4hteen mukaan Lehtonen k\u00e4veli \u201dp\u00e4\u00e4 kumarassa\u201d.<\/p>\n<p class=\"article-body mb-nof-24 px-nof-16\">\u2013 Ei ollenkaan sen n\u00e4k\u00f6isen\u00e4, kuten h\u00e4nen on n\u00e4hty mediassa antavan haastatteluita p\u00e4\u00e4 pystyss\u00e4.<\/p>\n<p class=\"article-body mb-nof-24 px-nof-16\">Silminn\u00e4kij\u00e4 pohdiskeli, oliko Lehtosen tarkoitus palata Suomeen alun perin torstaina. Toistaiseksi tuntemattomasta syyst\u00e4 Lehtonen ei Helsingin-koneeseen noussut.<\/p>\n<p class=\"article-body mb-nof-24 px-nof-16\">My\u00f6s <a class=\"article-genericlink\" href=\"https:\/\/www.hs.fi\/suomi\/art-2000011672634.html\" rel=\"nofollow noopener\" target=\"_blank\">Helsingin Sanomat<\/a> kertoi, ett\u00e4 Lehtonen oli silminn\u00e4kij\u00e4havaintojen mukaan n\u00e4hty lentokent\u00e4ll\u00e4 jo torstaina.<\/p>\n<p class=\"article-body mb-nof-24 px-nof-16\">Lehtosen piti alun perin is\u00e4nn\u00f6id\u00e4 torstaina Sdp:n eduskuntaryhm\u00e4\u00e4 Kelan p\u00e4\u00e4konttorilla. IS:n n\u00e4kem\u00e4n ohjelman mukaan Lehtosen oli tarkoitus pit\u00e4\u00e4 tilaisuudessa puheenvuoro \u201dKela t\u00e4n\u00e4\u00e4n ja 2030-luvulla\u201d.<\/p>\n<p><img decoding=\"async\" src=\"https:\/\/www.europesays.com\/fi\/wp-content\/uploads\/2025\/12\/1764991870_348_468.jpg\" alt=\"IS:n tietojen mukaan Lehtonen n\u00e4htiin Brysselin lentoasemalla jo torstaina.\" class=\"_Img_1rerz_1\" style=\"aspect-ratio:1.5\" loading=\"eager\"\/><\/p>\n<p class=\"article-picture-caption\">IS:n tietojen mukaan Lehtonen n\u00e4htiin Brysselin lentoasemalla jo torstaina. Kuva:\u00a0Yves Herman \/ REUTERS<\/p>\n<p>3. Perjantainen v\u00e4likohtaus l\u00e4ht\u00f6portilla<\/p>\n<p class=\"article-body mb-nof-24 px-nof-16\">Perjantaina aamup\u00e4iv\u00e4ll\u00e4 Lehtonen ajautui v\u00e4likohtaukseen virkavallan kanssa Brysselin lentokent\u00e4ll\u00e4.<\/p>\n<p class=\"article-body mb-nof-24 px-nof-16\">Useat silminn\u00e4kij\u00e4t raportoivat IS:lle Lehtosen huomiota her\u00e4tt\u00e4neest\u00e4 k\u00e4yt\u00f6ksest\u00e4 lentokent\u00e4n l\u00e4ht\u00f6portilla. Silminn\u00e4kij\u00f6iden mukaan Lehtonen vaikutti sekavalta, mutta ei kuitenkaan k\u00e4ytt\u00e4ytynyt h\u00e4iritsev\u00e4sti tai ep\u00e4kunnioittavasti. Er\u00e4s silminn\u00e4kij\u00e4 kertoi, ett\u00e4 Lehtonen vaikutti etsiv\u00e4n l\u00e4ht\u00f6portilta jotakin. Silminn\u00e4kij\u00f6iden mukaan tilanne p\u00e4\u00e4ttyi siihen, ett\u00e4 poliisi vei Lehtosen pois portilta juuri ennen koneeseen nousun alkamista.<\/p>\n<p><img decoding=\"async\" src=\"https:\/\/www.europesays.com\/fi\/wp-content\/uploads\/2025\/12\/1764991871_500_468.jpg\" alt=\"Useat silminn\u00e4kij\u00e4t tunnistivat Lasse Lehtosen Brysselin lentokent\u00e4ll\u00e4.\" class=\"_Img_1rerz_1\" style=\"aspect-ratio:0.8166666666666667\" loading=\"eager\"\/><\/p>\n<p class=\"article-picture-caption\">Useat silminn\u00e4kij\u00e4t tunnistivat Lasse Lehtosen Brysselin lentokent\u00e4ll\u00e4. Kuva:\u00a0Lukijan kuva<\/p>\n<p class=\"article-body mb-nof-24 px-nof-16\">Tilannetta lentokent\u00e4ll\u00e4 todistivat my\u00f6s muun muassa entinen ymp\u00e4rist\u00f6ministeri <a class=\"article-personlink\" href=\"https:\/\/www.is.fi\/haku\/?query=Paula%20Lehtom%C3%A4ki\" rel=\"nofollow noopener\" target=\"_blank\">Paula Lehtom\u00e4ki<\/a> (kesk) ja europarlamentaarikko <a class=\"article-personlink\" href=\"https:\/\/www.is.fi\/haku\/?query=Aura%20Salla\" rel=\"nofollow noopener\" target=\"_blank\">Aura Salla<\/a> (kok).<\/p>\n<p class=\"article-body mb-nof-24 px-nof-16\">Lehtom\u00e4ki kertoi <a class=\"article-genericlink\" href=\"https:\/\/www.is.fi\/politiikka\/art-2000011672924.html\" rel=\"nofollow noopener\" target=\"_blank\">IS:lle<\/a>, ett\u00e4 h\u00e4n auttoi Lehtosta lentokent\u00e4ll\u00e4. Lehtom\u00e4ki ty\u00f6skentelee nyky\u00e4\u00e4n Mets\u00e4teollisuus ry:n toimitusjohtajana.<\/p>\n<p class=\"article-body mb-nof-24 px-nof-16\">\u2013 Min\u00e4 olen kohdannut p\u00e4\u00e4johtajan lentokent\u00e4ll\u00e4 ja tarjonnut h\u00e4nelle inhimillist\u00e4 huolenpitoa, h\u00e4n kertoi.<\/p>\n<p class=\"article-body mb-nof-24 px-nof-16\">Salla kertoi n\u00e4hneens\u00e4 Lehtosen kolmen poliisin ymp\u00e4r\u00f6im\u00e4n\u00e4, kuten monet muutkin silminn\u00e4kij\u00e4t.<\/p>\n<p class=\"article-body mb-nof-24 px-nof-16\">\u2013 Ihan rauhallinen tilanne. H\u00e4n oli ilmeisesti hyvin rauhallinen siin\u00e4, Salla arvioi lentokent\u00e4n tapahtumia.<\/p>\n<p><img decoding=\"async\" src=\"https:\/\/www.europesays.com\/fi\/wp-content\/uploads\/2025\/12\/1764991871_634_468.jpg\" alt=\"Lasse Lehtosen k\u00e4yt\u00f6s her\u00e4tti huomiota Brysselin lentokent\u00e4ll\u00e4.\" class=\"_Img_1rerz_1\" style=\"aspect-ratio:0.9135416666666667\" loading=\"eager\"\/><\/p>\n<p class=\"article-picture-caption\">Lasse Lehtosen k\u00e4yt\u00f6s her\u00e4tti huomiota Brysselin lentokent\u00e4ll\u00e4. Kuva:\u00a0Lukijan kuva<\/p>\n<p class=\"article-body mb-nof-24 px-nof-16\">Brysselin poliisi <a class=\"article-genericlink\" href=\"https:\/\/www.is.fi\/kotimaa\/art-2000011673184.html\" rel=\"nofollow noopener\" target=\"_blank\">vahvisti<\/a> IS:lle, ett\u00e4 Brysselin lentokent\u00e4n turvahenkil\u00f6\u00adkunta h\u00e4lytti lentokentt\u00e4poliisin perjantaina aamup\u00e4iv\u00e4ll\u00e4 l\u00e4ht\u00f6portille. Kyseess\u00e4 on sama l\u00e4ht\u00f6portti, jolla IS:n haastattelemat silminn\u00e4kij\u00e4t n\u00e4kiv\u00e4t Lehtosen perjantaina.<\/p>\n<p class=\"article-body mb-nof-24 px-nof-16\">Poliisin mukaan lentokentt\u00e4poliisilla oli teht\u00e4v\u00e4 portilla kello 10.45. Finnairin lento Brysselist\u00e4 Helsinkiin l\u00e4hti kello 11.15 paikallista aikaa. Poliisin mukaan tilanne ei johtanut pid\u00e4tykseen. Poliisi ei vahvista IS:lle henkil\u00f6llisyyksi\u00e4.<\/p>\n<p class=\"article-body mb-nof-24 px-nof-16\">\u2013 Lentokoneen miehist\u00f6 oli kielt\u00e4nyt p\u00e4\u00e4syn koneeseen Suomen kansalaiselta, joka vaikutti sekavalta, eik\u00e4 kyennyt esitt\u00e4m\u00e4\u00e4n boarding passia. Lyhyen ja rauhallisen keskustelun j\u00e4lkeen lentokentt\u00e4poliisi saattoi matkustajan ensiavun piiriin. Matkustaja ei voinut nousta koneeseen perjantaiaamuna, poliisi kertoi Ilta-Sanomille s\u00e4hk\u00f6postitse.<\/p>\n<p class=\"article-body mb-nof-24 px-nof-16\">Lehtosen l\u00e4hipiiriin kuuluvan henkil\u00f6n <a class=\"article-genericlink\" href=\"https:\/\/www.is.fi\/kotimaa\/art-2000011673132.html\" rel=\"nofollow noopener\" target=\"_blank\">mukaan<\/a> Brysselin lentokent\u00e4ll\u00e4 tapahtuneessa v\u00e4likohtauksessa oli kyse terveysasiasta. L\u00e4heinen kertoi olleensa yhteydess\u00e4 lentokent\u00e4n l\u00e4\u00e4k\u00e4riin. L\u00e4heisen mukaan kyse ei ollut esimerkiksi alkoholista.<\/p>\n<p><img decoding=\"async\" src=\"https:\/\/www.europesays.com\/fi\/wp-content\/uploads\/2025\/12\/1764991871_207_468.jpg\" alt=\"Brysselin poliisin mukaan lentokentt\u00e4poliisilla oli teht\u00e4v\u00e4 l\u00e4ht\u00f6portilla kello 10.45. Kyseess\u00e4 on sama l\u00e4ht\u00f6portti, jolla IS:n haastattelemat silminn\u00e4kij\u00e4t n\u00e4kiv\u00e4t Lehtosen perjantaina.\" class=\"_Img_1rerz_1\" style=\"aspect-ratio:0.78125\" loading=\"eager\"\/><\/p>\n<p class=\"article-picture-caption\">Brysselin poliisin mukaan lentokentt\u00e4poliisilla oli teht\u00e4v\u00e4 l\u00e4ht\u00f6portilla kello 10.45. Kyseess\u00e4 on sama l\u00e4ht\u00f6portti, jolla IS:n haastattelemat silminn\u00e4kij\u00e4t n\u00e4kiv\u00e4t Lehtosen perjantaina. Kuva:\u00a0Lukijan kuva<\/p>\n<p>4. Miss\u00e4 Lehtonen on nyt?<\/p>\n<p class=\"article-body mb-nof-24 px-nof-16\">Ilta-Sanomat ei ole tavoittanut Lasse Lehtosta kommentoimaan, miten ja milloin h\u00e4n aikoo palata Suomeen. Kelan mukaan Lehtosen sairausloma jatkuu sunnuntaihin asti.<\/p>\n<p class=\"article-body mb-nof-24 px-nof-16\">Brysselin poliisin mukaan perjantaisessa v\u00e4likohtauksessa osallisena ollut Suomen kansalainen kertoi matkustavansa Suomeen my\u00f6hemm\u00e4ll\u00e4 lennolla.<\/p>\n<p><img decoding=\"async\" src=\"https:\/\/www.europesays.com\/fi\/wp-content\/uploads\/2025\/12\/1764991872_127_468.jpg\" alt=\"Lasse Lehtosen l\u00e4hipiiriin kuuluvan henkil\u00f6n mukaan Brysselin lentokent\u00e4ll\u00e4 tapahtuneessa v\u00e4likohtauksessa oli kyse terveysasiasta.\" class=\"_Img_1rerz_1\" style=\"aspect-ratio:1.5\" loading=\"eager\"\/><\/p>\n<p class=\"article-picture-caption\">Lasse Lehtosen l\u00e4hipiiriin kuuluvan henkil\u00f6n mukaan Brysselin lentokent\u00e4ll\u00e4 tapahtuneessa v\u00e4likohtauksessa oli kyse terveysasiasta. Kuva:\u00a0Nicolas Maeterlinck \/ Belga \/ ZUMA<\/p>\n<p>5. Kelan hallituksella ylim\u00e4\u00e4r\u00e4inen kokous<\/p>\n<p class=\"article-body mb-nof-24 px-nof-16\">Kelan hallituksen puheenjohtaja <a class=\"article-personlink\" href=\"https:\/\/www.is.fi\/haku\/?query=Vertti%20Kiukas\" rel=\"nofollow noopener\" target=\"_blank\">Vertti Kiukas<\/a> ei tavoittanut Lehtosta perjantaina selitt\u00e4m\u00e4\u00e4n, mit\u00e4 Brysseliss\u00e4 tapahtui.<\/p>\n<p class=\"article-body mb-nof-24 px-nof-16\">Kela julkaisi perjantaina mediatiedotteen, jossa kerrottiin, ett\u00e4 \u201dKela selvitt\u00e4\u00e4 tarkempaa tilannekuvaa\u201d. Kela <a class=\"article-genericlink\" href=\"https:\/\/www.is.fi\/kotimaa\/art-2000011672936.html\" rel=\"nofollow noopener\" target=\"_blank\">tiedotti<\/a> tapahtuneesta perjantaina my\u00f6s sis\u00e4isesti henkil\u00f6kunnalleen.<\/p>\n<p class=\"article-body mb-nof-24 px-nof-16\">\u2013 Selvit\u00e4mme nyt tarkasti, miss\u00e4 on kyse. Mahdollisia jatkotoimenpiteit\u00e4 arvioimme lis\u00e4tietojen pohjalta, Kiukas kommentoi sis\u00e4isess\u00e4 tiedotteessa.<\/p>\n<p class=\"article-body mb-nof-24 px-nof-16\">Kelan hallitus on kutsuttu ylim\u00e4\u00e4r\u00e4iseen kokoukseen maanantaiaamuksi k\u00e4sittelem\u00e4\u00e4n viime aikojen tapahtumia. Kiukas <a class=\"article-genericlink\" href=\"https:\/\/www.is.fi\/politiikka\/art-2000011673279.html\" rel=\"nofollow noopener\" target=\"_blank\">kertoi<\/a> perjantaina, ett\u00e4 my\u00f6s Lehtosen on m\u00e4\u00e4r\u00e4 olla kokouksessa paikalla.<\/p>\n","protected":false},"excerpt":{"rendered":"Kelan p\u00e4\u00e4johtajan k\u00e4yt\u00f6s Brysselin lentokent\u00e4ll\u00e4 her\u00e4tti runsaasti huomiota perjantaina. IS:n tietojen mukaan Lehtonen havaittiin lentokent\u00e4ll\u00e4 jo p\u00e4iv\u00e4\u00e4 ennen&hellip;\n","protected":false},"author":2,"featured_media":108948,"comment_status":"","ping_status":"","sticky":false,"template":"","format":"standard","meta":{"footnotes":""},"categories":[12],"tags":[22,23,26,27,33,31,30,17,34,24,25,28,29,15,18,21,32,19,20,16],"class_list":{"0":"post-108947","1":"post","2":"type-post","3":"status-publish","4":"format-standard","5":"has-post-thumbnail","7":"category-suomi","8":"tag-breaking-news","9":"tag-breakingnews","10":"tag-featured-news","11":"tag-featurednews","12":"tag-fi","13":"tag-finland","14":"tag-finnish","15":"tag-headlines","16":"tag-ilta-sanomat","17":"tag-latest-news","18":"tag-latestnews","19":"tag-main-news","20":"tag-mainnews","21":"tag-news","22":"tag-otsikot","23":"tag-paauutiset","24":"tag-suomi","25":"tag-top-stories","26":"tag-topstories","27":"tag-uutiset"},"share_on_mastodon":{"url":"https:\/\/pubeurope.com\/@fi\/115670514786212208","error":""},"_links":{"self":[{"href":"https:\/\/www.europesays.com\/fi\/wp-json\/wp\/v2\/posts\/108947","targetHints":{"allow":["GET"]}}],"collection":[{"href":"https:\/\/www.europesays.com\/fi\/wp-json\/wp\/v2\/posts"}],"about":[{"href":"https:\/\/www.europesays.com\/fi\/wp-json\/wp\/v2\/types\/post"}],"author":[{"embeddable":true,"href":"https:\/\/www.europesays.com\/fi\/wp-json\/wp\/v2\/users\/2"}],"replies":[{"embeddable":true,"href":"https:\/\/www.europesays.com\/fi\/wp-json\/wp\/v2\/comments?post=108947"}],"version-history":[{"count":0,"href":"https:\/\/www.europesays.com\/fi\/wp-json\/wp\/v2\/posts\/108947\/revisions"}],"wp:featuredmedia":[{"embeddable":true,"href":"https:\/\/www.europesays.com\/fi\/wp-json\/wp\/v2\/media\/108948"}],"wp:attachment":[{"href":"https:\/\/www.europesays.com\/fi\/wp-json\/wp\/v2\/media?parent=108947"}],"wp:term":[{"taxonomy":"category","embeddable":true,"href":"https:\/\/www.europesays.com\/fi\/wp-json\/wp\/v2\/categories?post=108947"},{"taxonomy":"post_tag","embeddable":true,"href":"https:\/\/www.europesays.com\/fi\/wp-json\/wp\/v2\/tags?post=108947"}],"curies":[{"name":"wp","href":"https:\/\/api.w.org\/{rel}","templated":true}]}}