{"id":108950,"date":"2025-12-06T03:44:10","date_gmt":"2025-12-06T03:44:10","guid":{"rendered":"https:\/\/www.europesays.com\/fi\/108950\/"},"modified":"2025-12-06T03:44:10","modified_gmt":"2025-12-06T03:44:10","slug":"marinin-upeita-kuvia","status":"publish","type":"post","link":"https:\/\/www.europesays.com\/fi\/108950\/","title":{"rendered":"Marinin upeita kuvia"},"content":{"rendered":"<p>Suomen entinen p\u00e4\u00e4ministeri <strong>Sanna Marin<\/strong> on n\u00e4ytt\u00e4v\u00e4n n\u00e4k\u00f6inen nainen. H\u00e4nest\u00e4 saa upeita kuvia, joita p\u00e4\u00e4st\u00e4\u00e4n ihailemaan nyt my\u00f6s Gloria-lehden tuoreimmassa painoksessa. Kuvia on esill\u00e4 my\u00f6s Marinin tuoreimmassa somejulkaisussa.<\/p>\n<p>\u2013 Haastatteluni ja kotimaista muotia joulukuun @gloriamagazine -lehdess\u00e4, kirjoittaa Marin.<\/p>\n<p>Lue my\u00f6s: <a href=\"https:\/\/www.como.fi\/uutiset\/yle-sanna-marinin-piinaustapauksessa-kaanne\/\" title=\"Yle: Sanna Marinin piinaustapauksessa k\u00e4\u00e4nne\" class=\"underline-custom !font-montserrat !font-bold !underline-offset-4 !decoration-4 !decoration-red-600 !text-md\" rel=\"nofollow noopener\" target=\"_blank\">Yle: Sanna Marinin piinaustapauksessa k\u00e4\u00e4nne<\/a><\/p>\n<p>Upeat kuvat ovat saaneet tietysti paljon tykk\u00e4yksi\u00e4 ja syd\u00e4mi\u00e4kin on sadellut. Moni kehuu Marinia upeaksi ja kauniiksi.<\/p>\n<p>\u2013 Aina niin upea Sanna. Kiitos ett\u00e4 sain olla osana tiimi\u00e4, kirjoittaa kuvauksissa mukana ollut.<\/p>\n<p>\u2013 Herranjestas kuin upea! toteaa joku Marinin kuvista.<\/p>\n<p>Marin on pukeutunut kuvissa joko valkoiseen, mustaan tai punaiseen.<\/p>\n<p>\u2013 Joulukuun Gloria on nyt ilmestynyt! Uudesta numerosta l\u00f6yd\u00e4t Sanna Marinin upeat muotikuvat ja vuoden parhaat kauneustuotteet, kerrotaan lehden omalla sometilill\u00e4 tuoreimmasta painoksesta.<\/p>\n<p>Jos upotus ei n\u00e4y, avaa se auki <a href=\"https:\/\/www.instagram.com\/p\/DR2XoauDXg1\/?utm_source=ig_web_copy_link&amp;igsh=MzRlODBiNWFlZA==\" target=\"_blank\" rel=\"noreferrer noopener nofollow\">t\u00e4st\u00e4<\/a>.<\/p>\n<p>Lue my\u00f6s: <a href=\"https:\/\/www.como.fi\/tilaa-comon-uutiskirje\/\" title=\"Tilaa Comon uutiskirje ja tied\u00e4t mist\u00e4 kahvitauolla puhutaan! Nappaa kotimaan tv-vinkit ja puheenaiheet suoraan s\u00e4hk\u00f6postiin t\u00e4st\u00e4.\" class=\"underline-custom !font-montserrat !font-bold !underline-offset-4 !decoration-4 !decoration-red-600 !text-md\" rel=\"nofollow noopener\" target=\"_blank\">Tilaa Comon uutiskirje ja tied\u00e4t mist\u00e4 kahvitauolla puhutaan! Nappaa kotimaan tv-vinkit ja puheenaiheet suoraan s\u00e4hk\u00f6postiin t\u00e4st\u00e4.<\/a><\/p>\n<p>\t\t\t<script async src=\"\/\/www.instagram.com\/embed.js\"><\/script><\/p>\n","protected":false},"excerpt":{"rendered":"Suomen entinen p\u00e4\u00e4ministeri Sanna Marin on n\u00e4ytt\u00e4v\u00e4n n\u00e4k\u00f6inen nainen. H\u00e4nest\u00e4 saa upeita kuvia, joita p\u00e4\u00e4st\u00e4\u00e4n ihailemaan nyt my\u00f6s&hellip;\n","protected":false},"author":2,"featured_media":108951,"comment_status":"","ping_status":"","sticky":false,"template":"","format":"standard","meta":{"footnotes":""},"categories":[136],"tags":[407,137,33,31,30,408,2799,32,109],"class_list":{"0":"post-108950","1":"post","2":"type-post","3":"status-publish","4":"format-standard","5":"has-post-thumbnail","7":"category-julkkikset","8":"tag-celebrities","9":"tag-entertainment","10":"tag-fi","11":"tag-finland","12":"tag-finnish","13":"tag-julkkikset","14":"tag-sanna-marin","15":"tag-suomi","16":"tag-viihde"},"share_on_mastodon":{"url":"https:\/\/pubeurope.com\/@fi\/115670565697338025","error":""},"_links":{"self":[{"href":"https:\/\/www.europesays.com\/fi\/wp-json\/wp\/v2\/posts\/108950","targetHints":{"allow":["GET"]}}],"collection":[{"href":"https:\/\/www.europesays.com\/fi\/wp-json\/wp\/v2\/posts"}],"about":[{"href":"https:\/\/www.europesays.com\/fi\/wp-json\/wp\/v2\/types\/post"}],"author":[{"embeddable":true,"href":"https:\/\/www.europesays.com\/fi\/wp-json\/wp\/v2\/users\/2"}],"replies":[{"embeddable":true,"href":"https:\/\/www.europesays.com\/fi\/wp-json\/wp\/v2\/comments?post=108950"}],"version-history":[{"count":0,"href":"https:\/\/www.europesays.com\/fi\/wp-json\/wp\/v2\/posts\/108950\/revisions"}],"wp:featuredmedia":[{"embeddable":true,"href":"https:\/\/www.europesays.com\/fi\/wp-json\/wp\/v2\/media\/108951"}],"wp:attachment":[{"href":"https:\/\/www.europesays.com\/fi\/wp-json\/wp\/v2\/media?parent=108950"}],"wp:term":[{"taxonomy":"category","embeddable":true,"href":"https:\/\/www.europesays.com\/fi\/wp-json\/wp\/v2\/categories?post=108950"},{"taxonomy":"post_tag","embeddable":true,"href":"https:\/\/www.europesays.com\/fi\/wp-json\/wp\/v2\/tags?post=108950"}],"curies":[{"name":"wp","href":"https:\/\/api.w.org\/{rel}","templated":true}]}}