{"id":108956,"date":"2025-12-06T03:56:15","date_gmt":"2025-12-06T03:56:15","guid":{"rendered":"https:\/\/www.europesays.com\/fi\/108956\/"},"modified":"2025-12-06T03:56:15","modified_gmt":"2025-12-06T03:56:15","slug":"saksan-merz-matkustaa-brysseliin-neuvottelemaan-venajan-jaadytetyista-varoista","status":"publish","type":"post","link":"https:\/\/www.europesays.com\/fi\/108956\/","title":{"rendered":"Saksan Merz matkustaa Brysseliin neuvottelemaan Ven\u00e4j\u00e4n j\u00e4\u00e4dytetyist\u00e4 varoista"},"content":{"rendered":"<p>T\u00e4m\u00e4 tiedet\u00e4\u00e4n|Saksan liittokansleri Friedrich Merz keskustelee perjantaina EU:n suunnitelmasta, jonka mukaan Ven\u00e4j\u00e4n j\u00e4\u00e4dytettyj\u00e4 varoja k\u00e4ytett\u00e4isiin Ukrainan tukemiseen.<\/p>\n<p>5.12. 6:22<\/p>\n<p class=\"article-body mb-nof-24 px-nof-16\">Ty\u00f6 ratkaisun l\u00f6yt\u00e4miseksi Ukrainan sotaan jatkuu. T\u00e4ss\u00e4 kooste t\u00e4m\u00e4nhetkisest\u00e4 tilanteesta.<\/p>\n<p>Merz matkustaa Belgiaan puhumaan Ven\u00e4j\u00e4n j\u00e4\u00e4dytetyist\u00e4 varoista<\/p>\n<p class=\"article-body mb-nof-24 px-nof-16\">Saksan liittokansleri <a class=\"article-personlink\" href=\"https:\/\/www.hs.fi\/haku\/?query=Friedrich%20Merz\" rel=\"nofollow noopener\" target=\"_blank\">Friedrich Merz<\/a> matkustaa perjantaina Brysseliin Belgiaan keskustelemaan Euroopan unionin suunnitelmasta, jonka mukaan Ven\u00e4j\u00e4n j\u00e4\u00e4dytettyj\u00e4 varoja k\u00e4ytett\u00e4isiin Ukrainan tukemiseen.<\/p>\n<p class=\"article-body mb-nof-24 px-nof-16\">Belgian p\u00e4\u00e4ministeri <a class=\"article-personlink\" href=\"https:\/\/www.hs.fi\/haku\/?query=Bart%20De%20Wever\" rel=\"nofollow noopener\" target=\"_blank\">Bart De Wever<\/a> sanoo odottavansa \u201dhedelm\u00e4llist\u00e4 keskustelua\u201d, kertoo uutistoimisto Reuters.<\/p>\n<p class=\"article-body mb-nof-24 px-nof-16\">Euroopan komissio on ehdottanut j\u00e4rjestely\u00e4, jossa Ukrainalle annettaisiin sotakorvauslaina j\u00e4\u00e4dytetyist\u00e4 ven\u00e4l\u00e4isvaroista. Belgia kuitenkin pit\u00e4\u00e4 j\u00e4rjestely\u00e4 ongelmallisena, koska valtaosa varoista on Belgiassa sijaitsevassa Euroclear-arvopaperikeskuksessa, ja niiden k\u00e4yt\u00f6st\u00e4 saattaa Belgian mielest\u00e4 koitua sille tulevaisuudessa seuraamuksia.<\/p>\n<p class=\"article-body mb-nof-24 px-nof-16\">Merz on tukenut komission suunnitelmaa, mutta sanonut, ett\u00e4 riskit mahdollisista seuraamuksista tulisi jakaa kaikkien EU-maiden kesken, kertoo Reuters.<\/p>\n<p>Trumpin neuvottelijat tapasivat Ukrainan edustajia<\/p>\n<p class=\"article-body mb-nof-24 px-nof-16\">Rauhansuunnitelmaa k\u00e4til\u00f6iv\u00e4n Yhdysvaltojen presidentin <a class=\"article-personlink\" href=\"https:\/\/www.hs.fi\/haku\/?query=Donald%20Trumpin\" rel=\"nofollow noopener\" target=\"_blank\">Donald Trumpin <\/a>erityisl\u00e4hettil\u00e4\u00e4n <a class=\"article-personlink\" href=\"https:\/\/www.hs.fi\/haku\/?query=Steve%20Witkoffin\" rel=\"nofollow noopener\" target=\"_blank\">Steve Witkoffin<\/a> ja presidentin v\u00e4vyn <a class=\"article-personlink\" href=\"https:\/\/www.hs.fi\/haku\/?query=Jared%20Kushnerin\" rel=\"nofollow noopener\" target=\"_blank\">Jared Kushnerin<\/a> oli m\u00e4\u00e4r\u00e4 tavata Ukrainan edustajia Miamissa torstaina.<\/p>\n<p class=\"article-body mb-nof-24 px-nof-16\">Tapaamisen sis\u00e4ll\u00f6st\u00e4 ei ole kantautunut merkitt\u00e4vi\u00e4 uutisia. Ukrainan presidentin <a class=\"article-personlink\" href=\"https:\/\/www.hs.fi\/haku\/?query=Volodymyr%20Zelenskyin\" rel=\"nofollow noopener\" target=\"_blank\">Volodymyr Zelenskyin<\/a> mukaan Ukrainan p\u00e4\u00e4tavoite keskusteluissa oli saada mahdollisimman tarkkaan selville, mit\u00e4 puhuttiin Witkoffin ja Kushnerin tapaamisessa Ven\u00e4j\u00e4n johtajan <a class=\"article-personlink\" href=\"https:\/\/www.hs.fi\/haku\/?query=Vladimir%20Putinin\" rel=\"nofollow noopener\" target=\"_blank\">Vladimir Putinin<\/a> kanssa Moskovassa t\u00e4ll\u00e4 viikolla.<\/p>\n<p class=\"article-body mb-nof-24 px-nof-16\">Zelenskyi mainitsi asiasta torstai-illan televisiopuheessaan ja viestipalvelu <a class=\"article-genericlink\" href=\"https:\/\/x.com\/ZelenskyyUa\/status\/1996672072508989761\" rel=\"nofollow\">X:ss\u00e4<\/a>. Ukraina on valmis kaikkiin mahdollisiin kehityskulkuihin, h\u00e4n ilmoitti.<\/p>\n<p>Putin ilmoitti haluavansa Donbasin<\/p>\n<p class=\"article-body mb-nof-24 px-nof-16\">Intiassa vieraileva Vladimir Putin antoi laajan haastattelun intialaiselle medialle. Se julkaistiin torstaina. Haastattelussa Putin ilmoitti, ett\u00e4 Ven\u00e4j\u00e4 aikoo ottaa Donbasin alueen It\u00e4-Ukrainassa haltuunsa vaikka v\u00e4kisin.<\/p>\n<p class=\"article-body mb-nof-24 px-nof-16\">\u201dKaikessa t\u00e4ss\u00e4 on loppujen lopuksi kyse yhdest\u00e4 asiasta. Joko me vapautamme n\u00e4m\u00e4 alueet aseiden voimalla tai Ukrainan joukot poistuvat n\u00e4ilt\u00e4 alueilta\u201d, Putin sanoi India Today -lehden julkaisemassa <a class=\"article-genericlink\" href=\"https:\/\/www.indiatoday.in\/india\/video\/watch-vladimir-putins-full-interview-with-india-today-a-world-exclusive-2830972-2025-12-04\" rel=\"nofollow noopener\" target=\"_blank\">haastattelussa<\/a>.<\/p>\n<p class=\"article-body mb-nof-24 px-nof-16\">Ukraina on toistuvasti ilmoittanut, ettei se suostu luovuttamaan Ven\u00e4j\u00e4lle alueita, joita Ven\u00e4j\u00e4 ei ole vallannut. Ven\u00e4j\u00e4 on saanut hallintaansa vain osan Donbasista.<\/p>\n","protected":false},"excerpt":{"rendered":"T\u00e4m\u00e4 tiedet\u00e4\u00e4n|Saksan liittokansleri Friedrich Merz keskustelee perjantaina EU:n suunnitelmasta, jonka mukaan Ven\u00e4j\u00e4n j\u00e4\u00e4dytettyj\u00e4 varoja k\u00e4ytett\u00e4isiin Ukrainan tukemiseen. 5.12.&hellip;\n","protected":false},"author":2,"featured_media":108957,"comment_status":"","ping_status":"","sticky":false,"template":"","format":"standard","meta":{"footnotes":""},"categories":[14],"tags":[22,23,26,27,33,31,30,17,46,24,25,28,29,15,18,21,32,19,20,56,16,59,60,61],"class_list":{"0":"post-108956","1":"post","2":"type-post","3":"status-publish","4":"format-standard","5":"has-post-thumbnail","7":"category-ulkomaat","8":"tag-breaking-news","9":"tag-breakingnews","10":"tag-featured-news","11":"tag-featurednews","12":"tag-fi","13":"tag-finland","14":"tag-finnish","15":"tag-headlines","16":"tag-helsingin-sanomat","17":"tag-latest-news","18":"tag-latestnews","19":"tag-main-news","20":"tag-mainnews","21":"tag-news","22":"tag-otsikot","23":"tag-paauutiset","24":"tag-suomi","25":"tag-top-stories","26":"tag-topstories","27":"tag-ulkomaat","28":"tag-uutiset","29":"tag-world","30":"tag-world-news","31":"tag-worldnews"},"share_on_mastodon":{"url":"https:\/\/pubeurope.com\/@fi\/115670613023595385","error":""},"_links":{"self":[{"href":"https:\/\/www.europesays.com\/fi\/wp-json\/wp\/v2\/posts\/108956","targetHints":{"allow":["GET"]}}],"collection":[{"href":"https:\/\/www.europesays.com\/fi\/wp-json\/wp\/v2\/posts"}],"about":[{"href":"https:\/\/www.europesays.com\/fi\/wp-json\/wp\/v2\/types\/post"}],"author":[{"embeddable":true,"href":"https:\/\/www.europesays.com\/fi\/wp-json\/wp\/v2\/users\/2"}],"replies":[{"embeddable":true,"href":"https:\/\/www.europesays.com\/fi\/wp-json\/wp\/v2\/comments?post=108956"}],"version-history":[{"count":0,"href":"https:\/\/www.europesays.com\/fi\/wp-json\/wp\/v2\/posts\/108956\/revisions"}],"wp:featuredmedia":[{"embeddable":true,"href":"https:\/\/www.europesays.com\/fi\/wp-json\/wp\/v2\/media\/108957"}],"wp:attachment":[{"href":"https:\/\/www.europesays.com\/fi\/wp-json\/wp\/v2\/media?parent=108956"}],"wp:term":[{"taxonomy":"category","embeddable":true,"href":"https:\/\/www.europesays.com\/fi\/wp-json\/wp\/v2\/categories?post=108956"},{"taxonomy":"post_tag","embeddable":true,"href":"https:\/\/www.europesays.com\/fi\/wp-json\/wp\/v2\/tags?post=108956"}],"curies":[{"name":"wp","href":"https:\/\/api.w.org\/{rel}","templated":true}]}}