{"id":108991,"date":"2025-12-06T05:14:07","date_gmt":"2025-12-06T05:14:07","guid":{"rendered":"https:\/\/www.europesays.com\/fi\/108991\/"},"modified":"2025-12-06T05:14:07","modified_gmt":"2025-12-06T05:14:07","slug":"usan-korkein-oikeus-arvioi-trumpin-maarayksen-syntymakansalaisuudesta-uutisia-lyhyesti","status":"publish","type":"post","link":"https:\/\/www.europesays.com\/fi\/108991\/","title":{"rendered":"USA:n korkein oikeus arvioi Trumpin m\u00e4\u00e4r\u00e4yksen syntym\u00e4kansalaisuudesta | Uutisia lyhyesti"},"content":{"rendered":"<p class=\"aw-1gybjub aw-5vja16 kEtdKx kmuxyA yle__article__paragraph\">Trumpin m\u00e4\u00e4r\u00e4yksen mukaan Yhdysvalloissa syntyneet lapset eiv\u00e4t en\u00e4\u00e4 automaattisesti saisi kansalaisuutta, mik\u00e4li heid\u00e4n vanhempansa ovat maassa laittomasti.<\/p>\n<p><img decoding=\"async\" alt=\"Donald Trump muikistaa huuliaan ja katsoo yl\u00e4viistoon sinisen sein\u00e4m\u00e4n edess\u00e4.\" src=\"https:\/\/www.europesays.com\/fi\/wp-content\/uploads\/2025\/12\/1764998047_621_39-15650546932dbdf93450.jpeg\" class=\"aw-1l9m598 hKVVvP\"\/><\/p>\n<p>Avaa kuvien katselu<\/p>\n<p>Yhdysvaltain presidentti Donald Trump allekirjoitti heti virkakautensa alussa p\u00e4\u00e4t\u00f6ksen, jolla kumottiin laittomasti maassa olleiden ihmisten lasten kansalaisuusoikeus. Kuva: Anderw Caballero-Reynolds \/ AFP<\/p>\n<p class=\"aw-1gybjub aw-1p7kakr kEtdKx cEmitX yle__article__paragraph\">Yhdysvaltain korkein oikeus on p\u00e4\u00e4tt\u00e4nyt ottaa k\u00e4sittelyyn presidentti <strong class=\"aw-ak79eh KyCXm yle__article__strong\">Donald Trumpin<\/strong> m\u00e4\u00e4r\u00e4yksen, jolla pyrit\u00e4\u00e4n rajoittamaan syntym\u00e4oikeuteen perustuvaa kansalaisuutta Yhdysvalloissa.<\/p>\n<p class=\"aw-1gybjub aw-1p7kakr kEtdKx cEmitX yle__article__paragraph\">Trump allekirjoitti tammikuussa m\u00e4\u00e4r\u00e4yksen, jolla syntym\u00e4oikeuden mukainen kansalaisuus ev\u00e4tt\u00e4isiin niilt\u00e4, joiden vanhemmat ovat maassa laittomasti. Lukuista alemmat oikeusasteet estiv\u00e4t m\u00e4\u00e4r\u00e4yksen toimeenpanon.<\/p>\n<p class=\"aw-1gybjub aw-1p7kakr kEtdKx cEmitX yle__article__paragraph\">Yhdysvaltain perustuslain 14. lis\u00e4ys m\u00e4\u00e4r\u00e4\u00e4, ett\u00e4 jokainen Yhdysvaltain maaper\u00e4ll\u00e4 syntynyt on maan kansalainen.<\/p>\n<p class=\"aw-1gybjub aw-1p7kakr kEtdKx cEmitX yle__article__paragraph\">Syntym\u00e4oikeuteen perustuvan kansalaisuuden kumoaminen on ollut osa Trumpin tiukkaa maahanmuuttopolitiikkaa.<\/p>\n<p class=\"aw-1gybjub aw-1p7kakr kEtdKx cEmitX yle__article__paragraph\">Korkeimman oikeuden k\u00e4sittelylle ei ole viel\u00e4 asetettu p\u00e4iv\u00e4m\u00e4\u00e4r\u00e4\u00e4, ja p\u00e4\u00e4t\u00f6st\u00e4 asiasta odotetaan vasta kuukausien p\u00e4\u00e4st\u00e4.<\/p>\n<p class=\"aw-1gybjub aw-1p7kakr kEtdKx cEmitX yle__article__paragraph\">L\u00e4hteet: Reuters, AFP<\/p>\n","protected":false},"excerpt":{"rendered":"Trumpin m\u00e4\u00e4r\u00e4yksen mukaan Yhdysvalloissa syntyneet lapset eiv\u00e4t en\u00e4\u00e4 automaattisesti saisi kansalaisuutta, mik\u00e4li heid\u00e4n vanhempansa ovat maassa laittomasti. Avaa&hellip;\n","protected":false},"author":2,"featured_media":108511,"comment_status":"","ping_status":"","sticky":false,"template":"","format":"standard","meta":{"footnotes":""},"categories":[14],"tags":[22,23,26,27,33,31,30,17,24,25,28,29,15,18,21,32,19,20,56,16,59,60,61,619,20416],"class_list":{"0":"post-108991","1":"post","2":"type-post","3":"status-publish","4":"format-standard","5":"has-post-thumbnail","7":"category-ulkomaat","8":"tag-breaking-news","9":"tag-breakingnews","10":"tag-featured-news","11":"tag-featurednews","12":"tag-fi","13":"tag-finland","14":"tag-finnish","15":"tag-headlines","16":"tag-latest-news","17":"tag-latestnews","18":"tag-main-news","19":"tag-mainnews","20":"tag-news","21":"tag-otsikot","22":"tag-paauutiset","23":"tag-suomi","24":"tag-top-stories","25":"tag-topstories","26":"tag-ulkomaat","27":"tag-uutiset","28":"tag-world","29":"tag-world-news","30":"tag-worldnews","31":"tag-yhdysvallat","32":"tag-yhdysvaltain-perustuslain-14-lisays"},"share_on_mastodon":{"url":"https:\/\/pubeurope.com\/@fi\/115670919980193598","error":""},"_links":{"self":[{"href":"https:\/\/www.europesays.com\/fi\/wp-json\/wp\/v2\/posts\/108991","targetHints":{"allow":["GET"]}}],"collection":[{"href":"https:\/\/www.europesays.com\/fi\/wp-json\/wp\/v2\/posts"}],"about":[{"href":"https:\/\/www.europesays.com\/fi\/wp-json\/wp\/v2\/types\/post"}],"author":[{"embeddable":true,"href":"https:\/\/www.europesays.com\/fi\/wp-json\/wp\/v2\/users\/2"}],"replies":[{"embeddable":true,"href":"https:\/\/www.europesays.com\/fi\/wp-json\/wp\/v2\/comments?post=108991"}],"version-history":[{"count":0,"href":"https:\/\/www.europesays.com\/fi\/wp-json\/wp\/v2\/posts\/108991\/revisions"}],"wp:featuredmedia":[{"embeddable":true,"href":"https:\/\/www.europesays.com\/fi\/wp-json\/wp\/v2\/media\/108511"}],"wp:attachment":[{"href":"https:\/\/www.europesays.com\/fi\/wp-json\/wp\/v2\/media?parent=108991"}],"wp:term":[{"taxonomy":"category","embeddable":true,"href":"https:\/\/www.europesays.com\/fi\/wp-json\/wp\/v2\/categories?post=108991"},{"taxonomy":"post_tag","embeddable":true,"href":"https:\/\/www.europesays.com\/fi\/wp-json\/wp\/v2\/tags?post=108991"}],"curies":[{"name":"wp","href":"https:\/\/api.w.org\/{rel}","templated":true}]}}