{"id":108996,"date":"2025-12-06T05:28:08","date_gmt":"2025-12-06T05:28:08","guid":{"rendered":"https:\/\/www.europesays.com\/fi\/108996\/"},"modified":"2025-12-06T05:28:08","modified_gmt":"2025-12-06T05:28:08","slug":"sometahti-ja-maanviljelija-anne-mari-tarkkio-kertoo-seiskalle-miellyttavasta-yllatyskohtaamisesta-maaseudulla","status":"publish","type":"post","link":"https:\/\/www.europesays.com\/fi\/108996\/","title":{"rendered":"Somet\u00e4hti ja maanviljelij\u00e4 Anne-Mari Tarkkio kertoo Seiskalle miellytt\u00e4v\u00e4st\u00e4 yll\u00e4tyskohtaamisesta maaseudulla"},"content":{"rendered":"<p>            Atte Kajova\n        <\/p>\n<p class=\"subtitle \">\u2013 K\u00e4vi semmoinen \u00e4\u00e4ret\u00f6n tuuri, Anne-Mari Tarkkio eli Amskidabamski kertoo Seiskalle.<\/p>\n<p class=\"article-content article-content-width !bg-background\">Seiska raportoi maatilayritt\u00e4j\u00e4 ja somet\u00e4hti , 31, huimasta esiintymisest\u00e4 muotin\u00e4yt\u00f6ksess\u00e4.<\/p>\n<p class=\"font-weight-bold m-font-weight-bold article-content article-content-width !bg-background\">Arkistovideolla Seiskan reportteri hommissa Amskin maatilalla:<\/p>\n<p class=\"article-content article-content-width !bg-background\">Sosiaalisen median sy\u00f6vereiss\u00e4 Amskidabamskina tunnettu maatilallinen osallistui Lotta Sv\u00e4rd S\u00e4\u00e4ti\u00f6n Lupaus-korusarjan lanseeraustilaisuuteen.<\/p>\n<p class=\"article-content article-content-width !bg-background\">Ammattimallia muistuttaneesta Anne-Marista ei olisi mill\u00e4\u00e4n uskonut, ett\u00e4 t\u00e4m\u00e4 huhkii p\u00e4iv\u00e4t\u00f6ikseen maatilalla huomioliiveiss\u00e4 ja turvakengiss\u00e4.<\/p>\n<p class=\"article-content article-content-width !bg-background\">\u2013 T\u00e4ss\u00e4 tuli ihan sellainen fiilis, kuin olisi ollut Victoria\u2019s Secretin muotin\u00e4yt\u00f6ksess\u00e4, h\u00e4n fiilisteli Seiskalle.<\/p>\n<p>                <img decoding=\"async\" src=\"https:\/\/www.europesays.com\/fi\/wp-content\/uploads\/2025\/12\/2009284.webp\" width=\"576\" height=\"720\" alt=\"Anne-Mari Tarkkio vaihtoi maatilan haalarit tummaan juhla-asuun Lotta Sv\u00e4rd S\u00e4\u00e4ti\u00f6n muotin\u00e4yt\u00f6ksess\u00e4.\" loading=\"lazy\" \/>            <\/p>\n<p>\n            Anne-Mari Tarkkio vaihtoi maatilan haalarit tummaan juhla-asuun Lotta Sv\u00e4rd S\u00e4\u00e4ti\u00f6n muotin\u00e4yt\u00f6ksess\u00e4.<br \/>\n            Timo Korhonen\n        <\/p>\n<p>Traktori teki ten\u00e4t<\/p>\n<p class=\"article-content article-content-width !bg-background\">Vain joitakin p\u00e4ivi\u00e4 ennen satumaisen s\u00e4ken\u00f6iv\u00e4\u00e4 muotin\u00e4yt\u00f6st\u00e4 Satakunnan korvessa koettiin kuumottavia hetki\u00e4.<\/p>\n<p class=\"article-content article-content-width !bg-background\">Anne-Mari paljastaa Seiskalle traktorinsa j\u00e4tt\u00e4neen h\u00e4net tien p\u00e4\u00e4lle.<\/p>\n<p>\n            J\u00e4in tienposkeen ison hein\u00e4kuorman kanssa keskelle tiet\u00e4.\n            <\/p>\n<p class=\"article-content article-content-width !bg-background\">\u2013 Mullahan k\u00e4vi tosiaan sill\u00e4 lailla, ett\u00e4 kun olin viem\u00e4ss\u00e4 asiakkaalle heini\u00e4, niin traktori meinasi keitt\u00e4\u00e4 kesken kaiken.<\/p>\n<p class=\"article-content article-content-width !bg-background\">Maalaiskaunotar sai selville, ett\u00e4 tuulettimen remmi oli katkennut.<\/p>\n<p class=\"article-content article-content-width !bg-background\">\u2013 J\u00e4in sitten siihen tienposkeen ison hein\u00e4kuorman kanssa keskelle tiet\u00e4.<\/p>\n<p>Miellytt\u00e4v\u00e4 kohtaaminen<\/p>\n<p class=\"article-content article-content-width !bg-background\">Onnekseen suositun somet\u00e4hden ei tarvinnut k\u00e4rvistell\u00e4 kauaa jorpakossa hein\u00e4kuormansa kanssa.<\/p>\n<p>\n            Sill\u00e4 oli kuule mukana ty\u00f6kalupakit ja kaikki!\n            <\/p>\n<p class=\"article-content article-content-width !bg-background\">\u2013 K\u00e4vi semmoinen \u00e4\u00e4ret\u00f6n tuuri, ett\u00e4 ensimm\u00e4inen ohi ajanut auto kuului saman alan ihmiselle.<\/p>\n<p class=\"article-content article-content-width !bg-background\"> \u2013 Sill\u00e4 oli kuule mukana ty\u00f6kalupakit ja kaikki! Anne-Mari ihmettelee.<\/p>\n<p>Uutta remmi\u00e4 koneeseen<\/p>\n<p class=\"article-content article-content-width !bg-background\">Anne-Mari kiittelee vuolaasti salskeaa avunantajaansa, sill\u00e4 h\u00e4nen avullaan p\u00e4iv\u00e4 ei mennyt pilalle.<\/p>\n<p class=\"article-content article-content-width !bg-background\">\u2013 P\u00e4\u00e4sin ajoissa asiakkaalle ja sen j\u00e4lkeen kotiakin.<\/p>\n<p class=\"article-content article-content-width !bg-background\">\u2013 Ja nyt mulla on siell\u00e4 sitten odottamassa uusi remmi, jonka vaihdan heti kun p\u00e4\u00e4sen t\u00e4\u00e4lt\u00e4 muotin\u00e4yt\u00f6ksest\u00e4 kotiin.<\/p>\n<p>        <a itemprop=\"url\" href=\"https:\/\/www.seiska.fi\/kotimaa\/maanviljelijatahti-anne-mari-tarkkio-napayttaa-petteri-orpoa-ilman-ruokaa-ei-oo-laakarilla-potilasta\/106003\" rel=\"nofollow noopener\" target=\"_blank\"><\/p>\n<p class=\"section-date\">\n        <strong class=\"article-section\" data-section=\"kotimaa\"><br \/>\n            kotimaa<br \/>\n        <\/strong><br \/>\n        4.5.2023 16:00\n    <\/p>\n<p>Maanviljelij\u00e4t\u00e4hti Anne-Mari Tarkkio n\u00e4p\u00e4ytt\u00e4\u00e4 Petteri Orpoa: &#8221;Ilman ruokaa ei oo l\u00e4\u00e4k\u00e4rill\u00e4 potilasta&#8221;\n    <\/p>\n<p>        <\/a><\/p>\n","protected":false},"excerpt":{"rendered":"Atte Kajova \u2013 K\u00e4vi semmoinen \u00e4\u00e4ret\u00f6n tuuri, Anne-Mari Tarkkio eli Amskidabamski kertoo Seiskalle. Seiska raportoi maatilayritt\u00e4j\u00e4 ja somet\u00e4hti&hellip;\n","protected":false},"author":2,"featured_media":108997,"comment_status":"","ping_status":"","sticky":false,"template":"","format":"standard","meta":{"footnotes":""},"categories":[136],"tags":[20418,20417,2756,407,137,33,31,30,408,11122,212,19939,19937,10579,441,14879,7696,32,7812,109],"class_list":{"0":"post-108996","1":"post","2":"type-post","3":"status-publish","4":"format-standard","5":"has-post-thumbnail","7":"category-julkkikset","8":"tag-amski","9":"tag-amskidabamski","10":"tag-anne-mari-tarkkio","11":"tag-celebrities","12":"tag-entertainment","13":"tag-fi","14":"tag-finland","15":"tag-finnish","16":"tag-julkkikset","17":"tag-kohtaaminen","18":"tag-lifestyle","19":"tag-lotta-svard-saatio","20":"tag-maanviljelija","21":"tag-maanviljely","22":"tag-maaseutu","23":"tag-muotinaytos","24":"tag-sometahti","25":"tag-suomi","26":"tag-traktori","27":"tag-viihde"},"share_on_mastodon":{"url":"https:\/\/pubeurope.com\/@fi\/115670974885402420","error":""},"_links":{"self":[{"href":"https:\/\/www.europesays.com\/fi\/wp-json\/wp\/v2\/posts\/108996","targetHints":{"allow":["GET"]}}],"collection":[{"href":"https:\/\/www.europesays.com\/fi\/wp-json\/wp\/v2\/posts"}],"about":[{"href":"https:\/\/www.europesays.com\/fi\/wp-json\/wp\/v2\/types\/post"}],"author":[{"embeddable":true,"href":"https:\/\/www.europesays.com\/fi\/wp-json\/wp\/v2\/users\/2"}],"replies":[{"embeddable":true,"href":"https:\/\/www.europesays.com\/fi\/wp-json\/wp\/v2\/comments?post=108996"}],"version-history":[{"count":0,"href":"https:\/\/www.europesays.com\/fi\/wp-json\/wp\/v2\/posts\/108996\/revisions"}],"wp:featuredmedia":[{"embeddable":true,"href":"https:\/\/www.europesays.com\/fi\/wp-json\/wp\/v2\/media\/108997"}],"wp:attachment":[{"href":"https:\/\/www.europesays.com\/fi\/wp-json\/wp\/v2\/media?parent=108996"}],"wp:term":[{"taxonomy":"category","embeddable":true,"href":"https:\/\/www.europesays.com\/fi\/wp-json\/wp\/v2\/categories?post=108996"},{"taxonomy":"post_tag","embeddable":true,"href":"https:\/\/www.europesays.com\/fi\/wp-json\/wp\/v2\/tags?post=108996"}],"curies":[{"name":"wp","href":"https:\/\/api.w.org\/{rel}","templated":true}]}}