{"id":109000,"date":"2025-12-06T05:36:10","date_gmt":"2025-12-06T05:36:10","guid":{"rendered":"https:\/\/www.europesays.com\/fi\/109000\/"},"modified":"2025-12-06T05:36:10","modified_gmt":"2025-12-06T05:36:10","slug":"janiksen-vuosi-kuuluu-parhaimpiin-kotimaisiin-elokuviin","status":"publish","type":"post","link":"https:\/\/www.europesays.com\/fi\/109000\/","title":{"rendered":"J\u00e4niksen vuosi kuuluu parhaimpiin kotimaisiin elokuviin"},"content":{"rendered":"<p>\n  Antti Litja tekee erinomaisen roolisuorituksen oravanpy\u00f6r\u00e4st\u00e4 hypp\u00e4\u00e4v\u00e4n\u00e4 mainosmies Vatasena.<\/p>\n<p>\n            Teksti:          <\/p>\n<p>\n            Henri Waltter Rehnstr\u00f6m          <\/p>\n<p>Tarina j\u00e4niksen kanssa mets\u00e4\u00e4n karkaavasta miehest\u00e4 kuuluu suomalaisen elokuvan top teniin. <strong>Risto Jarva <\/strong>yhdisti komediassaan alku-uransa yhteiskunnalliset otteet. Kulutusyhteiskunnan ja luontoarvojen rinnastuksilla pelaava elokuva on yh\u00e4 ajankohtainen.<\/p>\n<p>Jarvan ohjaus on syv\u00e4llisempi kuin <strong>Arto Paasilinnan<\/strong> alkuper\u00e4isteos. Omat lis\u00e4ns\u00e4 tarinan vaikuttavuuteen tuovat Suomen <strong>Nino Rotan<\/strong> eli <strong>Markku Kopiston<\/strong> melodiset s\u00e4velet ja <strong>Antti Peipon<\/strong> monitasoinen kuvaus.<\/p>\n<p><strong>Antti Litja<\/strong> (1938\u20132022) tekee elokuvassa yhden parhaista kotimaisista p\u00e4\u00e4osista. H\u00e4n on oravanpy\u00f6r\u00e4ns\u00e4 polkemiseen kyll\u00e4stynyt mainosmies Vatanen. V\u00e4h\u00e4eleiseen ilmaisuun luottavaa Litjaa on joissain yhteyksiss\u00e4 pidetty ensimm\u00e4isen\u00e4 suomalaisena elokuvan\u00e4yttelij\u00e4n\u00e4. <\/p>\n<p>Eik\u00e4 v\u00e4ite ole tuulesta temmattu. Litjan elokuva- ja tv-roolien skaala oli laaja ja h\u00e4n oli uskottava niin Mannerheimina (Presidentit), kirkonkyl\u00e4n taksikuskina (Rintam\u00e4kel\u00e4iset), kansanmiehen\u00e4 (Mielens\u00e4pahoittaja), rikospoliisina (J\u00e4\u00e4hyv\u00e4iset presidentille) kuin raiskaajana (Lain ulkopuolella).<\/p>\n<p>\u272a\u272a\u272a\u272a\u272a<\/p>\n<p>J\u00e4niksen vuosi, lauantai 6.12. klo 15.00, <a href=\"https:\/\/www.imdb.com\/title\/tt0076252\/\" rel=\"nofollow noopener\" target=\"_blank\">MTV3<\/a><\/p>\n<p><a href=\"https:\/\/seura.fi\/tv\/taidokas-nayttelija-antti-litja-jai-monen-muistoihin-antilla-on-naama-jolla-on-tuhat-salaisuutta\/\" target=\"_blank\" rel=\"noreferrer noopener nofollow\">Lue my\u00f6s: Taidokas n\u00e4yttelij\u00e4 Antti Litja j\u00e4i monen muistoihin: \u201dAntilla on naama, jolla on tuhat salaisuutta\u201d<\/a><\/p>\n","protected":false},"excerpt":{"rendered":"Antti Litja tekee erinomaisen roolisuorituksen oravanpy\u00f6r\u00e4st\u00e4 hypp\u00e4\u00e4v\u00e4n\u00e4 mainosmies Vatasena. Teksti: Henri Waltter Rehnstr\u00f6m Tarina j\u00e4niksen kanssa mets\u00e4\u00e4n karkaavasta&hellip;\n","protected":false},"author":2,"featured_media":109001,"comment_status":"","ping_status":"","sticky":false,"template":"","format":"standard","meta":{"footnotes":""},"categories":[130],"tags":[20419,15432,137,33,31,30,17138,32,109],"class_list":{"0":"post-109000","1":"post","2":"type-post","3":"status-publish","4":"format-standard","5":"has-post-thumbnail","7":"category-viihde","8":"tag-antti-litja","9":"tag-arto-paasilinna","10":"tag-entertainment","11":"tag-fi","12":"tag-finland","13":"tag-finnish","14":"tag-risto-jarva","15":"tag-suomi","16":"tag-viihde"},"share_on_mastodon":{"url":"https:\/\/pubeurope.com\/@fi\/115671006104187096","error":""},"_links":{"self":[{"href":"https:\/\/www.europesays.com\/fi\/wp-json\/wp\/v2\/posts\/109000","targetHints":{"allow":["GET"]}}],"collection":[{"href":"https:\/\/www.europesays.com\/fi\/wp-json\/wp\/v2\/posts"}],"about":[{"href":"https:\/\/www.europesays.com\/fi\/wp-json\/wp\/v2\/types\/post"}],"author":[{"embeddable":true,"href":"https:\/\/www.europesays.com\/fi\/wp-json\/wp\/v2\/users\/2"}],"replies":[{"embeddable":true,"href":"https:\/\/www.europesays.com\/fi\/wp-json\/wp\/v2\/comments?post=109000"}],"version-history":[{"count":0,"href":"https:\/\/www.europesays.com\/fi\/wp-json\/wp\/v2\/posts\/109000\/revisions"}],"wp:featuredmedia":[{"embeddable":true,"href":"https:\/\/www.europesays.com\/fi\/wp-json\/wp\/v2\/media\/109001"}],"wp:attachment":[{"href":"https:\/\/www.europesays.com\/fi\/wp-json\/wp\/v2\/media?parent=109000"}],"wp:term":[{"taxonomy":"category","embeddable":true,"href":"https:\/\/www.europesays.com\/fi\/wp-json\/wp\/v2\/categories?post=109000"},{"taxonomy":"post_tag","embeddable":true,"href":"https:\/\/www.europesays.com\/fi\/wp-json\/wp\/v2\/tags?post=109000"}],"curies":[{"name":"wp","href":"https:\/\/api.w.org\/{rel}","templated":true}]}}