{"id":109004,"date":"2025-12-06T05:41:13","date_gmt":"2025-12-06T05:41:13","guid":{"rendered":"https:\/\/www.europesays.com\/fi\/109004\/"},"modified":"2025-12-06T05:41:13","modified_gmt":"2025-12-06T05:41:13","slug":"tulisiko-vornasen-erota-kansanedustajan-tehtavasta-tekee-varmaan-oikeat-johtopaatokset","status":"publish","type":"post","link":"https:\/\/www.europesays.com\/fi\/109004\/","title":{"rendered":"Tulisiko Vornasen erota kansanedustajan teht\u00e4v\u00e4st\u00e4? \u201dTekee varmaan oikeat johtop\u00e4\u00e4t\u00f6kset\u201d"},"content":{"rendered":"<p>Eduskuntaryhm\u00e4t j\u00e4tt\u00e4v\u00e4t harkinnan eroamisesta Vornaselle.<\/p>\n<p class=\"article-body mb-nof-24 px-nof-16\">Kansanedustaja <a class=\"article-personlink\" href=\"https:\/\/www.is.fi\/haku\/?query=Timo%20Vornanen\" rel=\"nofollow noopener\" target=\"_blank\">Timo Vornanen<\/a> (tv) <a class=\"article-genericlink\" href=\"https:\/\/www.is.fi\/politiikka\/art-2000011672260.html\" rel=\"nofollow noopener\" target=\"_blank\">tuomittiin<\/a> perjantaina kahdeksan kuukauden ehdolliseen vankeusrangaistukseen.<\/p>\n<p class=\"article-body mb-nof-24 px-nof-16\">Vornanen sai tuomion pahoinpitelyst\u00e4, kahdesta laittomasta uhkauksesta, varomattomasta k\u00e4sittelyst\u00e4, ampuma-aserikoksesta sek\u00e4 ampuma-aserikkomuksesta.<\/p>\n<p class=\"article-body mb-nof-24 px-nof-16\">Taustalla oli baaririita, jonka p\u00e4\u00e4tteeksi Vornanen ampui laukauksen maahan helsinkil\u00e4isen y\u00f6kerhon Bar Ihkun edustalla 26.4.2024.<\/p>\n<p class=\"article-body mb-nof-24 px-nof-16\">Vornanen <a class=\"article-genericlink\" href=\"https:\/\/www.is.fi\/politiikka\/art-2000011611064.html\" rel=\"nofollow noopener\" target=\"_blank\">sanoi <\/a>marraskuussa oikeusk\u00e4sittelyn alkaessa, ett\u00e4 mik\u00e4li h\u00e4n saa lainvoimaisen vankeusrangaistuksen, h\u00e4n harkitsee eroamista kansanedustajan teht\u00e4v\u00e4st\u00e4.<\/p>\n<p class=\"article-body mb-nof-24 px-nof-16\">\u2013 Seh\u00e4n vaatii perustuslain mukaan kaksi kolmasosaa (kansanedustajista), ett\u00e4 edustaja erotetaan. Katson, mik\u00e4 siell\u00e4 on mieliala muilla edustajilla. Mik\u00e4li mieliala on, ett\u00e4 minun pit\u00e4\u00e4 erota, sitten tulen pyyt\u00e4m\u00e4\u00e4n itse eroa, Vornanen totesi.<\/p>\n<p><img decoding=\"async\" src=\"https:\/\/www.europesays.com\/fi\/wp-content\/uploads\/2025\/12\/1764999670_343_468.jpg\" alt=\"Vornanen kuvaili oikeudessa syytt\u00e4j\u00e4n vaatimusta v\u00e4hint\u00e4\u00e4n viiden kuukauden ehdollisesta vankeudesta \u201dvarsin miehekk\u00e4\u00e4ksi vaatimukseksi\u201d, joka ei tule miss\u00e4\u00e4n nimess\u00e4 toteutumaan. Helsingin k\u00e4r\u00e4j\u00e4oikeus oli eri mielt\u00e4 ja tuomitsi Vornaselle kahdeksan kuukautta ehdollista.\" class=\"_Img_1rerz_1\" style=\"aspect-ratio:1.5011727912431587\" loading=\"eager\"\/><\/p>\n<p class=\"article-picture-caption\">Vornanen kuvaili oikeudessa syytt\u00e4j\u00e4n vaatimusta v\u00e4hint\u00e4\u00e4n viiden kuukauden ehdollisesta vankeudesta \u201dvarsin miehekk\u00e4\u00e4ksi vaatimukseksi\u201d, joka ei tule miss\u00e4\u00e4n nimess\u00e4 toteutumaan. Helsingin k\u00e4r\u00e4j\u00e4oikeus oli eri mielt\u00e4 ja tuomitsi Vornaselle kahdeksan kuukautta ehdollista. Kuva:\u00a0Emmi Korhonen<\/p>\n<p class=\"article-body mb-nof-24 px-nof-16\">Vornasen tuomio ei ole lainvoimainen.<\/p>\n<p class=\"article-body mb-nof-24 px-nof-16\">Valtionsyytt\u00e4j\u00e4 <a class=\"article-personlink\" href=\"https:\/\/www.is.fi\/haku\/?query=Tapio%20M%C3%A4kinen\" rel=\"nofollow noopener\" target=\"_blank\">Tapio M\u00e4kinen<\/a> <a class=\"article-genericlink\" href=\"https:\/\/www.hs.fi\/suomi\/art-2000011666777.html\" rel=\"nofollow noopener\" target=\"_blank\">kertoi<\/a> Helsingin Sanomille olevansa tyytyv\u00e4inen tuomioon.<\/p>\n<p class=\"article-body mb-nof-24 px-nof-16\">Vornanen kertoi tutustuvansa tuomioon ja kommentoivansa sit\u00e4 tarkemmin lauantaina.<\/p>\n<p class=\"article-body mb-nof-24 px-nof-16\">IS kysyi eduskuntaryhmilt\u00e4, tulisiko Vornasen erota.<\/p>\n<p class=\"article-body mb-nof-24 px-nof-16\">Kokoomuksen eduskuntaryhm\u00e4n puheenjohtaja<a class=\"article-personlink\" href=\"https:\/\/www.is.fi\/haku\/?query=%20Jukka%20Kopra\" rel=\"nofollow noopener\" target=\"_blank\"> Jukka Kopra<\/a> viestitt\u00e4\u00e4, ettei kokoomus ota ryhm\u00e4n\u00e4 kantaa Vornasen henkil\u00f6kohtaisiin p\u00e4\u00e4t\u00f6ksiin.<\/p>\n<p class=\"article-body mb-nof-24 px-nof-16\">\u2013 Timo Vornasen saama tuomio on vakava. Kansanedustajilta odotetaan moitteetonta, vastuullista ja luottamusta her\u00e4tt\u00e4v\u00e4\u00e4 k\u00e4yt\u00f6st\u00e4, eik\u00e4 Vornasen toiminta ole t\u00e4ytt\u00e4nyt n\u00e4it\u00e4 vaatimuksia.<\/p>\n<p class=\"article-body mb-nof-24 px-nof-16\">Kokoomus j\u00e4tt\u00e4\u00e4 siis p\u00e4\u00e4t\u00f6ksen eroamisesta Vornasen harkintaan?<\/p>\n<p class=\"article-body mb-nof-24 px-nof-16\">\u2013 Niin.<\/p>\n<p><img decoding=\"async\" src=\"https:\/\/www.europesays.com\/fi\/wp-content\/uploads\/2025\/12\/1764999671_682_468.jpg\" alt=\"Kokoomuksen eduskuntaryhm\u00e4n puheenjohtaja Jukka Kopra kuvailee Vornasen tuomiota vakavaksi.\" class=\"_Img_1rerz_1\" style=\"aspect-ratio:1.5011727912431587\" loading=\"eager\"\/><\/p>\n<p class=\"article-picture-caption\">Kokoomuksen eduskuntaryhm\u00e4n puheenjohtaja Jukka Kopra kuvailee Vornasen tuomiota vakavaksi. Kuva:\u00a0Mikko Stig<\/p>\n<p class=\"article-body mb-nof-24 px-nof-16\">Vornanen erotettiin ampumistapauksen vuoksi perussuomalaisista.<\/p>\n<p class=\"article-body mb-nof-24 px-nof-16\">Perussuomalaisten eduskuntaryhm\u00e4n puheenjohtaja <a class=\"article-personlink\" href=\"https:\/\/www.is.fi\/haku\/?query=Jani%20M%C3%A4kel%C3%A4\" rel=\"nofollow noopener\" target=\"_blank\">Jani M\u00e4kel\u00e4<\/a> ei ota kantaa Vornasen asemaan kansanedustajana.<\/p>\n<p class=\"article-body mb-nof-24 px-nof-16\">\u2013 Oikeusprosessin tulosta ja eduskunnan k\u00e4yt\u00e4nt\u00f6j\u00e4 sen seurauksena tulee kunnioittaa, M\u00e4kel\u00e4 muotoilee.<\/p>\n<p class=\"article-body mb-nof-24 px-nof-16\">M\u00e4kel\u00e4n voi tulkita viittaavan siihen, ett\u00e4 Vornasen erottaminen edellytt\u00e4isi lainvoimaista tuomiota.<\/p>\n<p class=\"article-body mb-nof-24 px-nof-16\">My\u00f6s Rkp:n eduskuntaryhm\u00e4n puheenjohtaja <a class=\"article-personlink\" href=\"https:\/\/www.is.fi\/haku\/?query=Otto%20Andersson\" rel=\"nofollow noopener\" target=\"_blank\">Otto Andersson<\/a> katsoo, ett\u00e4 eduskunnan rooli asiassa alkaa vasta, jos Vornanen saa lainvoimaisen tuomion.<\/p>\n<p class=\"article-body mb-nof-24 px-nof-16\">\u2013 Siksi t\u00e4ss\u00e4 vaiheessa edustaja Vornasen tulee ennen kaikkea itse arvioida edellytyksi\u00e4\u00e4n jatkaa kansanedustajana.<\/p>\n<p class=\"article-body mb-nof-24 px-nof-16\">Sdp:n eduskuntaryhm\u00e4n puheenjohtaja <a class=\"article-personlink\" href=\"https:\/\/www.is.fi\/haku\/?query=Tytti%20Tuppurainen\" rel=\"nofollow noopener\" target=\"_blank\">Tytti Tuppurainen<\/a> n\u00e4kee, ett\u00e4 Vornasen on syyt\u00e4 harkita, voiko h\u00e4n jatkaa kansanedustajan teht\u00e4v\u00e4ss\u00e4.<\/p>\n<p class=\"article-body mb-nof-24 px-nof-16\">\u2013 Itse teko on Sdp:n mielest\u00e4 todella vakava ja siihen tulee suhtautua vakavasti. Katsomme, ett\u00e4 on syyt\u00e4 odottaa lainvoimaista tuomiota. Kansanedustaja on valittu kansan mandaatilla ja vastaa l\u00e4ht\u00f6kohtaisesti poliittisesti \u00e4\u00e4nest\u00e4jilleen, erottamisen kynnyksen on oltava korkealla.<\/p>\n<p class=\"article-body mb-nof-24 px-nof-16\">Vihreiden eduskuntaryhm\u00e4n puheenjohtaja <a class=\"article-personlink\" href=\"https:\/\/www.is.fi\/haku\/?query=Oras%20Tynkkynen\" rel=\"nofollow noopener\" target=\"_blank\">Oras Tynkkynen <\/a>sanoo, ett\u00e4 jos Vornanen p\u00e4\u00e4tyy itse siihen johtop\u00e4\u00e4t\u00f6kseen, ett\u00e4 h\u00e4n haluaa erota eduskunnasta, t\u00e4lle p\u00e4\u00e4t\u00f6kselle l\u00f6ytynee tukea.<\/p>\n<p class=\"article-body mb-nof-24 px-nof-16\">\u2013 Yleisesti ajattelen, ett\u00e4 siin\u00e4 miss\u00e4 ministerin teht\u00e4v\u00e4ss\u00e4 pit\u00e4\u00e4 olla aivan erityist\u00e4 harkintaa ja kynnys eroamiselle on matalampi, niin kansan eduskuntaan valitseman edustajan kohdalla kynnys on korkeampi.<\/p>\n<p><img decoding=\"async\" src=\"https:\/\/www.europesays.com\/fi\/wp-content\/uploads\/2025\/12\/1764999672_678_468.jpg\" alt=\"Vihreiden eduskuntaryhm\u00e4n puheenjohtaja Oras Tynkkynen sanoo, ett\u00e4 \u00e4\u00e4nest\u00e4jien tahtoa t\u00e4ytyy kunnioittaa eik\u00e4 kansanedustajaa kannata l\u00e4hte\u00e4 erottamaan kovin k\u00f6yk\u00e4isin perustein.\" class=\"_Img_1rerz_1\" style=\"aspect-ratio:1.5011727912431587\" loading=\"eager\"\/><\/p>\n<p class=\"article-picture-caption\">Vihreiden eduskuntaryhm\u00e4n puheenjohtaja Oras Tynkkynen sanoo, ett\u00e4 \u00e4\u00e4nest\u00e4jien tahtoa t\u00e4ytyy kunnioittaa eik\u00e4 kansanedustajaa kannata l\u00e4hte\u00e4 erottamaan kovin k\u00f6yk\u00e4isin perustein. Kuva:\u00a0Heikki Saukkomaa<\/p>\n<p class=\"article-body mb-nof-24 px-nof-16\">Tynkkynen lis\u00e4\u00e4, ett\u00e4 p\u00e4\u00e4asiallinen punninta k\u00e4yd\u00e4\u00e4n aina nelj\u00e4n vuoden v\u00e4lein vaaleissa.<\/p>\n<p class=\"article-body mb-nof-24 px-nof-16\">\u2013 Kansalaisilla on mahdollisuus arvioida, haluaako antaa ainokaisen \u00e4\u00e4nens\u00e4 t\u00e4m\u00e4n kaltaiselle henkil\u00f6lle.<\/p>\n<p class=\"article-body mb-nof-24 px-nof-16\">Vasemmistoliiton eduskuntaryhm\u00e4n puheenjohtaja <a class=\"article-personlink\" href=\"https:\/\/www.is.fi\/haku\/?query=Aino-Kaisa%20Pekonen\" rel=\"nofollow noopener\" target=\"_blank\">Aino-Kaisa Pekonen<\/a> viestitt\u00e4\u00e4, ett\u00e4 jos tuomio pysyy voimassa, eduskunnan on pakko ottaa mahdollinen erottaminen harkittavaksi perustuslain mukaisessa menettelyss\u00e4.<\/p>\n<p class=\"article-body mb-nof-24 px-nof-16\">\u2013 Ensisijaisesti toivoisin, ett\u00e4 edustaja itse vakavasti punnitsisi, onko h\u00e4nell\u00e4 edellytyksi\u00e4 toimia tasavallan t\u00e4rkeimm\u00e4ss\u00e4 luottamustoimessa.<\/p>\n<p class=\"article-body mb-nof-24 px-nof-16\">Kristillisdemokraattien eduskuntaryhm\u00e4n puheenjohtaja <a class=\"article-personlink\" href=\"https:\/\/www.is.fi\/haku\/?query=Peter%20%C3%96stman\" rel=\"nofollow noopener\" target=\"_blank\">Peter \u00d6stman<\/a> kertoo kristillisdemokraattien ottavan kantaa Vornasen asemaan, kun tuomio on lainvoimainen ja kun ryhm\u00e4ll\u00e4 on tarkempaa tietoa tuomiosta.<\/p>\n<p class=\"article-body mb-nof-24 px-nof-16\">Liike Nytin puheenjohtaja <a class=\"article-personlink\" href=\"https:\/\/www.is.fi\/haku\/?query=Harry%20Harkimo\" rel=\"nofollow noopener\" target=\"_blank\">Harry Harkimo <\/a>katsoo, ett\u00e4 Vornasen pit\u00e4\u00e4 pysty\u00e4 itse tekem\u00e4\u00e4n johtop\u00e4\u00e4t\u00f6kset, kun tuomio on lainvoimainen.<\/p>\n<p class=\"article-body mb-nof-24 px-nof-16\">\u2013 Se varmaan tekee ihan oikeat johtop\u00e4\u00e4t\u00f6kset, jos se ei ole tippunut eduskunnasta viel\u00e4 silloin, Harkimo n\u00e4kee.<\/p>\n<p><img decoding=\"async\" src=\"https:\/\/www.europesays.com\/fi\/wp-content\/uploads\/2025\/12\/1764999673_503_468.jpg\" alt=\"Liike Nytin puheenjohtaja Harry Harkimo sanoo, ett\u00e4 Suomessa ei voi tuomita ket\u00e4\u00e4n ennen kuin tuomio on lainvoimainen.\" class=\"_Img_1rerz_1\" style=\"aspect-ratio:1.5011727912431587\" loading=\"eager\"\/><\/p>\n<p class=\"article-picture-caption\">Liike Nytin puheenjohtaja Harry Harkimo sanoo, ett\u00e4 Suomessa ei voi tuomita ket\u00e4\u00e4n ennen kuin tuomio on lainvoimainen. Kuva:\u00a0Emmi Korhonen<\/p>\n<p class=\"article-body mb-nof-24 px-nof-16\">IS ei tavoittanut keskustan eduskuntaryhm\u00e4n puheenjohtajaa <a class=\"article-personlink\" href=\"https:\/\/www.is.fi\/haku\/?query=Antti%20Kurvista\" rel=\"nofollow noopener\" target=\"_blank\">Antti Kurvista <\/a>kommentoimaan asiaa.<\/p>\n","protected":false},"excerpt":{"rendered":"Eduskuntaryhm\u00e4t j\u00e4tt\u00e4v\u00e4t harkinnan eroamisesta Vornaselle. Kansanedustaja Timo Vornanen (tv) tuomittiin perjantaina kahdeksan kuukauden ehdolliseen vankeusrangaistukseen. Vornanen sai tuomion&hellip;\n","protected":false},"author":2,"featured_media":109005,"comment_status":"","ping_status":"","sticky":false,"template":"","format":"standard","meta":{"footnotes":""},"categories":[12],"tags":[22,23,26,27,33,31,30,17,34,24,25,28,29,15,18,21,32,19,20,16],"class_list":{"0":"post-109004","1":"post","2":"type-post","3":"status-publish","4":"format-standard","5":"has-post-thumbnail","7":"category-suomi","8":"tag-breaking-news","9":"tag-breakingnews","10":"tag-featured-news","11":"tag-featurednews","12":"tag-fi","13":"tag-finland","14":"tag-finnish","15":"tag-headlines","16":"tag-ilta-sanomat","17":"tag-latest-news","18":"tag-latestnews","19":"tag-main-news","20":"tag-mainnews","21":"tag-news","22":"tag-otsikot","23":"tag-paauutiset","24":"tag-suomi","25":"tag-top-stories","26":"tag-topstories","27":"tag-uutiset"},"share_on_mastodon":{"url":"https:\/\/pubeurope.com\/@fi\/115671025856993889","error":""},"_links":{"self":[{"href":"https:\/\/www.europesays.com\/fi\/wp-json\/wp\/v2\/posts\/109004","targetHints":{"allow":["GET"]}}],"collection":[{"href":"https:\/\/www.europesays.com\/fi\/wp-json\/wp\/v2\/posts"}],"about":[{"href":"https:\/\/www.europesays.com\/fi\/wp-json\/wp\/v2\/types\/post"}],"author":[{"embeddable":true,"href":"https:\/\/www.europesays.com\/fi\/wp-json\/wp\/v2\/users\/2"}],"replies":[{"embeddable":true,"href":"https:\/\/www.europesays.com\/fi\/wp-json\/wp\/v2\/comments?post=109004"}],"version-history":[{"count":0,"href":"https:\/\/www.europesays.com\/fi\/wp-json\/wp\/v2\/posts\/109004\/revisions"}],"wp:featuredmedia":[{"embeddable":true,"href":"https:\/\/www.europesays.com\/fi\/wp-json\/wp\/v2\/media\/109005"}],"wp:attachment":[{"href":"https:\/\/www.europesays.com\/fi\/wp-json\/wp\/v2\/media?parent=109004"}],"wp:term":[{"taxonomy":"category","embeddable":true,"href":"https:\/\/www.europesays.com\/fi\/wp-json\/wp\/v2\/categories?post=109004"},{"taxonomy":"post_tag","embeddable":true,"href":"https:\/\/www.europesays.com\/fi\/wp-json\/wp\/v2\/tags?post=109004"}],"curies":[{"name":"wp","href":"https:\/\/api.w.org\/{rel}","templated":true}]}}