{"id":109006,"date":"2025-12-06T05:42:12","date_gmt":"2025-12-06T05:42:12","guid":{"rendered":"https:\/\/www.europesays.com\/fi\/109006\/"},"modified":"2025-12-06T05:42:12","modified_gmt":"2025-12-06T05:42:12","slug":"sote-valiokunnan-erimielisyys-apteekkilain-kasittelysta-johti-poikkeukselliseen-aanestykseen","status":"publish","type":"post","link":"https:\/\/www.europesays.com\/fi\/109006\/","title":{"rendered":"Sote-valiokunnan erimielisyys apteekkilain k\u00e4sittelyst\u00e4 johti poikkeukselliseen \u00e4\u00e4nestykseen"},"content":{"rendered":"<p>    <img decoding=\"async\" class=\"responsive-image article__image-image lozad\"   src=\"https:\/\/www.europesays.com\/fi\/wp-content\/uploads\/2025\/12\/dk75QTy4xyRmgVlBcRT1ZDE5EoqjUU8kLsqfM6H5Wd6XP2FasGS99b6u7yzqlb7TyU86L6QwfExD6UzOm_2MsjPA-Vvtu8lluMEG.jpeg\" alt=\"SDP:n kansanedustajan Aki Lind\u00e9nin mielest\u00e4 lakiesitys olisi pit\u00e4nyt l\u00e4hett\u00e4\u00e4 k\u00e4sitelt\u00e4v\u00e4ksi perustuslakivaliokuntaan.\"\/><\/p>\n<p>\n                SDP:n kansanedustajan Aki Lind\u00e9nin mielest\u00e4 lakiesitys olisi pit\u00e4nyt l\u00e4hett\u00e4\u00e4 k\u00e4sitelt\u00e4v\u00e4ksi perustuslakivaliokuntaan.\n              <\/p>\n<p>\n                Kuva: Markku Ulander \/ Lehtikuva\n              <\/p>\n<p class=\"article__paragraph\">\n      Eduskunnan sosiaali- ja terveysvaliokunnassa suoritettiin perjantaina poikkeuksellinen \u00e4\u00e4nestys. Se koski sit\u00e4, pit\u00e4\u00e4k\u00f6 apteekkilains\u00e4\u00e4d\u00e4nt\u00f6 l\u00e4hett\u00e4\u00e4 viel\u00e4 perustuslakivaliokuntaan vai ei. Asiaa kommentoineiden oppositioedustajien mukaan perustuslaillisia ongelmia sis\u00e4lt\u00e4vi\u00e4 kysymyksi\u00e4 ei ole tapana vied\u00e4 l\u00e4pi \u00e4\u00e4nestyksen kautta.\n    <\/p>\n<p class=\"article__paragraph\">\n      Opposition edustajat olisivat halunneet viel\u00e4 arvioituttaa perustuslaillisia yksityiskohtia perustuslakivaliokunnassa. He kuitenkin h\u00e4visiv\u00e4t hallituspuolueiden edustajille \u00e4\u00e4nestyksess\u00e4 8\u20139. Siten lains\u00e4\u00e4d\u00e4nt\u00f6\u00e4 ei l\u00e4hetet\u00e4 en\u00e4\u00e4 perustuslakivaliokuntaan.\n    <\/p>\n<p class=\"article__paragraph\">\n      \u2013\u2009Jos on ep\u00e4selvyytt\u00e4 perustuslainmukaisuudesta, se (esitys) pit\u00e4\u00e4 laittaa perustuslakivaliokuntaan, perusteli SDP:n kansanedustaja Aki Lind\u00e9n toimittajille eduskunnassa.\n    <\/p>\n<p class=\"article__paragraph\">\n      Lind\u00e9n sanoi ymm\u00e4rt\u00e4neens\u00e4, ettei vastaavaa \u00e4\u00e4nestyst\u00e4 olisi k\u00e4yt\u00e4nn\u00f6ss\u00e4 k\u00e4yty koskaan.\n    <\/p>\n<p>      &#8221;Oliko kiire syyn\u00e4?&#8221;<\/p>\n<p class=\"article__paragraph\">\n      Keskustalainen varaj\u00e4sen Markku Siponen sanoi, ett\u00e4 oli harmillista, ett\u00e4 asiassa edet\u00e4\u00e4n perustuslakiin liittyvist\u00e4 oppositioedustajien huolista piittaamatta.\n    <\/p>\n<p class=\"article__paragraph\">\n      \u2013\u2009Hieman mietitytt\u00e4\u00e4, oliko t\u00e4ss\u00e4 nimenomaan kiire ja budjettiaikataulut varsinaisia syit\u00e4, koska neh\u00e4n eiv\u00e4t saisi t\u00e4h\u00e4n asiaan vaikuttaa.\n    <\/p>\n<p class=\"article__paragraph\">\n      Perustuslakivaliokunta on todennut, ett\u00e4 apteekkilain uudistus muodostuu ongelmalliseksi omaisuudensuojan ja elinkeinovapauden kannalta. Ehdotetut l\u00e4\u00e4ketaksan ja apteekkiveron muutokset voivat johtaa siihen, ett\u00e4 apteekkitoiminta muodostuu taloudellisesti kannattamattomaksi. Perustuslakivaliokunta edellytti, ett\u00e4 sosiaali- ja terveysvaliokunta muuttaa lains\u00e4\u00e4d\u00e4nt\u00f6\u00e4 sellaiseksi, ett\u00e4 se mahdollistaa kannattavan liiketoiminnan my\u00f6s niille apteekeille, joiden toiminta muuttuisi alkuper\u00e4isen ehdotuksen my\u00f6t\u00e4 kannattamattomaksi.\n    <\/p>\n<p>      Toimeentulolaista k\u00e4ytiin valmistava keskustelu<\/p>\n<p class=\"article__paragraph\">\n      Rankan ty\u00f6paineen alla puurtaneessa sosiaali- ja terveysvaliokunnassa on kesken kahden niin sanotun budjettilain k\u00e4sittely, apteekkilainuudistuksen ja toimeentulotukiuudistuksen. Ne tulisi saada valmiiksi alkuviikosta, jos lakimuutokset halutaan mukaan ensi vuoden budjettiin.\n    <\/p>\n<p class=\"article__paragraph\">\n      Sote-valiokunnalla on lis\u00e4ksi kaksi kiireellist\u00e4 lakia k\u00e4sitelt\u00e4v\u00e4n\u00e4. Siten sunnuntaille sovittiin ylim\u00e4\u00e4r\u00e4inen kokous. Lis\u00e4ksi maanantaina varaudutaan kokoustamaan tarvittaessa.\n    <\/p>\n<p class=\"article__paragraph\">\n      \u2013\u2009Meille on annettu budjettilakien osalta k\u00e4sittelyaikaa niin, ett\u00e4 me voimme ihan viimeist\u00e4\u00e4n tiistaiaamuna lyk\u00e4t\u00e4 eduskunnan istuntosaliin asioita, sanoi valiokunnan puheenjohtaja Krista Kiuru (sd.).\n    <\/p>\n<p class=\"article__paragraph\">\n      Toimeentulotukilaissa valiokunta p\u00e4\u00e4si perjantaina siihen vaiheeseen, ett\u00e4 mietint\u00f6\u00e4 voidaan alkaa kirjoittaa. Se on tarkoitus k\u00e4sitell\u00e4 kokouksessa sunnuntaina.\n    <\/p>\n","protected":false},"excerpt":{"rendered":"SDP:n kansanedustajan Aki Lind\u00e9nin mielest\u00e4 lakiesitys olisi pit\u00e4nyt l\u00e4hett\u00e4\u00e4 k\u00e4sitelt\u00e4v\u00e4ksi perustuslakivaliokuntaan. Kuva: Markku Ulander \/ Lehtikuva Eduskunnan sosiaali-&hellip;\n","protected":false},"author":2,"featured_media":109007,"comment_status":"","ping_status":"","sticky":false,"template":"","format":"standard","meta":{"footnotes":""},"categories":[5],"tags":[22,23,26,27,33,31,30,17,24,25,28,29,15,18,21,32,19,20,16],"class_list":{"0":"post-109006","1":"post","2":"type-post","3":"status-publish","4":"format-standard","5":"has-post-thumbnail","7":"category-otsikot","8":"tag-breaking-news","9":"tag-breakingnews","10":"tag-featured-news","11":"tag-featurednews","12":"tag-fi","13":"tag-finland","14":"tag-finnish","15":"tag-headlines","16":"tag-latest-news","17":"tag-latestnews","18":"tag-main-news","19":"tag-mainnews","20":"tag-news","21":"tag-otsikot","22":"tag-paauutiset","23":"tag-suomi","24":"tag-top-stories","25":"tag-topstories","26":"tag-uutiset"},"share_on_mastodon":{"url":"https:\/\/pubeurope.com\/@fi\/115671029769114360","error":""},"_links":{"self":[{"href":"https:\/\/www.europesays.com\/fi\/wp-json\/wp\/v2\/posts\/109006","targetHints":{"allow":["GET"]}}],"collection":[{"href":"https:\/\/www.europesays.com\/fi\/wp-json\/wp\/v2\/posts"}],"about":[{"href":"https:\/\/www.europesays.com\/fi\/wp-json\/wp\/v2\/types\/post"}],"author":[{"embeddable":true,"href":"https:\/\/www.europesays.com\/fi\/wp-json\/wp\/v2\/users\/2"}],"replies":[{"embeddable":true,"href":"https:\/\/www.europesays.com\/fi\/wp-json\/wp\/v2\/comments?post=109006"}],"version-history":[{"count":0,"href":"https:\/\/www.europesays.com\/fi\/wp-json\/wp\/v2\/posts\/109006\/revisions"}],"wp:featuredmedia":[{"embeddable":true,"href":"https:\/\/www.europesays.com\/fi\/wp-json\/wp\/v2\/media\/109007"}],"wp:attachment":[{"href":"https:\/\/www.europesays.com\/fi\/wp-json\/wp\/v2\/media?parent=109006"}],"wp:term":[{"taxonomy":"category","embeddable":true,"href":"https:\/\/www.europesays.com\/fi\/wp-json\/wp\/v2\/categories?post=109006"},{"taxonomy":"post_tag","embeddable":true,"href":"https:\/\/www.europesays.com\/fi\/wp-json\/wp\/v2\/tags?post=109006"}],"curies":[{"name":"wp","href":"https:\/\/api.w.org\/{rel}","templated":true}]}}