{"id":109016,"date":"2025-12-06T06:02:09","date_gmt":"2025-12-06T06:02:09","guid":{"rendered":"https:\/\/www.europesays.com\/fi\/109016\/"},"modified":"2025-12-06T06:02:09","modified_gmt":"2025-12-06T06:02:09","slug":"five-nights-at-freddys-2-elokuvan-arvostelu","status":"publish","type":"post","link":"https:\/\/www.europesays.com\/fi\/109016\/","title":{"rendered":"Five Nights at Freddy&#8217;s 2 \u2013 elokuvan arvostelu"},"content":{"rendered":"<p>Ensimm\u00e4isen Five Nights at Freddy\u2019s -elokuvan ravintolatragedia seuraa edelleen Vanessaa (<strong>Elizabeth Lail<\/strong>). H\u00e4nen is\u00e4ns\u00e4 kummittelee niin arjessa kuin unissa. My\u00f6s Abby (<strong>Piper Rubio<\/strong>) ik\u00e4v\u00f6i entisi\u00e4 robottikavereita, eik\u00e4 saa aikaiseksi l\u00f6yt\u00e4\u00e4 uusia yst\u00e4vi\u00e4. H\u00e4n osallistuu koulun teknologiakilpailuun osoittaakseen olevansa osa yhteiskuntaa, mutta ei saa rakennettua toimivaa prototyyppi\u00e4. Miken (<strong>Josh Hutcherson<\/strong>) on luvannut jo pitk\u00e4\u00e4n korjaavansa siskon rikkin\u00e4iset robottikaverit, mutta pian k\u00e4y ilmi, ettei se olekaan mahdollista. Abby l\u00f6yt\u00e4\u00e4 ensimm\u00e4isen Freddy\u2019s-pitserian ja uudet robottiyst\u00e4v\u00e4t, jotka auttavat h\u00e4nt\u00e4 voittamaan koulun kilpailun. Samalla ensimm\u00e4isen pitserian tragedia alkaa toistaa itse\u00e4\u00e4n ja hahmot joutuvat taas tilanteisiin, joita he eiv\u00e4t voi paeta.<\/p>\n<p>Five Nights at Freddy\u2019s 2 on edelt\u00e4j\u00e4\u00e4ns\u00e4 paljon vakavahenkisempi ja aikuismaisempi elokuva. Monien hahmojen kehitys on luontevaa, eik\u00e4 k\u00e4sikirjoitus tunnu niin hajanaiselta kuin voisi jatko-osalta odottaa. Videopelien vannoutuneille faneille on tarjolla useita silm\u00e4niskuja ja hauskoja easter eggej\u00e4. Kauhuaspekti on vahvemmin l\u00e4sn\u00e4 ja lavastuksesta puvustukseen elokuva tuntuu luontevalta.<\/p>\n<p>Elokuva tekee mielenkiintoisia ratkaisuja mit\u00e4 tulee murhien n\u00e4ytt\u00e4miseen, mihin vaikuttaa vahvasti PG-13 ik\u00e4raja. Verisi\u00e4 kuolemia ei kannata odottaa, vaan t\u00e4ll\u00e4 kertaa on luvassa enemm\u00e4n n\u00e4yt\u00f6lle lent\u00e4vi\u00e4 hyppys\u00e4ikytyksi\u00e4. Itse juoni on ennalta-arvattava ja katsoja odottaakin, ett\u00e4 milloin t\u00e4m\u00e4kin hahmo keksii itsest\u00e4\u00e4nselv\u00e4n juonikuvion.<\/p>\n<p>Five Nights at Freddy\u2019s 2 tuntuu ennemminkin pohjustukselta tulevaan kuin omilla jaloillaan seisovalta teokselta. Se kuitenkin solmii ensimm\u00e4isen osan juonikuvion pakettiin ja on siihen verrattuna paljon aikuismaisempi elokuva. Sarjan faneille se on kuitenkin pakkopullaa, sill\u00e4 tapa miten elokuva laajentaa sarjan historiaa uuteen suuntaan on v\u00e4hint\u00e4\u00e4nkin mielenkiintoinen valinta. Se viihdytt\u00e4\u00e4 kestonsa ajan ja j\u00e4tt\u00e4\u00e4 n\u00e4l\u00e4n n\u00e4hd\u00e4 lis\u00e4\u00e4.<\/p>\n<p>Werneri Pihlajam\u00e4ki<\/p>\n<p>                                                            Five Nights at Freddy\u2019s 2 -elokuvan traileri<br \/>\n                                <img loading=\"lazy\" decoding=\"async\" alt=\"YouTube video\" width=\"480\" height=\"360\" data-pin-nopin=\"true\" nopin=\"nopin\" class=\"perfmatters-lazy\" src=\"https:\/\/www.europesays.com\/fi\/wp-content\/uploads\/2025\/12\/1765000929_233_hqdefault.jpg\"\/>                                                        <\/p>\n","protected":false},"excerpt":{"rendered":"Ensimm\u00e4isen Five Nights at Freddy\u2019s -elokuvan ravintolatragedia seuraa edelleen Vanessaa (Elizabeth Lail). H\u00e4nen is\u00e4ns\u00e4 kummittelee niin arjessa kuin&hellip;\n","protected":false},"author":2,"featured_media":109017,"comment_status":"","ping_status":"","sticky":false,"template":"","format":"standard","meta":{"footnotes":""},"categories":[130],"tags":[137,33,31,30,32,109],"class_list":{"0":"post-109016","1":"post","2":"type-post","3":"status-publish","4":"format-standard","5":"has-post-thumbnail","7":"category-viihde","8":"tag-entertainment","9":"tag-fi","10":"tag-finland","11":"tag-finnish","12":"tag-suomi","13":"tag-viihde"},"share_on_mastodon":{"url":"https:\/\/pubeurope.com\/@fi\/115671108463899495","error":""},"_links":{"self":[{"href":"https:\/\/www.europesays.com\/fi\/wp-json\/wp\/v2\/posts\/109016","targetHints":{"allow":["GET"]}}],"collection":[{"href":"https:\/\/www.europesays.com\/fi\/wp-json\/wp\/v2\/posts"}],"about":[{"href":"https:\/\/www.europesays.com\/fi\/wp-json\/wp\/v2\/types\/post"}],"author":[{"embeddable":true,"href":"https:\/\/www.europesays.com\/fi\/wp-json\/wp\/v2\/users\/2"}],"replies":[{"embeddable":true,"href":"https:\/\/www.europesays.com\/fi\/wp-json\/wp\/v2\/comments?post=109016"}],"version-history":[{"count":0,"href":"https:\/\/www.europesays.com\/fi\/wp-json\/wp\/v2\/posts\/109016\/revisions"}],"wp:featuredmedia":[{"embeddable":true,"href":"https:\/\/www.europesays.com\/fi\/wp-json\/wp\/v2\/media\/109017"}],"wp:attachment":[{"href":"https:\/\/www.europesays.com\/fi\/wp-json\/wp\/v2\/media?parent=109016"}],"wp:term":[{"taxonomy":"category","embeddable":true,"href":"https:\/\/www.europesays.com\/fi\/wp-json\/wp\/v2\/categories?post=109016"},{"taxonomy":"post_tag","embeddable":true,"href":"https:\/\/www.europesays.com\/fi\/wp-json\/wp\/v2\/tags?post=109016"}],"curies":[{"name":"wp","href":"https:\/\/api.w.org\/{rel}","templated":true}]}}