{"id":109025,"date":"2025-12-06T06:23:08","date_gmt":"2025-12-06T06:23:08","guid":{"rendered":"https:\/\/www.europesays.com\/fi\/109025\/"},"modified":"2025-12-06T06:23:08","modified_gmt":"2025-12-06T06:23:08","slug":"amazing-race-suomi-mia-ja-karoliina-paljastavat-erikoisen-mysteerin-podcastissa","status":"publish","type":"post","link":"https:\/\/www.europesays.com\/fi\/109025\/","title":{"rendered":"Amazing Race Suomi: Mia ja Karoliina paljastavat erikoisen mysteerin podcastissa"},"content":{"rendered":"<p>\n            20251027, Helsinki. Amazing Race Suomi 2025 pressi. Kuvassa Karoliina Tuominen ja Mia Haataja.<br \/>\n            Timo Korhonen\n        <\/p>\n<p class=\"subtitle \">Katsojat eiv\u00e4t voi aistia kaikkea television kautta. Yksi asia on haju.<\/p>\n<p class=\"article-content article-content-width !bg-background\">Amazing Race Suomi -ohjelmassa mukana olevat radiojuontajat\u00a0 ja  puhuvat tuoreessa podcast-jaksossaan nelj\u00e4nnen jakson tapahtumista.<\/p>\n<p class=\"article-content article-content-width !bg-background\">Amazing-podcast on kuunneltavissa <a href=\"https:\/\/www.ruutu.fi\/video\/4814199\" target=\"_blank\" rel=\"nofollow noopener\">Ruudussa<\/a>.\u00a0<\/p>\n<p class=\"font-weight-bold m-font-weight-bold article-content article-content-width !bg-background\">Video: Amazing Race Suomi -ohjelman kilpailijoiden erikoiset ravintolakokemukset.\u00a0<\/p>\n<p class=\"article-content article-content-width !bg-background\">Yst\u00e4vykset \u00e4ityv\u00e4t muistelemaan teht\u00e4v\u00e4etappia Thaimaan Chiang Maissa, jossa he joutuivat suorittamaan kinkkisen Tangram-pulmapelin.<\/p>\n<p>        <a itemprop=\"url\" href=\"https:\/\/www.seiska.fi\/katso\/sara-sieppi-itkee-hysteerisesti-nain-artturi-veli-toimii\/2011699\" rel=\"nofollow noopener\" target=\"_blank\"><\/p>\n<p>\nSara Sieppi\n<\/p>\n<p class=\"section-date\">\n        <strong class=\"article-section\" data-section=\"katso\"><br \/>\n            katso<br \/>\n        <\/strong><br \/>\n        4.12. 16:15\n    <\/p>\n<p>Sara Sieppi itkee hysteerisesti \u2013 n\u00e4in Artturi-veli toimii\n    <\/p>\n<p itemprop=\"description\" class=\"subtitle \">\n    Sara Sieppi joutuu kohtaamaan pelkonsa Amazing Race Suomi -ohjelmassa.\n<\/p>\n<p>        <\/a><\/p>\n<p class=\"article-content article-content-width !bg-background\">Muutamaa paria lukuun ottamatta kaikilla meni teht\u00e4v\u00e4n selvitt\u00e4misess\u00e4 tunteja.\u00a0<\/p>\n<p class=\"article-content article-content-width !bg-background\">Palapelej\u00e4, sudokuja ja muita vastaavia harrastavat  ja h\u00e4nen tytt\u00e4rens\u00e4  saivat suoritettua teht\u00e4v\u00e4n vikkel\u00e4\u00e4n, kuten my\u00f6s  ja h\u00e4nen yst\u00e4v\u00e4ns\u00e4 . Armi luovutti teht\u00e4v\u00e4nteon t\u00e4ysin yst\u00e4v\u00e4lleen, sill\u00e4 uskoi t\u00e4m\u00e4n onnistuvan siin\u00e4 paremmin.<\/p>\n<p class=\"article-content article-content-width !bg-background\">Karoliinalle pelk\u00e4st\u00e4\u00e4n teht\u00e4v\u00e4n muisteleminen tuottaa ahdistuksen tunteita.<\/p>\n<p class=\"article-content article-content-width !bg-background\"> \u2013 Minua ahdistaa, minulla nousee syke, kun mietin tuota. Mua alkaa itkett\u00e4\u00e4 ja paskattaa, Karoliina kuvailee.<\/p>\n<p>        <a itemprop=\"url\" href=\"https:\/\/www.seiska.fi\/katso\/tata-et-nahnyt-erikoisjoukoissa-tuotanto-puuttui-vakavaan-tilanteeseen\/2012291\" rel=\"nofollow noopener\" target=\"_blank\"><\/p>\n<p>\nT\u00e4t\u00e4 et n\u00e4hnyt Erikoisjoukoissa!\n<\/p>\n<p class=\"section-date\">\n        <strong class=\"article-section\" data-section=\"katso\"><br \/>\n            katso<br \/>\n        <\/strong><br \/>\n        5.12. 09:45\n    <\/p>\n<p>T\u00e4t\u00e4 et n\u00e4hnyt Erikoisjoukoissa: Tuotanto puuttui vakavaan tilanteeseen\n    <\/p>\n<p itemprop=\"description\" class=\"subtitle \">\n    Noora Toivo joutui tarkkailuun Erikoisjoukkojen teht\u00e4v\u00e4ss\u00e4.\n<\/p>\n<p>        <\/a><\/p>\n<p>Erikoinen haju<\/p>\n<p class=\"article-content article-content-width !bg-background\">Televisioon ei v\u00e4lity luonnollisesti kaikki hetket todellisesta kuvaushetkest\u00e4.\u00a0Esimerkiksi hajut ovat yksi niist\u00e4. Mia paljastaa podcastissa, ett\u00e4 kesken teht\u00e4v\u00e4n teon alkoi ilmassa leijalla erikoinen tuoksu.<\/p>\n<p class=\"article-content article-content-width !bg-background\"> \u2013 \u00a0Jollakin oli karannut pieru selke\u00e4sti, Mia muistelee naureskellen ja jatkaa:<\/p>\n<p class=\"article-content article-content-width !bg-background\"> \u2013 \u00a0Ensin puhutaan siit\u00e4 teht\u00e4v\u00e4st\u00e4 ja siihen liittyv\u00e4st\u00e4 ahdistuksesta ja sitten tulee yht\u00e4kki\u00e4 v\u00e4likommentti: T\u00e4\u00e4ll\u00e4 haisee pieru. Sellainen pierun pikkulemahdus. Siin\u00e4 kiireess\u00e4 saattaa karata.<\/p>\n<p class=\"article-content article-content-width !bg-background\">Se, kenell\u00e4 pieru p\u00e4\u00e4si, ei ole selvinnyt.<\/p>\n<p class=\"article-content article-content-width !bg-background\"> \u2013 Mutta kell\u00e4? Se j\u00e4i selvitt\u00e4m\u00e4tt\u00e4, Karoliina pohdiskelee.<\/p>\n<p class=\"article-content article-content-width !bg-background\"> \u2013 Se ei ole ainakaan t\u00e4h\u00e4n p\u00e4iv\u00e4\u00e4n asti selvinnyt, Mia jatkaa nauraen.<\/p>\n<p class=\"italic m-italic article-content article-content-width !bg-background\">Amazing-podcast Ruudussa. Amazing Race Suomi lauantaisin Nelosella ja Ruudussa.\u00a0<\/p>\n<p>        <a itemprop=\"url\" href=\"https:\/\/www.seiska.fi\/kotimaa\/paula-noroselta-allottava-paljastus\/2011453\" rel=\"nofollow noopener\" target=\"_blank\"><\/p>\n<p>\nPaula Noronen\n<\/p>\n<p class=\"section-date\">\n        <strong class=\"article-section\" data-section=\"kotimaa\"><br \/>\n            kotimaa<br \/>\n        <\/strong><br \/>\n        4.12. 13:31\n    <\/p>\n<p>Paula Noroselta \u00e4ll\u00f6tt\u00e4v\u00e4 paljastus\n    <\/p>\n<p itemprop=\"description\" class=\"subtitle \">\n    Paula Noronen korkkasi oluen pudottuaan Amazing Race -sarjasta.\n<\/p>\n<p>        <\/a><\/p>\n","protected":false},"excerpt":{"rendered":"20251027, Helsinki. Amazing Race Suomi 2025 pressi. Kuvassa Karoliina Tuominen ja Mia Haataja. Timo Korhonen Katsojat eiv\u00e4t voi&hellip;\n","protected":false},"author":2,"featured_media":109026,"comment_status":"","ping_status":"","sticky":false,"template":"","format":"standard","meta":{"footnotes":""},"categories":[133],"tags":[3177,20424,19653,137,33,31,30,16089,16329,14763,14762,2923,20423,32,20422,206,2911,156,109],"class_list":{"0":"post-109025","1":"post","2":"type-post","3":"status-publish","4":"format-standard","5":"has-post-thumbnail","7":"category-televisiot","8":"tag-amazing-race-suomi","9":"tag-amazing-podcast","10":"tag-chiang-mai","11":"tag-entertainment","12":"tag-fi","13":"tag-finland","14":"tag-finnish","15":"tag-karoliina-tuominen","16":"tag-mia-haataja","17":"tag-pieru","18":"tag-pieruhuumori","19":"tag-podcast","20":"tag-podcast-juontaja","21":"tag-suomi","22":"tag-tangram-pulmapeli","23":"tag-televisiot","24":"tag-thaimaa","25":"tag-tv","26":"tag-viihde"},"share_on_mastodon":{"url":"https:\/\/pubeurope.com\/@fi\/115671190927411364","error":""},"_links":{"self":[{"href":"https:\/\/www.europesays.com\/fi\/wp-json\/wp\/v2\/posts\/109025","targetHints":{"allow":["GET"]}}],"collection":[{"href":"https:\/\/www.europesays.com\/fi\/wp-json\/wp\/v2\/posts"}],"about":[{"href":"https:\/\/www.europesays.com\/fi\/wp-json\/wp\/v2\/types\/post"}],"author":[{"embeddable":true,"href":"https:\/\/www.europesays.com\/fi\/wp-json\/wp\/v2\/users\/2"}],"replies":[{"embeddable":true,"href":"https:\/\/www.europesays.com\/fi\/wp-json\/wp\/v2\/comments?post=109025"}],"version-history":[{"count":0,"href":"https:\/\/www.europesays.com\/fi\/wp-json\/wp\/v2\/posts\/109025\/revisions"}],"wp:featuredmedia":[{"embeddable":true,"href":"https:\/\/www.europesays.com\/fi\/wp-json\/wp\/v2\/media\/109026"}],"wp:attachment":[{"href":"https:\/\/www.europesays.com\/fi\/wp-json\/wp\/v2\/media?parent=109025"}],"wp:term":[{"taxonomy":"category","embeddable":true,"href":"https:\/\/www.europesays.com\/fi\/wp-json\/wp\/v2\/categories?post=109025"},{"taxonomy":"post_tag","embeddable":true,"href":"https:\/\/www.europesays.com\/fi\/wp-json\/wp\/v2\/tags?post=109025"}],"curies":[{"name":"wp","href":"https:\/\/api.w.org\/{rel}","templated":true}]}}