{"id":109029,"date":"2025-12-06T06:32:08","date_gmt":"2025-12-06T06:32:08","guid":{"rendered":"https:\/\/www.europesays.com\/fi\/109029\/"},"modified":"2025-12-06T06:32:08","modified_gmt":"2025-12-06T06:32:08","slug":"suuri-muutos-ajokorttiin-rajoittava-merkinta-poistuu","status":"publish","type":"post","link":"https:\/\/www.europesays.com\/fi\/109029\/","title":{"rendered":"Suuri muutos ajokorttiin \u2013 Rajoittava merkint\u00e4 poistuu"},"content":{"rendered":"<p>Uusi EU:n ajokorttidirektiivi mahdollistaa vastaisuudessa ajokokeen suorittamisen automaattivaihteisella autolla, eik\u00e4 korttiin j\u00e4\u00e4 en\u00e4\u00e4 merkint\u00e4\u00e4 t\u00e4st\u00e4.<\/p>\n<p><img decoding=\"async\" class=\"image image-show image-preview\" src=\"https:\/\/www.europesays.com\/fi\/wp-content\/uploads\/2025\/12\/58645031940c1437a43a43016ef97cacbf7c2548426a0f04e94dacbab03347bc.jpg\" alt=\"\"\/><img decoding=\"async\" class=\"image image-show\" src=\"https:\/\/www.europesays.com\/fi\/wp-content\/uploads\/2025\/12\/1765002728_749_58645031940c1437a43a43016ef97cacbf7c2548426a0f04e94dacbab03347bc.jpg\" alt=\"\"\/><\/p>\n<p>Tulevaisuudessa on mahdollista saada ajokortti ilman automaattivaihteistomerkint\u00e4\u00e4, vaikka ajokoe olisi suoritettu automaattiautolla. Arttu Toivonen<\/p>\n<p class=\"paragraph\">Marraskuun 25. p\u00e4iv\u00e4n\u00e4 t\u00e4n\u00e4 vuonna voimaan tullut uusi ajokorttidirektiivi on ottanut viimein huomioon my\u00f6s nykyajan muuttuvan autokaluston.<\/p>\n<p class=\"paragraph\">Automaattivaihteisten autojen myynti on nimitt\u00e4in jo aikaa sitten ohittanut manuaalivaihteisten autojen myynnin, mik\u00e4 ei tietystik\u00e4\u00e4n voi olla vaikuttamatta siihen, millaisilla autoilla esimerkiksi opetusluvalla ajokorttia hankkivat ajavat.<\/p>\n<p class=\"paragraph\">Samoin s\u00e4hk\u00f6autojen kasvava m\u00e4\u00e4r\u00e4 muuttaa pelikentt\u00e4\u00e4 ajokokeessa.<\/p>\n<p class=\"paragraph\">Aiemmin ajokokeen suorittaminen automaattivaihteisella autolla on tarkoittanut automaattisesti sit\u00e4, ettei l\u00e4p\u00e4istyll\u00e4 kokeella saadulla kortilla ole saanut ajaa muuta kuin automaattivaihteista autoa.<\/p>\n<p>Muutama tunti ajoa<\/p>\n<p class=\"paragraph\">Tuoreessa ajokorttidirektiiviss\u00e4 mahdollistetaan ajokokeen suorittaminen automaattivaihteisella autolla niin, ettei ajokorttiin tule tuota merkint\u00e4\u00e4.<\/p>\n<p class=\"paragraph\">Aivan t\u00e4llaisenaan homma ei onnistu, sill\u00e4 tuohon p\u00e4\u00e4st\u00e4kseen on ajokorttia hankkiessa A-, B- tai BE-koulutuksen aikana pit\u00e4nyt ajaa seitsem\u00e4n oppituntia manuaalivaihteisella autolla.<\/p>\n<p class=\"paragraph\">Tarkasti ottaen direktiiviss\u00e4 mainitaan, ett\u00e4 tuon ajotuntim\u00e4\u00e4r\u00e4n voi suorittaa my\u00f6s ajokortin my\u00f6nt\u00e4misen j\u00e4lkeen, jolloin aiemmin tullut automaattivaihteistomerkint\u00e4 poistetaan j\u00e4lkik\u00e4teen.<\/p>\n<p class=\"paragraph\">Erillist\u00e4 ajokoetta ei kuitenkaan tuossakaan kohdassa en\u00e4\u00e4 vaadita.<\/p>\n<p class=\"paragraph\">Erityisasiantuntija <strong>Marjo Immonen<\/strong> Traficomilta kertoo, ett\u00e4 muutoksen implementointiaikaa on 4 vuotta.<\/p>\n<p class=\"paragraph\">Muutos astuu voimaan siis viimeist\u00e4\u00e4n vuonna 2029, sill\u00e4 se vaatii muutoksen saattamisen my\u00f6s osaksi kotimaista lains\u00e4\u00e4d\u00e4nt\u00f6\u00e4.<\/p>\n","protected":false},"excerpt":{"rendered":"Uusi EU:n ajokorttidirektiivi mahdollistaa vastaisuudessa ajokokeen suorittamisen automaattivaihteisella autolla, eik\u00e4 korttiin j\u00e4\u00e4 en\u00e4\u00e4 merkint\u00e4\u00e4 t\u00e4st\u00e4. Tulevaisuudessa on mahdollista&hellip;\n","protected":false},"author":2,"featured_media":109030,"comment_status":"","ping_status":"","sticky":false,"template":"","format":"standard","meta":{"footnotes":""},"categories":[14],"tags":[35,648,22,23,26,27,33,31,30,17,2187,24,25,121,28,29,82,15,18,21,32,128,19,20,56,16,59,60,61],"class_list":{"0":"post-109029","1":"post","2":"type-post","3":"status-publish","4":"format-standard","5":"has-post-thumbnail","7":"category-ulkomaat","8":"tag-24h","9":"tag-autot","10":"tag-breaking-news","11":"tag-breakingnews","12":"tag-featured-news","13":"tag-featurednews","14":"tag-fi","15":"tag-finland","16":"tag-finnish","17":"tag-headlines","18":"tag-kulkuneuvot","19":"tag-latest-news","20":"tag-latestnews","21":"tag-liikenne-ja-kuljetus","22":"tag-main-news","23":"tag-mainnews","24":"tag-moottoriajoneuvot","25":"tag-news","26":"tag-otsikot","27":"tag-paauutiset","28":"tag-suomi","29":"tag-tieliikenne","30":"tag-top-stories","31":"tag-topstories","32":"tag-ulkomaat","33":"tag-uutiset","34":"tag-world","35":"tag-world-news","36":"tag-worldnews"},"share_on_mastodon":{"url":"https:\/\/pubeurope.com\/@fi\/115671226648455806","error":""},"_links":{"self":[{"href":"https:\/\/www.europesays.com\/fi\/wp-json\/wp\/v2\/posts\/109029","targetHints":{"allow":["GET"]}}],"collection":[{"href":"https:\/\/www.europesays.com\/fi\/wp-json\/wp\/v2\/posts"}],"about":[{"href":"https:\/\/www.europesays.com\/fi\/wp-json\/wp\/v2\/types\/post"}],"author":[{"embeddable":true,"href":"https:\/\/www.europesays.com\/fi\/wp-json\/wp\/v2\/users\/2"}],"replies":[{"embeddable":true,"href":"https:\/\/www.europesays.com\/fi\/wp-json\/wp\/v2\/comments?post=109029"}],"version-history":[{"count":0,"href":"https:\/\/www.europesays.com\/fi\/wp-json\/wp\/v2\/posts\/109029\/revisions"}],"wp:featuredmedia":[{"embeddable":true,"href":"https:\/\/www.europesays.com\/fi\/wp-json\/wp\/v2\/media\/109030"}],"wp:attachment":[{"href":"https:\/\/www.europesays.com\/fi\/wp-json\/wp\/v2\/media?parent=109029"}],"wp:term":[{"taxonomy":"category","embeddable":true,"href":"https:\/\/www.europesays.com\/fi\/wp-json\/wp\/v2\/categories?post=109029"},{"taxonomy":"post_tag","embeddable":true,"href":"https:\/\/www.europesays.com\/fi\/wp-json\/wp\/v2\/tags?post=109029"}],"curies":[{"name":"wp","href":"https:\/\/api.w.org\/{rel}","templated":true}]}}