{"id":109039,"date":"2025-12-06T06:54:08","date_gmt":"2025-12-06T06:54:08","guid":{"rendered":"https:\/\/www.europesays.com\/fi\/109039\/"},"modified":"2025-12-06T06:54:08","modified_gmt":"2025-12-06T06:54:08","slug":"ylen-paatos-hermostutti-katsojat-katri-helenan-viimeinen-konsertti-tanaan-tvssa-vaarin","status":"publish","type":"post","link":"https:\/\/www.europesays.com\/fi\/109039\/","title":{"rendered":"Ylen p\u00e4\u00e4t\u00f6s hermostutti katsojat: Katri Helenan viimeinen konsertti t\u00e4n\u00e4\u00e4n tv:ss\u00e4 \u2013 \u201dV\u00e4\u00e4rin\u201d"},"content":{"rendered":"<p><img decoding=\"async\" class=\"image image-show image-preview\" src=\"https:\/\/www.europesays.com\/fi\/wp-content\/uploads\/2025\/12\/31f5d4fc6ebd7f0905c0840fac4f63d59dc35b8f704ee105ea4b286c199da2c5.jpg\" alt=\"\"\/><img decoding=\"async\" class=\"image image-show\" src=\"https:\/\/www.europesays.com\/fi\/wp-content\/uploads\/2025\/12\/1765004048_952_31f5d4fc6ebd7f0905c0840fac4f63d59dc35b8f704ee105ea4b286c199da2c5.jpg\" alt=\"\"\/><\/p>\n<p>Katri Helena nousi viimeisen kerran laulajauransa aikana yleis\u00f6n eteen viime kes\u00e4n\u00e4. Elokuinen konsertti n\u00e4hd\u00e4\u00e4n t\u00e4n\u00e4\u00e4n TV1:ll\u00e4. Timur Yilmaz<\/p>\n<p class=\"paragraph\"><a href=\"https:\/\/www.iltalehti.fi\/henkilot\/Katri Helena\" class=\"article-link-person-page\" rel=\"nofollow noopener\" target=\"_blank\">Katri Helenan<\/a> viimeinen esiintyminen tapahtui suurkonsertissa Helsingin Olympiastadionilla t\u00e4m\u00e4n vuoden elokuussa. Ajankohta oli valittu sopivasti artistin 80-vuotissyntym\u00e4p\u00e4iv\u00e4n aatoksi, kun uraa oli kest\u00e4nyt yli 60 vuotta. J\u00e4\u00e4hyv\u00e4iskonsertti n\u00e4hd\u00e4\u00e4n nyt ensimm\u00e4ist\u00e4 kertaa tv:ss\u00e4.<\/p>\n<p class=\"paragraph\"><a href=\"https:\/\/www.iltalehti.fi\/tv-ja-leffat\/37485ff5-3999-4cd2-a65f-f9490bbe8f66\" rel=\"nofollow noopener\" target=\"_blank\">Alun perin Ylen piti esitt\u00e4\u00e4 keikka suorana l\u00e4hetyksen\u00e4<\/a>. Suunnitelmat kuitenkin muuttuivat. Yle neuvotteli j\u00e4rjest\u00e4jien kanssa kev\u00e4\u00e4ll\u00e4 ja viel\u00e4 kes\u00e4ll\u00e4kin, mutta suorasta l\u00e4hetyksest\u00e4 p\u00e4\u00e4dyttiin lopulta luopumaan. Tuolloin osa suomalaisista hermostui.<\/p>\n<p class=\"paragraph\">\u2013\u2009Kyll\u00e4h\u00e4n lupauksista pit\u00e4\u00e4 kantaa vastuu! muun muassa <strong>P\u00e4ivi<\/strong> per\u00e4\u00e4nkuulutti Iltalehden <a href=\"https:\/\/www.facebook.com\/Iltalehti.fi\" target=\"_blank\" rel=\"noopener nofollow\">Facebookissa<\/a>.<\/p>\n<p class=\"paragraph\">\u2013\u2009V\u00e4\u00e4rin&#8230; Suomen kansan ikonin p\u00e4\u00e4t\u00f6sjuhlakonsertti! Sen l\u00e4hetysp\u00e4iv\u00e4 on juuri konserttip\u00e4iv\u00e4n\u00e4, <strong>Pirjo<\/strong> purnasi.<\/p>\n<p class=\"paragraph\">\u2013\u2009Pahus sent\u00e4\u00e4n, <strong>Railia<\/strong> potutti.<\/p>\n<p class=\"paragraph\">\u2013\u2009Mik\u00e4 pettymys, <strong>Pentti\u00e4<\/strong> harmitti.<\/p>\n<p class=\"paragraph\">\u2013\u2009H\u00e4pe\u00e4, Yle, <strong>Mauno<\/strong> kehotti.<\/p>\n<p class=\"paragraph\">\u2013\u2009No on outoa, <strong>Kirsti<\/strong> ihmetteli<\/p>\n<p>Yle piti t\u00e4rke\u00e4n\u00e4, ett\u00e4 Katri Helenan viimeisen konsertin taltiointi ylip\u00e4\u00e4t\u00e4\u00e4n onnistui, vaikka suorasta l\u00e4hetyksest\u00e4 jouduttiin luopumaan. Timur Yilmaz<\/p>\n<p class=\"paragraph\"><strong>Evan<\/strong> mielest\u00e4 itsen\u00e4isyysp\u00e4iv\u00e4 kuuluu omistaa Suomen itsen\u00e4isyyteen liittyville ohjelmille, kuten Linnan juhlille.<\/p>\n<p class=\"paragraph\">\u2013\u2009En silloin katso Katri Helenan konserttia! On sekaisin ohjelmasuunnittelu! Eva kritisoi.<\/p>\n<p class=\"paragraph\">\u2013\u2009Mink\u00e4 takia itsen\u00e4isyysp\u00e4iv\u00e4n\u00e4? Itsen\u00e4isyyden p\u00e4iv\u00e4 on p\u00e4iv\u00e4, jolloin seurataan esimerkiksi Linnan juhlia, my\u00f6s <strong>Maija-Liisa<\/strong> kummasteli ajankohtaa.<\/p>\n<p class=\"paragraph\">Maija-Liisan mielest\u00e4 parempi esitysajankohta olisi ollut itsen\u00e4isyysp\u00e4iv\u00e4n aattona. Monen mielest\u00e4 konsertti taas olisi kuulunut uudenvuoden juhlintaan.<\/p>\n<p>Henry ja kumppanit, huoli pois: t\u00e4n\u00e4\u00e4n n\u00e4kee perinteisest\u00e4 tv:st\u00e4 halutessaan sek\u00e4 Tuntemattoman sotilaan ett\u00e4 Katri Helena \u2013 Viimeinen ilta -konsertin.  Oy Suomen Filmiteollisuus, Edvin Laine, Yle<\/p>\n<p class=\"paragraph\"><strong>Henry<\/strong> puolestaan aprikoi, j\u00e4\u00e4k\u00f6 Tuntematon sotilas konsertin vuoksi tyystin ohjelmistosta pois. Ei j\u00e4\u00e4. <strong>Edvin Laineen<\/strong> klassikkoelokuva vuodelta 1955 esitet\u00e4\u00e4n t\u00e4n\u00e4\u00e4n Teemalla &amp; Femill\u00e4 kello 12.02 alkaen. Se p\u00e4\u00e4ttyy juuri sopivasti, kun Katri Helenan viimeinen ilta alkaa. V\u00e4liss\u00e4 ehtii viel\u00e4 halutessaan katsoa Teemalta &amp; Femilt\u00e4 kello 14.53, milt\u00e4 n\u00e4ytt\u00e4\u00e4 ja kuulostaa Sibelius-lukion nuorten muusikoiden ja tanssijoiden uusi <strong>Sibeliuksen<\/strong> Finlandia.<\/p>\n<p>Katri Helenan elokuisessa konsertissa lavalla n\u00e4htiin muitakin Suomen eturivin naislaulajia, kuten Ellinoora, Erika Vikman, Jenni Vartiainen, Hanna Pakarinen, Erin, Anna Puu, Ida Paul, Paula Vesala ja Nina Tapio. Timur Yilmaz<\/p>\n<p class=\"paragraph\">Katri Helenan konsertissa kuultiin kes\u00e4ll\u00e4 muun muassa hitit Katson sineen taivaan, Nuoruus on seikkailu, Vasten auringon siltaa, Puhelinlangat laulaa, Katson autiota hiekkarantaa, Almaz, onnen lapsi, Kes\u00e4n lapsi, Letkis, Minne tuuli kuljettaa, Ei kauniimpaa, Mun syd\u00e4meni t\u00e4nne j\u00e4\u00e4, Lintu ja lapsi sek\u00e4 Anna mulle t\u00e4htitaivas. Konsertin p\u00e4\u00e4tti El\u00e4m\u00e4n tie.<\/p>\n<p class=\"paragraph\">Katri Helena \u2013 Viimeinen ilta t\u00e4n\u00e4\u00e4n TV1:ll\u00e4 kello 15.00 &amp; Areenassa. <a href=\"https:\/\/www.iltalehti.fi\/telkku\/\" rel=\"nofollow noopener\" target=\"_blank\">Katso kaikki\u00a0TV-ohjelmat ja l\u00e4hetysajat Telkun TV-oppaasta<\/a>.<\/p>\n","protected":false},"excerpt":{"rendered":"Katri Helena nousi viimeisen kerran laulajauransa aikana yleis\u00f6n eteen viime kes\u00e4n\u00e4. Elokuinen konsertti n\u00e4hd\u00e4\u00e4n t\u00e4n\u00e4\u00e4n TV1:ll\u00e4. Timur Yilmaz&hellip;\n","protected":false},"author":2,"featured_media":109040,"comment_status":"","ping_status":"","sticky":false,"template":"","format":"standard","meta":{"footnotes":""},"categories":[130],"tags":[35,138,137,33,31,30,47,141,742,32,484,109],"class_list":{"0":"post-109039","1":"post","2":"type-post","3":"status-publish","4":"format-standard","5":"has-post-thumbnail","7":"category-viihde","8":"tag-24h","9":"tag-audio","10":"tag-entertainment","11":"tag-fi","12":"tag-finland","13":"tag-finnish","14":"tag-musiikki","15":"tag-muusikot-bandit","16":"tag-suomalainen-musiikki","17":"tag-suomi","18":"tag-taiteellinen-ilmaisu-ja-mediat","19":"tag-viihde"},"share_on_mastodon":{"url":"https:\/\/pubeurope.com\/@fi\/115671313047459646","error":""},"_links":{"self":[{"href":"https:\/\/www.europesays.com\/fi\/wp-json\/wp\/v2\/posts\/109039","targetHints":{"allow":["GET"]}}],"collection":[{"href":"https:\/\/www.europesays.com\/fi\/wp-json\/wp\/v2\/posts"}],"about":[{"href":"https:\/\/www.europesays.com\/fi\/wp-json\/wp\/v2\/types\/post"}],"author":[{"embeddable":true,"href":"https:\/\/www.europesays.com\/fi\/wp-json\/wp\/v2\/users\/2"}],"replies":[{"embeddable":true,"href":"https:\/\/www.europesays.com\/fi\/wp-json\/wp\/v2\/comments?post=109039"}],"version-history":[{"count":0,"href":"https:\/\/www.europesays.com\/fi\/wp-json\/wp\/v2\/posts\/109039\/revisions"}],"wp:featuredmedia":[{"embeddable":true,"href":"https:\/\/www.europesays.com\/fi\/wp-json\/wp\/v2\/media\/109040"}],"wp:attachment":[{"href":"https:\/\/www.europesays.com\/fi\/wp-json\/wp\/v2\/media?parent=109039"}],"wp:term":[{"taxonomy":"category","embeddable":true,"href":"https:\/\/www.europesays.com\/fi\/wp-json\/wp\/v2\/categories?post=109039"},{"taxonomy":"post_tag","embeddable":true,"href":"https:\/\/www.europesays.com\/fi\/wp-json\/wp\/v2\/tags?post=109039"}],"curies":[{"name":"wp","href":"https:\/\/api.w.org\/{rel}","templated":true}]}}