{"id":109055,"date":"2025-12-06T07:20:09","date_gmt":"2025-12-06T07:20:09","guid":{"rendered":"https:\/\/www.europesays.com\/fi\/109055\/"},"modified":"2025-12-06T07:20:09","modified_gmt":"2025-12-06T07:20:09","slug":"netflixin-ennatyksia-rikkonut-agenttisarja-jatkuu-kevaalla-teasertraileri-tarjoaa-heti-jannityksen-hetkia","status":"publish","type":"post","link":"https:\/\/www.europesays.com\/fi\/109055\/","title":{"rendered":"Netflixin enn\u00e4tyksi\u00e4 rikkonut agenttisarja jatkuu kev\u00e4\u00e4ll\u00e4 &#8211; teasertraileri tarjoaa heti j\u00e4nnityksen hetki\u00e4"},"content":{"rendered":"<p>Netflix on paljastanut viimein, milloin sen esitt\u00e4m\u00e4 enn\u00e4tyksi\u00e4 rikkonut agenttisarja The Night Agent palaa suoratoistoruutuihin kolmannen tuotantokautensa merkeiss\u00e4. Tarjolla on my\u00f6s ensimm\u00e4inen teaseri tulevasta kaudesta.<\/p>\n<p>The Night Agentin kolmas kausi ilmestyy Netflixiss\u00e4 19. helmikuuta 2026.<\/p>\n<p>Lue my\u00f6s: <a href=\"https:\/\/www.episodi.fi\/uutiset\/kaikkien-aikojen-parhaat-netflix-sarjat-listattu-onko-oma-suosikkisi-mukana\/\" title=\"Kaikkien aikojen parhaat Netflix-sarjat listattu \u2013\u00a0Onko oma suosikkisi mukana?\" class=\"underline-custom !font-montserrat !font-bold !underline-offset-4 !decoration-4 !decoration-episodi-blue !text-md\" rel=\"nofollow noopener\" target=\"_blank\">Kaikkien aikojen parhaat Netflix-sarjat listattu \u2013\u00a0Onko oma suosikkisi mukana?<\/a><\/p>\n<p>Lue my\u00f6s: <a href=\"https:\/\/www.episodi.fi\/uutiset\/nyt-suoratoistona-agentti-soluttautuu-rikollisten-joukkoon-tositarina-1980-luvun-huumebisneksesta-2\/\" title=\"Nyt suoratoistona: Agentti keskell\u00e4 salaista peiteteht\u00e4v\u00e4\u00e4 \u2013 tositarina 1980-luvun huumejahdista\" class=\"underline-custom !font-montserrat !font-bold !underline-offset-4 !decoration-4 !decoration-episodi-blue !text-md\" rel=\"nofollow noopener\" target=\"_blank\">Nyt suoratoistona: Agentti keskell\u00e4 salaista peiteteht\u00e4v\u00e4\u00e4 \u2013 tositarina 1980-luvun huumejahdista<\/a><\/p>\n<p>My\u00f6s <strong>Renny Harlinin<\/strong> uusissa Strangers-elokuvissa esiintyv\u00e4 <strong>Gabriel Basso<\/strong> palaa sarjan p\u00e4\u00e4rooliin y\u00f6agentti Peter Sutherlandiksi. Uusina kasvoina tullaan t\u00e4ll\u00e4 kertaa n\u00e4kem\u00e4\u00e4n muun muassa<strong> Stephen Moyer<\/strong> (True Blood), <strong>Genesis Rodriguez<\/strong> (Entourage, The Umbrella Academy, Big Hero 6), <strong>Jennifer Morrison<\/strong> (House, Ensisilm\u00e4yksell\u00e4, Once Upon a Time, This Is Us) and <strong>David Lyons<\/strong> (Teho-osasto) ja <strong>Suraj Sharma<\/strong> (Piin el\u00e4m\u00e4, Homeland \u2013 Is\u00e4nmaan puolesta). <\/p>\n<p>Sarja seuraa Sutherlandia, joka joutuu t\u00e4ll\u00e4 kertaa selvittelem\u00e4\u00e4n tulenarkaa tilannetta, jossa h\u00e4nen on l\u00f6ydett\u00e4v\u00e4 valtion salaisten asiakirjojen kera Istanbuliin paennut agentti.<\/p>\n<p>Sarjan vuonna 2023 debytoinut avauskausi nousi ilmestymisens\u00e4 j\u00e4lkeen nopeasti Netflixin siihen menness\u00e4 katsotuimmaksi alkuper\u00e4issarjasis\u00e4ll\u00f6ksi. Kausi l\u00f6ytyy edelleen suoratoistoj\u00e4tin katsotuimpien englannin kielisten sarjojen Top10-listalta sijalta yhdeks\u00e4n.<\/p>\n<p>Lue my\u00f6s: <a href=\"https:\/\/www.episodi.fi\/uutiset\/tata-netflix-elokuvaa-katsovat-nyt-kaikki-mita-tekee-usan-presidentti-kun-ydinohjus-kiitaa-pain-naamaa\/\" title=\"T\u00e4t\u00e4 Netflix -elokuvaa katsovat nyt kaikki \u2013 Mit\u00e4 tekee USA:n presidentti kun ydinohjus kiit\u00e4\u00e4 p\u00e4in naamaa?\" class=\"underline-custom !font-montserrat !font-bold !underline-offset-4 !decoration-4 !decoration-episodi-blue !text-md\" rel=\"nofollow noopener\" target=\"_blank\">T\u00e4t\u00e4 Netflix -elokuvaa katsovat nyt kaikki \u2013 Mit\u00e4 tekee USA:n presidentti kun ydinohjus kiit\u00e4\u00e4 p\u00e4in naamaa?<\/a><\/p>\n<p>Katso The Night Agentin kolmannen kauden virallinen teasertraileri alta.<\/p>\n<p>L\u00e4hde: <strong><a href=\"https:\/\/deadline.com\/2025\/12\/the-night-agent-season-3-premiere-date-teaser-photos-plot-1236635452\/\" rel=\"nofollow noopener\" target=\"_blank\">Deadline<\/a><\/strong>, <strong><a href=\"https:\/\/www.netflix.com\/tudum\/top10\/most-popular\/tv\" rel=\"nofollow noopener\" target=\"_blank\">Netflix Top10<\/a><\/strong><\/p>\n<p>Lue my\u00f6s: <a href=\"https:\/\/www.episodi.fi\/uutiskirje\/?uutiskirjemainos=tekstilinkkimainos\" title=\"Tilaa Episodin uutiskirje ja voit voittaa leffalippuja! Nappaa tv-vinkit suoraan s\u00e4hk\u00f6postiin t\u00e4st\u00e4.\" class=\"underline-custom !font-montserrat !font-bold !underline-offset-4 !decoration-4 !decoration-episodi-blue !text-md\" rel=\"nofollow noopener\" target=\"_blank\">Tilaa Episodin uutiskirje ja voit voittaa leffalippuja! Nappaa katseluvinkit suoraan s\u00e4hk\u00f6postiin t\u00e4st\u00e4.<\/a><\/p>\n","protected":false},"excerpt":{"rendered":"Netflix on paljastanut viimein, milloin sen esitt\u00e4m\u00e4 enn\u00e4tyksi\u00e4 rikkonut agenttisarja The Night Agent palaa suoratoistoruutuihin kolmannen tuotantokautensa merkeiss\u00e4.&hellip;\n","protected":false},"author":2,"featured_media":109056,"comment_status":"","ping_status":"","sticky":false,"template":"","format":"standard","meta":{"footnotes":""},"categories":[130],"tags":[137,33,31,30,20426,217,32,570,20334,1108,571,109],"class_list":{"0":"post-109055","1":"post","2":"type-post","3":"status-publish","4":"format-standard","5":"has-post-thumbnail","7":"category-viihde","8":"tag-entertainment","9":"tag-fi","10":"tag-finland","11":"tag-finnish","12":"tag-gabriel-basso","13":"tag-netflix","14":"tag-suomi","15":"tag-suoratoisto","16":"tag-the-night-agent","17":"tag-trailerit","18":"tag-tv-sarjat","19":"tag-viihde"},"share_on_mastodon":{"url":"https:\/\/pubeurope.com\/@fi\/115671415121285373","error":""},"_links":{"self":[{"href":"https:\/\/www.europesays.com\/fi\/wp-json\/wp\/v2\/posts\/109055","targetHints":{"allow":["GET"]}}],"collection":[{"href":"https:\/\/www.europesays.com\/fi\/wp-json\/wp\/v2\/posts"}],"about":[{"href":"https:\/\/www.europesays.com\/fi\/wp-json\/wp\/v2\/types\/post"}],"author":[{"embeddable":true,"href":"https:\/\/www.europesays.com\/fi\/wp-json\/wp\/v2\/users\/2"}],"replies":[{"embeddable":true,"href":"https:\/\/www.europesays.com\/fi\/wp-json\/wp\/v2\/comments?post=109055"}],"version-history":[{"count":0,"href":"https:\/\/www.europesays.com\/fi\/wp-json\/wp\/v2\/posts\/109055\/revisions"}],"wp:featuredmedia":[{"embeddable":true,"href":"https:\/\/www.europesays.com\/fi\/wp-json\/wp\/v2\/media\/109056"}],"wp:attachment":[{"href":"https:\/\/www.europesays.com\/fi\/wp-json\/wp\/v2\/media?parent=109055"}],"wp:term":[{"taxonomy":"category","embeddable":true,"href":"https:\/\/www.europesays.com\/fi\/wp-json\/wp\/v2\/categories?post=109055"},{"taxonomy":"post_tag","embeddable":true,"href":"https:\/\/www.europesays.com\/fi\/wp-json\/wp\/v2\/tags?post=109055"}],"curies":[{"name":"wp","href":"https:\/\/api.w.org\/{rel}","templated":true}]}}