{"id":109069,"date":"2025-12-06T07:42:08","date_gmt":"2025-12-06T07:42:08","guid":{"rendered":"https:\/\/www.europesays.com\/fi\/109069\/"},"modified":"2025-12-06T07:42:08","modified_gmt":"2025-12-06T07:42:08","slug":"kaikki-on-suomessa-paremmin-kuin-koskaan-sanoo-laulaja-olli-halonen-kulttuuri","status":"publish","type":"post","link":"https:\/\/www.europesays.com\/fi\/109069\/","title":{"rendered":"\u201dKaikki on Suomessa paremmin kuin koskaan\u201d, sanoo laulaja Olli Halonen | Kulttuuri"},"content":{"rendered":"<p class=\"aw-1gybjub aw-1p7kakr kEtdKx cEmitX yle__article__paragraph\">Laulaja <strong class=\"aw-ak79eh KyCXm yle__article__strong\">Olli Halonen<\/strong> on tehnyt uran laulamalla Suomesta, jossa kaikki on korostetun hyvin.<\/p>\n<p class=\"aw-1gybjub aw-1p7kakr kEtdKx cEmitX yle__article__paragraph\">Kyl\u00e4 keskell\u00e4 ei mit\u00e4\u00e4n -kappaleesta on tullut hitti. Siin\u00e4 Halonen laulaa pienest\u00e4 paikkakunnasta, jossa kaikki tuntevat toisensa. On kauppa ja huoltoaseman kahvila. Parkkiksella jokainen tunnistaa toisensa.<\/p>\n<p class=\"aw-1gybjub aw-1p7kakr kEtdKx cEmitX yle__article__paragraph\">Kaikki sujuu lupsakasti ja yhteis\u00f6llisyys luo turvaverkon.<\/p>\n<p class=\"aw-1gybjub aw-1p7kakr kEtdKx cEmitX yle__article__paragraph\">Samaan aikaan uutisissa kerrotaan synkist\u00e4 ty\u00f6tt\u00f6myysluvuista ja terveydenhuollon ongelmista.<\/p>\n<p class=\"aw-1gybjub aw-1p7kakr kEtdKx cEmitX yle__article__paragraph\">Onko iskelm\u00e4laulajan maailmankuva todenmukainen vai haavekuva?<\/p>\n<p class=\"aw-1gybjub aw-1p7kakr kEtdKx cEmitX yle__article__paragraph\">Ymp\u00e4ri Suomea keikka-autollaan kiert\u00e4v\u00e4 Halonen sanoo, ett\u00e4 suomalaiset ovat kaikesta huolimatta onnellisia. H\u00e4nen mukaansa kaikki on nyt paremmin kuin koskaan.<\/p>\n<p class=\"aw-1gybjub aw-1p7kakr kEtdKx cEmitX yle__article__paragraph\">\u2013 Meill\u00e4 on vapaa ja turvallinen yhteiskunta. Moni on her\u00e4nnyt siihen, ett\u00e4 se ei ole itsest\u00e4\u00e4nselvyys.<\/p>\n<p><img decoding=\"async\" alt=\"Mies seisoo puun edess\u00e4 pukeutuneena harmaaseen neulepaitaan ja farkkuihin, pit\u00e4en kitaraa k\u00e4siss\u00e4\u00e4n ulkoilmassa.\" src=\"https:\/\/www.europesays.com\/fi\/wp-content\/uploads\/2025\/12\/39-1555627691c629f5d380.jpeg\" loading=\"lazy\" class=\"aw-1l9m598 hKVVvP\"\/><\/p>\n<p>Avaa kuvien katselu<\/p>\n<p>\u2013 Vaikka tyk\u00e4t\u00e4\u00e4n maalailla uhkakuvia kaikesta, niin kyll\u00e4 mun mielest\u00e4 suomalainen yhteiskunta on \u00e4\u00e4rimm\u00e4isen turvallinen, sanoo muusikko Olli Halonen. Kuva: Benjamin Suomela \/ Yle<\/p>\n<p>Perinteinen musiikki nosteessa<\/p>\n<p class=\"aw-1gybjub aw-1p7kakr kEtdKx cEmitX yle__article__paragraph\">Samaan aikaan kun maailmantilanne huolestuttaa monia, perinteiselle musiikille on suuri kysynt\u00e4. Esimerkiksi iskelm\u00e4yhtye Komiat vet\u00e4\u00e4 tanssipaikat t\u00e4yteen.<\/p>\n<p class=\"aw-1gybjub aw-1p7kakr kEtdKx cEmitX yle__article__paragraph\">\u2013 Jopa <strong class=\"aw-ak79eh KyCXm yle__article__strong\">Robin Packalenin<\/strong> ja <strong class=\"aw-ak79eh KyCXm yle__article__strong\">Isac Elliotin<\/strong> melodiat alkavat olla aika iskelm\u00e4\u00e4, Halonen on havainnut.<\/p>\n<p class=\"aw-1gybjub aw-1p7kakr kEtdKx cEmitX yle__article__paragraph\">Ymp\u00e4ri Suomea esiintyv\u00e4 Halonen saa kuulla l\u00e4hes jokaisen keikan j\u00e4lkeen saman palautteen.<\/p>\n<p class=\"aw-1gybjub aw-1p7kakr kEtdKx cEmitX yle__article__paragraph\">\u201dKiitos kun laulat meist\u00e4, kun kukaan muu ei laula.\u201d<\/p>\n<p class=\"aw-1gybjub aw-1p7kakr kEtdKx cEmitX yle__article__paragraph\">Artistin yleis\u00f6 ei samaistu Spotifyn kuunnelluimpiin kappaleisiin, joissa nuoret el\u00e4v\u00e4t urbaania jetset-el\u00e4m\u00e4\u00e4. Klubit, merkkivaatteet ja kalliit autot tuntuvat et\u00e4isilt\u00e4.<\/p>\n<p class=\"aw-1gybjub aw-1p7kakr kEtdKx cEmitX yle__article__paragraph\">Julkisuudessa seurataan korostuneesti Spotifyn menestyneimpi\u00e4 artisteja. Halonen on huomannut, ett\u00e4 iskelm\u00e4llisill\u00e4 kappaleilla saattaa j\u00e4\u00e4d\u00e4 helposti pimentoon. Radioissa perinteisempi musiikki edelleen soi.<\/p>\n<p class=\"aw-1gybjub aw-1p7kakr kEtdKx cEmitX yle__article__paragraph\">\u2013 Olen ehk\u00e4 yksi harvoista, joka on p\u00e4\u00e4ssyt enemm\u00e4n esille perinteisemm\u00e4ll\u00e4 musiikilla. Yleis\u00f6 tuntuu arvostavan sit\u00e4, ett\u00e4 laulan heid\u00e4n el\u00e4m\u00e4st\u00e4\u00e4n.<\/p>\n<p><img decoding=\"async\" alt=\"Mies seisoo pellolla syksyisess\u00e4 maisemassa, taustalla puinen aita ja mets\u00e4\u00e4.\" src=\"https:\/\/www.europesays.com\/fi\/wp-content\/uploads\/2025\/12\/39-1555626691c629e51d6e.jpeg\" loading=\"lazy\" class=\"aw-1l9m598 hKVVvP\"\/><\/p>\n<p>Avaa kuvien katselu<\/p>\n<p>Ep\u00e4varmoina aikoina ihmiset nojautuvat mieluusti perinteisiin. Olli Halonen uskoo, ett\u00e4 moni vaalii etenkin jouluperinteit\u00e4. \u2013 Sellainen lapsuuden joulu on kiva el\u00e4\u00e4 uudestaan. Kuva: Benjamin Suomela \/ Yle<\/p>\n<p>Muusikko suomalaisuuden ytimest\u00e4<\/p>\n<p class=\"aw-1gybjub aw-1p7kakr kEtdKx cEmitX yle__article__paragraph\">Halonen, 37, laulaa p\u00e4\u00e4kaupunkiseudun ulkopuolisesta Suomesta, mutta asuu t\u00e4ll\u00e4 hetkell\u00e4 Espoossa. Pohjois-Savosta kotoisin oleva laulaja h\u00e4mm\u00e4stelee, ett\u00e4 on ehtinyt el\u00e4\u00e4 jo yli puolet el\u00e4m\u00e4st\u00e4\u00e4n p\u00e4\u00e4kaupunkiseudulla.<\/p>\n<p class=\"aw-1gybjub aw-1p7kakr kEtdKx cEmitX yle__article__paragraph\">Musiikki toi Halosen Helsinkiin, kun h\u00e4n p\u00e4\u00e4si opiskelemaan alaa Metropolia-ammattikorkeakouluun. Sit\u00e4 seurasi Satin Circus -yhtye ja sooloura.<\/p>\n<p class=\"aw-1gybjub aw-1p7kakr kEtdKx cEmitX yle__article__paragraph\">Asuminen esimerkiksi synnyinkaupungissa Kuopiossa ei kuitenkaan onnistuisi t\u00e4ll\u00e4 hetkell\u00e4, sill\u00e4 Halosen ty\u00f6kuviot keskittyv\u00e4t p\u00e4\u00e4kaupunkiseudulle.<\/p>\n<p class=\"aw-1gybjub aw-1p7kakr kEtdKx cEmitX yle__article__paragraph\">Laulajan puheessa on edelleen pieni nuotti, mik\u00e4 paljastaa synnyinseudun.<\/p>\n<p class=\"aw-1gybjub aw-1p7kakr kEtdKx cEmitX yle__article__paragraph\">\u2013 Ajattelen edelleen olevani savolainen.<\/p>\n<p>Romantisoitu kuva Suomesta<\/p>\n<p class=\"aw-1gybjub aw-1p7kakr kEtdKx cEmitX yle__article__paragraph\">Halonen laittaa pyynn\u00f6st\u00e4 silm\u00e4t kiinni. H\u00e4n alkaa kuvailla, milt\u00e4 n\u00e4ytt\u00e4\u00e4 se Suomi, jonka h\u00e4n kiert\u00e4ess\u00e4\u00e4n n\u00e4kee.<\/p>\n<p class=\"aw-1gybjub aw-1p7kakr kEtdKx cEmitX yle__article__paragraph\">\u2013 Ensinn\u00e4kin se on tosi samann\u00e4k\u00f6inen joka paikassa.<\/p>\n<p class=\"aw-1gybjub aw-1p7kakr kEtdKx cEmitX yle__article__paragraph\">Kylien keskustat tai huoltoasemat eiv\u00e4t juuri eroa toisistaan oltiinpa etel\u00e4ss\u00e4 tai pohjoisessa.<\/p>\n<p class=\"aw-1gybjub aw-1p7kakr kEtdKx cEmitX yle__article__paragraph\">Halosen mukaan my\u00f6s ihmiset ovat samankaltaisia. He tulevat hyvin toimeen ja ovat hyv\u00e4ll\u00e4 tuulella.<\/p>\n<p class=\"aw-1gybjub aw-1p7kakr kEtdKx cEmitX yle__article__paragraph\">T\u00e4m\u00e4 ei v\u00e4ltt\u00e4m\u00e4tt\u00e4 pid\u00e4 paikkaansa. Halonen my\u00f6nt\u00e4\u00e4, ett\u00e4 h\u00e4nen mielikuvansa on v\u00e4\u00e4ristynyt. H\u00e4n tapaa keikoillaan suomalaisia, jotka ovat vapaa-ajallaan pit\u00e4m\u00e4ss\u00e4 hauskaa.<\/p>\n<p class=\"aw-1gybjub aw-1p7kakr kEtdKx cEmitX yle__article__paragraph\">\u2013 Mutta kyll\u00e4 ihmisill\u00e4 on v\u00e4hemm\u00e4n rahaa k\u00e4ytett\u00e4viss\u00e4 vapaa-ajan huvituksiin, artisti on huomannut.<\/p>\n<p><img decoding=\"async\" alt=\"Nuori mies seisoo talvisessa maisemassa vanhan punaisen puutalon edess\u00e4.\" src=\"https:\/\/www.europesays.com\/fi\/wp-content\/uploads\/2025\/12\/39-1555634691c62a745586.jpeg\" loading=\"lazy\" class=\"aw-1l9m598 hKVVvP\"\/><\/p>\n<p>Avaa kuvien katselu<\/p>\n<p>\u2013 Jokaisella meill\u00e4 on omat vaikeudet. Haluan keikoillani tarjota ihmisille breikin arjen raskaudesta, sanoo muusikko Olli Halonen. Kuva: Benjamin Suomela \/ Yle<\/p>\n<p class=\"aw-1gybjub aw-1p7kakr kEtdKx cEmitX yle__article__paragraph\">Halonen tavoittaa yleis\u00f6ns\u00e4 laulamalla Savon preerioista romantisoivaan s\u00e4vyyn. Suomen kes\u00e4 on paratiisi ja pienen kyl\u00e4n rauhaa eiv\u00e4t riko edes liikennevalot.<\/p>\n<p class=\"aw-1gybjub aw-1p7kakr kEtdKx cEmitX yle__article__paragraph\">Samaan aikaan uutisissa puhutaan y\u00f6p\u00e4ivystysten loppumisista ja tehtaiden alasajoista.<\/p>\n<p class=\"aw-1gybjub aw-1p7kakr kEtdKx cEmitX yle__article__paragraph\">Vaikka Halonen kertoo v\u00e4lill\u00e4 n\u00e4kev\u00e4ns\u00e4 keikkamatkoilla autioituvaa Suomea, h\u00e4n ei musiikissaan tuo sit\u00e4 esiin. H\u00e4n haluaa artistina luoda ihmisille hyv\u00e4\u00e4 mielt\u00e4. Silloin kappaleet saattavat kuulostaa menneen ajan nostalgialta. Satumaa ei l\u00f6ydy ulkomailta vaan oman kyl\u00e4n raitilta.<\/p>\n<p class=\"aw-1gybjub aw-1p7kakr kEtdKx cEmitX yle__article__paragraph\">\u2013 Kun kirjoitan laulun, en ole arkirealisti, ett\u00e4 kun keitet\u00e4\u00e4n kahvit, niin maidot kaatuvat housuille. Kappaleissani on romantisointia, koska yrit\u00e4n olla valittamatta asioista.<\/p>\n<p>Turvallisessa Suomessa on lupa haaveilla<\/p>\n<p class=\"aw-1gybjub aw-1p7kakr kEtdKx cEmitX yle__article__paragraph\">Halonen ei v\u00e4ltt\u00e4m\u00e4tt\u00e4 nostaisi maatamme kaikkein onnellisimmaksi, sill\u00e4 t\u00e4\u00e4ll\u00e4 on omat ongelmansa. Onnellisia suomalaiset h\u00e4nen mielest\u00e4\u00e4n silti ovat.<\/p>\n<p class=\"aw-1gybjub aw-1p7kakr kEtdKx cEmitX yle__article__paragraph\">Halosen mielest\u00e4 Ukrainan sodan alkamisen j\u00e4lkeen moni suomalainen havahtui siihen, kuinka hyvin asiat t\u00e4\u00e4ll\u00e4 ovat.<\/p>\n<p class=\"aw-1gybjub aw-1p7kakr kEtdKx cEmitX yle__article__paragraph\">\u2013 Vapaan ja turvallisen yhteiskunnan pysyvyys ei ole itsest\u00e4\u00e4nselvyys.<\/p>\n<p class=\"aw-1gybjub aw-1p7kakr kEtdKx cEmitX yle__article__paragraph\">Muusikko laskee Suomen vahvuudeksi my\u00f6s sen, ett\u00e4 kaikilla on samanlaiset mahdollisuudet edet\u00e4 el\u00e4m\u00e4ss\u00e4.<\/p>\n<p class=\"aw-1gybjub aw-1p7kakr kEtdKx cEmitX yle__article__paragraph\">\u2013 Ihan sama mink\u00e4laiseen perheeseen ja mink\u00e4laiseen taloudelliseen taustaan syntyy, niin on yht\u00e4l\u00e4iset mahdollisuudet onnistua el\u00e4m\u00e4ss\u00e4. Arvostan suomalaisessa yhteiskunnassa sit\u00e4, ettei syntyper\u00e4ll\u00e4 pit\u00e4isi olla merkityst\u00e4.<\/p>\n<p class=\"aw-1gybjub aw-1p7kakr kEtdKx cEmitX yle__article__paragraph\">Halonen ei ota kantaa s\u00e4\u00e4st\u00f6ihin, mutta sanoo monen asian menneen positiiviseen suuntaan h\u00e4nen elinaikanaan.<\/p>\n<p class=\"aw-1gybjub aw-1p7kakr kEtdKx cEmitX yle__article__paragraph\">Internetin kautta maailma on pienentynyt ja useat samat asiat ovat saatavilla asuipa Helsingiss\u00e4 tai Ivalossa.<\/p>\n<p class=\"aw-1gybjub aw-1p7kakr kEtdKx cEmitX yle__article__paragraph\">My\u00f6s ilmapiiri on aiempaa kannustavampi. Halonen muistelee nuoruuttaan 90-luvun laman aikaan, jolloin ajatusmaailma oli tunkkaisempi.<\/p>\n<p class=\"aw-1gybjub aw-1p7kakr kEtdKx cEmitX yle__article__paragraph\">H\u00e4n unelmoi j\u00e4\u00e4kiekkoilijan ja muusikon urasta, mutta perheen ja l\u00e4hipiirin ulkopuolella h\u00e4nelle naureskeltiin.<\/p>\n<p class=\"aw-1gybjub aw-1p7kakr kEtdKx cEmitX yle__article__paragraph\">\u2013 \u00c4l\u00e4 haaveile liikoja. Jokaisen pit\u00e4\u00e4 pysy\u00e4 lestiss\u00e4\u00e4n, Halonen muistaa kuulleensa.<\/p>\n<p class=\"aw-1gybjub aw-1p7kakr kEtdKx cEmitX yle__article__paragraph\">H\u00e4nen mielest\u00e4\u00e4n nykynuoria ei en\u00e4\u00e4 lyt\u00e4t\u00e4 samalla tavalla ja heille annetaan lupa haaveilla isoista asioista.<\/p>\n<p><img decoding=\"async\" alt=\"Mies seisoo puun edess\u00e4 pukeutuneena harmaaseen neulepaitaan ja farkkuihin, pit\u00e4en kitaraa k\u00e4siss\u00e4\u00e4n ulkoilmassa.\" src=\"https:\/\/www.europesays.com\/fi\/wp-content\/uploads\/2025\/12\/39-1555630691c62a33f297.jpeg\" loading=\"lazy\" class=\"aw-1l9m598 hKVVvP\"\/><\/p>\n<p>Avaa kuvien katselu<\/p>\n<p>Olli Halonen on alta 2-vuotiaiden kaksostytt\u00e4rien is\u00e4. \u2013 Isyys on laittanut omat jutut perspektiiviin. En\u00e4\u00e4 en ihan jokaisesta pikkuasiasta stressaa. Kuva: Benjamin Suomela \/ Yle<\/p>\n<p class=\"aw-1gybjub aw-1p7kakr kEtdKx cEmitX yle__article__paragraph\">Samaan aikaan Halosta harmittaa, kuinka sosiaalisessa mediassa \u00e4\u00e4nekk\u00e4imm\u00e4t hahmot ottavat tilaa haltuun ja v\u00e4\u00e4rist\u00e4v\u00e4t keskustelua. Ik\u00e4v\u00e4t asiat korostuvat ja vastakkainasettelua luodaan esimerkiksi sukupolvien v\u00e4lille.<\/p>\n<p class=\"aw-1gybjub aw-1p7kakr kEtdKx cEmitX yle__article__paragraph\">\u2013 Vanhempia ik\u00e4polvia pelottaa, ett\u00e4 kaikki on nuorten takia pilalla ja ennen kaikki oli paremmin. En m\u00e4 jotenkin usko siihen.<\/p>\n<p class=\"aw-1gybjub aw-1p7kakr kEtdKx cEmitX yle__article__paragraph\">Maailmassa on t\u00e4ll\u00e4 hetkell\u00e4 paljon uhkakuvia, ja monen suomalaisen mieless\u00e4 kummittelee it\u00e4naapuri Ven\u00e4j\u00e4. Halosen mielest\u00e4 kaikkeen pit\u00e4\u00e4 varautua, mutta h\u00e4n luottaa, ett\u00e4 Suomella on puolustusasiat kunnossa.<\/p>\n<p class=\"aw-1gybjub aw-1p7kakr kEtdKx cEmitX yle__article__paragraph\">Kahden pienen lapsen is\u00e4n\u00e4 h\u00e4nt\u00e4 ei pelota. Suomi on turvallinen ja yhteiskunta pit\u00e4\u00e4 lapsista huolta p\u00e4iv\u00e4kodista l\u00e4htien.<\/p>\n<p class=\"aw-1gybjub aw-1p7kakr kEtdKx cEmitX yle__article__paragraph\">\u2013 Kyll\u00e4 m\u00e4 haluan ajatella, ett\u00e4 asiat ovat t\u00e4ll\u00e4 hetkell\u00e4 paremmin kuin koskaan.<\/p>\n","protected":false},"excerpt":{"rendered":"Laulaja Olli Halonen on tehnyt uran laulamalla Suomesta, jossa kaikki on korostetun hyvin. Kyl\u00e4 keskell\u00e4 ei mit\u00e4\u00e4n -kappaleesta&hellip;\n","protected":false},"author":2,"featured_media":109070,"comment_status":"","ping_status":"","sticky":false,"template":"","format":"standard","meta":{"footnotes":""},"categories":[132],"tags":[137,33,31,30,108,3146,195,47,5843,7666,646,32,109],"class_list":{"0":"post-109069","1":"post","2":"type-post","3":"status-publish","4":"format-standard","5":"has-post-thumbnail","7":"category-musiikki","8":"tag-entertainment","9":"tag-fi","10":"tag-finland","11":"tag-finnish","12":"tag-kulttuuri","13":"tag-laulaminen","14":"tag-music","15":"tag-musiikki","16":"tag-muusikot","17":"tag-olli-halonen","18":"tag-suomalaisuus","19":"tag-suomi","20":"tag-viihde"},"share_on_mastodon":{"url":"https:\/\/pubeurope.com\/@fi\/115671501905864299","error":""},"_links":{"self":[{"href":"https:\/\/www.europesays.com\/fi\/wp-json\/wp\/v2\/posts\/109069","targetHints":{"allow":["GET"]}}],"collection":[{"href":"https:\/\/www.europesays.com\/fi\/wp-json\/wp\/v2\/posts"}],"about":[{"href":"https:\/\/www.europesays.com\/fi\/wp-json\/wp\/v2\/types\/post"}],"author":[{"embeddable":true,"href":"https:\/\/www.europesays.com\/fi\/wp-json\/wp\/v2\/users\/2"}],"replies":[{"embeddable":true,"href":"https:\/\/www.europesays.com\/fi\/wp-json\/wp\/v2\/comments?post=109069"}],"version-history":[{"count":0,"href":"https:\/\/www.europesays.com\/fi\/wp-json\/wp\/v2\/posts\/109069\/revisions"}],"wp:featuredmedia":[{"embeddable":true,"href":"https:\/\/www.europesays.com\/fi\/wp-json\/wp\/v2\/media\/109070"}],"wp:attachment":[{"href":"https:\/\/www.europesays.com\/fi\/wp-json\/wp\/v2\/media?parent=109069"}],"wp:term":[{"taxonomy":"category","embeddable":true,"href":"https:\/\/www.europesays.com\/fi\/wp-json\/wp\/v2\/categories?post=109069"},{"taxonomy":"post_tag","embeddable":true,"href":"https:\/\/www.europesays.com\/fi\/wp-json\/wp\/v2\/tags?post=109069"}],"curies":[{"name":"wp","href":"https:\/\/api.w.org\/{rel}","templated":true}]}}