{"id":109077,"date":"2025-12-06T07:50:07","date_gmt":"2025-12-06T07:50:07","guid":{"rendered":"https:\/\/www.europesays.com\/fi\/109077\/"},"modified":"2025-12-06T07:50:07","modified_gmt":"2025-12-06T07:50:07","slug":"venalainen-oljynjalostamo-ilmiliekeissa-verkkouutiset","status":"publish","type":"post","link":"https:\/\/www.europesays.com\/fi\/109077\/","title":{"rendered":"Ven\u00e4l\u00e4inen \u00f6ljynjalostamo ilmiliekeiss\u00e4 | Verkkouutiset"},"content":{"rendered":"<p class=\"ai-optimize-6 ai-optimize-introduction\">Ukrainan armeija on tiett\u00e4v\u00e4sti iskenyt ven\u00e4l\u00e4iseen Ryazanin \u00f6ljynjalostamoon viime y\u00f6n\u00e4. Kyseess\u00e4 on\u00a0<a href=\"https:\/\/kyivindependent.com\/ukrainian-drones-reportedly-strikes-russias-ryazan-oil-refinery\/\" target=\"_blank\" rel=\"noopener nofollow\">The Kyiv Independentin <\/a>mukaan jo yhdeks\u00e4s jalostamoon kohdistunut isku t\u00e4n\u00e4 vuonna.<\/p>\n<p class=\"ai-optimize-7\">Sosiaalisessa mediassa jaetulla, v\u00e4itetysti iskua esitt\u00e4v\u00e4ll\u00e4 videolla n\u00e4kyy liekkej\u00e4 ja paksua savua nousemassa jalostamosta.<\/p>\n<p class=\"ai-optimize-8\">Ryazanin alueen kuvern\u00f6\u00f6ri <strong>Pavel Malkov<\/strong> on vahvistanut, ett\u00e4 Ukraina suoritti laajan droonihy\u00f6kk\u00e4yksen alueelle. Ven\u00e4j\u00e4n puolustusministeri\u00f6 kertoo, ett\u00e4 heid\u00e4n ilmatorjuntansa oli ampunut alas 29 droonia Ryazanin alueen yll\u00e4 y\u00f6n aikna.<\/p>\n<p class=\"ai-optimize-8\">Malkovin mukaan aiheutuneet tulipalot ja muut vahingot saatiin kuitenkin nopeasti kuriin.<\/p>\n<p class=\"ai-optimize-12\">Ryazanin \u00f6ljynjalostamo on ollut toistuvien iskujen kohteena sen Ven\u00e4j\u00e4n sotakoneiston polttoainehuollolle. elint\u00e4rke\u00e4n roolin vuoksi. Se tuottaa yli 17,1 miljoonaa tonnia \u00f6ljy\u00e4 vuodessa.<\/p>\n<p class=\"ai-optimize-14\">Ven\u00e4j\u00e4n \u00f6ljy- ja kaasutuotanto on ollut yh\u00e4 useammin ukrainalaisten iskujen kohteena. Tavoitteena on ollut ven\u00e4l\u00e4isten rahavirtojen katkaiseminen.<\/p>\n","protected":false},"excerpt":{"rendered":"Ukrainan armeija on tiett\u00e4v\u00e4sti iskenyt ven\u00e4l\u00e4iseen Ryazanin \u00f6ljynjalostamoon viime y\u00f6n\u00e4. Kyseess\u00e4 on\u00a0The Kyiv Independentin mukaan jo yhdeks\u00e4s jalostamoon&hellip;\n","protected":false},"author":2,"featured_media":109078,"comment_status":"","ping_status":"","sticky":false,"template":"","format":"standard","meta":{"footnotes":""},"categories":[14],"tags":[22,23,26,27,33,31,30,17,24,25,28,29,15,18,21,2807,32,19,20,56,16,547,59,60,61],"class_list":{"0":"post-109077","1":"post","2":"type-post","3":"status-publish","4":"format-standard","5":"has-post-thumbnail","7":"category-ulkomaat","8":"tag-breaking-news","9":"tag-breakingnews","10":"tag-featured-news","11":"tag-featurednews","12":"tag-fi","13":"tag-finland","14":"tag-finnish","15":"tag-headlines","16":"tag-latest-news","17":"tag-latestnews","18":"tag-main-news","19":"tag-mainnews","20":"tag-news","21":"tag-otsikot","22":"tag-paauutiset","23":"tag-sota-ukrainassa","24":"tag-suomi","25":"tag-top-stories","26":"tag-topstories","27":"tag-ulkomaat","28":"tag-uutiset","29":"tag-venaja","30":"tag-world","31":"tag-world-news","32":"tag-worldnews"},"share_on_mastodon":{"url":"https:\/\/pubeurope.com\/@fi\/115671533183186178","error":""},"_links":{"self":[{"href":"https:\/\/www.europesays.com\/fi\/wp-json\/wp\/v2\/posts\/109077","targetHints":{"allow":["GET"]}}],"collection":[{"href":"https:\/\/www.europesays.com\/fi\/wp-json\/wp\/v2\/posts"}],"about":[{"href":"https:\/\/www.europesays.com\/fi\/wp-json\/wp\/v2\/types\/post"}],"author":[{"embeddable":true,"href":"https:\/\/www.europesays.com\/fi\/wp-json\/wp\/v2\/users\/2"}],"replies":[{"embeddable":true,"href":"https:\/\/www.europesays.com\/fi\/wp-json\/wp\/v2\/comments?post=109077"}],"version-history":[{"count":0,"href":"https:\/\/www.europesays.com\/fi\/wp-json\/wp\/v2\/posts\/109077\/revisions"}],"wp:featuredmedia":[{"embeddable":true,"href":"https:\/\/www.europesays.com\/fi\/wp-json\/wp\/v2\/media\/109078"}],"wp:attachment":[{"href":"https:\/\/www.europesays.com\/fi\/wp-json\/wp\/v2\/media?parent=109077"}],"wp:term":[{"taxonomy":"category","embeddable":true,"href":"https:\/\/www.europesays.com\/fi\/wp-json\/wp\/v2\/categories?post=109077"},{"taxonomy":"post_tag","embeddable":true,"href":"https:\/\/www.europesays.com\/fi\/wp-json\/wp\/v2\/tags?post=109077"}],"curies":[{"name":"wp","href":"https:\/\/api.w.org\/{rel}","templated":true}]}}