{"id":109088,"date":"2025-12-06T08:09:07","date_gmt":"2025-12-06T08:09:07","guid":{"rendered":"https:\/\/www.europesays.com\/fi\/109088\/"},"modified":"2025-12-06T08:09:07","modified_gmt":"2025-12-06T08:09:07","slug":"japanissa-on-kaksi-synkkaakin-synkempaa-metsaa-dokumentti-kertoo","status":"publish","type":"post","link":"https:\/\/www.europesays.com\/fi\/109088\/","title":{"rendered":"Japanissa on kaksi synkk\u00e4\u00e4kin synkemp\u00e4\u00e4 mets\u00e4\u00e4, dokumentti kertoo"},"content":{"rendered":"<p>\n  Vaikka Kaksi mets\u00e4\u00e4 -dokumentin aihepiiri on synkk\u00e4, toteutus on tyynnyttelev\u00e4n levollinen.<\/p>\n<p><strong>Jan Ij\u00e4ksen<\/strong>\u00a0kiehtova elokuvaessee\u00a0Kaksi mets\u00e4\u00e4\u00a0(2025) kertoo japanilaisesta kulttuurista ja yhteiskunnasta, vanhenemisen ja kuolemisen perinteist\u00e4, mutta muustakin.<\/p>\n<p>Elokuvan nimen kaksi mets\u00e4\u00e4 ovat Aokigahara, jonne on menty tekem\u00e4\u00e4n itsemurha jo vuosituhansien ajan sek\u00e4 Obasute, jonne rasitteeksi koetut vanhukset on viety kuolemaan.<\/p>\n<p>Japanissa tehd\u00e4\u00e4n itsemurha jopa 15 minuutin v\u00e4lein. Vuonna 1993 ilmestynytt\u00e4 itsemurhien opaskirjaa on myyty yli 1,2 miljoonaa kappaletta.<\/p>\n<p>Joka vuosi yli 30 000 i\u00e4k\u00e4st\u00e4 japanilaista kuolee yksin kenenk\u00e4\u00e4n j\u00e4\u00e4m\u00e4tt\u00e4 heit\u00e4 kaipaamaan, ja luvun odotetaan nousevan yli sadantuhannen. Korkean elini\u00e4n maassa joka viides vankikin on el\u00e4keik\u00e4inen.<\/p>\n<p>Jos aihepiiri kuulostaa synk\u00e4lt\u00e4, niin elokuvan toteutus on tyynnyttelev\u00e4n levollinen. Tasaiseen tahtiin ajassa ja paikassa kulkeva kuvavirta ei niink\u00e4\u00e4n tarkennu yksitt\u00e4isiin henkil\u00f6ihin, vaan seuraa yhteis\u00f6llist\u00e4 kaupunkikuhinaa tai pys\u00e4htyy luonnon helmaan.<\/p>\n<p>L\u00e4hes keskeytyksett\u00f6m\u00e4n\u00e4 ihmis\u00e4\u00e4nen\u00e4 kuullaan Ij\u00e4ksen kanssa aiemminkin ty\u00f6skennelleen\u00a0<strong>Rebecca Clampin<\/strong>\u00a0miellytt\u00e4v\u00e4sointista englanninkielist\u00e4 selostusta, joka viisaasti sivuuttaa kaikki tarpeettomat tunnelataukset.<\/p>\n<p>\u00a0Kaksi mets\u00e4\u00e4, lauantai 6.12. klo 23.30,<a href=\"https:\/\/areena.yle.fi\/1-50659175\" target=\"_blank\" rel=\"noreferrer noopener nofollow\"> Teema &amp; Fem<\/a><\/p>\n","protected":false},"excerpt":{"rendered":"Vaikka Kaksi mets\u00e4\u00e4 -dokumentin aihepiiri on synkk\u00e4, toteutus on tyynnyttelev\u00e4n levollinen. Jan Ij\u00e4ksen\u00a0kiehtova elokuvaessee\u00a0Kaksi mets\u00e4\u00e4\u00a0(2025) kertoo japanilaisesta kulttuurista&hellip;\n","protected":false},"author":2,"featured_media":109089,"comment_status":"","ping_status":"","sticky":false,"template":"","format":"standard","meta":{"footnotes":""},"categories":[131],"tags":[155,137,33,173,31,30,5018,1343,108,683,172,32,109,796],"class_list":{"0":"post-109088","1":"post","2":"type-post","3":"status-publish","4":"format-standard","5":"has-post-thumbnail","7":"category-elokuvat","8":"tag-elokuvat","9":"tag-entertainment","10":"tag-fi","11":"tag-film","12":"tag-finland","13":"tag-finnish","14":"tag-itsemurha","15":"tag-japani","16":"tag-kulttuuri","17":"tag-kuolema","18":"tag-movies","19":"tag-suomi","20":"tag-viihde","21":"tag-yhteiskunta"},"share_on_mastodon":{"url":"https:\/\/pubeurope.com\/@fi\/115671607996744174","error":""},"_links":{"self":[{"href":"https:\/\/www.europesays.com\/fi\/wp-json\/wp\/v2\/posts\/109088","targetHints":{"allow":["GET"]}}],"collection":[{"href":"https:\/\/www.europesays.com\/fi\/wp-json\/wp\/v2\/posts"}],"about":[{"href":"https:\/\/www.europesays.com\/fi\/wp-json\/wp\/v2\/types\/post"}],"author":[{"embeddable":true,"href":"https:\/\/www.europesays.com\/fi\/wp-json\/wp\/v2\/users\/2"}],"replies":[{"embeddable":true,"href":"https:\/\/www.europesays.com\/fi\/wp-json\/wp\/v2\/comments?post=109088"}],"version-history":[{"count":0,"href":"https:\/\/www.europesays.com\/fi\/wp-json\/wp\/v2\/posts\/109088\/revisions"}],"wp:featuredmedia":[{"embeddable":true,"href":"https:\/\/www.europesays.com\/fi\/wp-json\/wp\/v2\/media\/109089"}],"wp:attachment":[{"href":"https:\/\/www.europesays.com\/fi\/wp-json\/wp\/v2\/media?parent=109088"}],"wp:term":[{"taxonomy":"category","embeddable":true,"href":"https:\/\/www.europesays.com\/fi\/wp-json\/wp\/v2\/categories?post=109088"},{"taxonomy":"post_tag","embeddable":true,"href":"https:\/\/www.europesays.com\/fi\/wp-json\/wp\/v2\/tags?post=109088"}],"curies":[{"name":"wp","href":"https:\/\/api.w.org\/{rel}","templated":true}]}}