{"id":109104,"date":"2025-12-06T08:30:10","date_gmt":"2025-12-06T08:30:10","guid":{"rendered":"https:\/\/www.europesays.com\/fi\/109104\/"},"modified":"2025-12-06T08:30:10","modified_gmt":"2025-12-06T08:30:10","slug":"djurgardeniin-siirtynyt-oula-palve-asuu-nhl-tahden-luksuskodissa","status":"publish","type":"post","link":"https:\/\/www.europesays.com\/fi\/109104\/","title":{"rendered":"Djurg\u00e5rdeniin siirtynyt Oula Palve asuu NHL-t\u00e4hden luksuskodissa"},"content":{"rendered":"<p>Suomalaissentteri sentteri nauttii lankonsa asutuksesta.<\/p>\n<p class=\"article-body mb-nof-24 px-nof-16\">J\u00e4\u00e4kiekkoilija <a class=\"article-personlink\" href=\"https:\/\/www.is.fi\/haku\/?query=Oula%20Palve\" rel=\"nofollow noopener\" target=\"_blank\">Oula Palve<\/a> siirtyi t\u00e4ll\u00e4 kaudella pelaamaan Sveitsist\u00e4 ruotsalaisseura Djurg\u00e5rdeniin.<\/p>\n<p class=\"article-body mb-nof-24 px-nof-16\">Sveitsiss\u00e4 hotellissa asunut Palve sai huomattavan parannuksen asuinoloihinsa muutettuaan Ruotsiin, kun suomalaishy\u00f6kk\u00e4\u00e4j\u00e4 muutti NHL-t\u00e4hti <a class=\"article-personlink\" href=\"https:\/\/www.is.fi\/haku\/?query=William%20Karlssonin\" rel=\"nofollow noopener\" target=\"_blank\">William Karlssonin<\/a> luksuskotiin.<\/p>\n<p class=\"article-body mb-nof-24 px-nof-16\">Asiasta uutisoi <a class=\"article-genericlink\" href=\"https:\/\/www.expressen.se\/sport\/hockey\/shl\/djurgardens-nyforvarv-bor-i-nhl-stjarnans-lyxhus-i-sverige\/\" rel=\"nofollow noopener\" target=\"_blank\">Expressen<\/a>.<\/p>\n<p class=\"article-body mb-nof-24 px-nof-16\">\u2013\u2009Se on upea talo ja olen onnekas, ett\u00e4 saan asua siell\u00e4, Palve sanoi Expressenille.<\/p>\n<p class=\"article-body mb-nof-24 px-nof-16\">Sattumalta Palve ei Karlssonin taloon muuttanut. Palve on naimisissa <a class=\"article-personlink\" href=\"https:\/\/www.is.fi\/haku\/?query=Haley%20Fergusonin\" rel=\"nofollow noopener\" target=\"_blank\">Haley Fergusonin<\/a> kanssa ja h\u00e4nen kaksoissiskonsa <a class=\"article-personlink\" href=\"https:\/\/www.is.fi\/haku\/?query=Emily\" rel=\"nofollow noopener\" target=\"_blank\">Emily<\/a> taas on ruotsalaispelurin vaimo.<\/p>\n<p class=\"article-body mb-nof-24 px-nof-16\">Palve kertoi, ett\u00e4 Karlsson on jakanut vinkkej\u00e4 l\u00e4hialueen hyvist\u00e4 ravintoloista, vaikka yksi asia kaihertaakin ruotsalaisen mielt\u00e4.<\/p>\n<p class=\"article-body mb-nof-24 px-nof-16\">\u2013\u2009H\u00e4n (Karlsson) on kova AIK-fani, joten h\u00e4nelle on ollut kova pala, ett\u00e4 menin Djurg\u00e5rdeniin pelaamaan, Palve sanoi.<\/p>\n<p><img decoding=\"async\" src=\"https:\/\/www.europesays.com\/fi\/wp-content\/uploads\/2025\/12\/1765009810_550_468.jpg\" alt=\"Viimeisimm\u00e4ll\u00e4 Liiga-kaudellaan Palve kiekkoili Ilveksen riveiss\u00e4.\" class=\"_Img_1rerz_1\" style=\"aspect-ratio:1.7777777777777777\" loading=\"eager\"\/><\/p>\n<p class=\"article-picture-caption\">Viimeisimm\u00e4ll\u00e4 Liiga-kaudellaan Palve kiekkoili Ilveksen riveiss\u00e4. Kuva:\u00a0Jukka Ritola \/ Aamulehti<\/p>\n<p class=\"article-body mb-nof-24 px-nof-16\">Palvesta tuli Djurg\u00e5rdenin mies erikoisten tapahtumien my\u00f6t\u00e4.<\/p>\n<p class=\"article-body mb-nof-24 px-nof-16\">Seuran fanit nimitt\u00e4in ker\u00e4siv\u00e4t kasaan noin miljoonan kruunun potin, jolla suomalaishy\u00f6kk\u00e4\u00e4j\u00e4 hankittiin seuraan. Miljoona kruunua vastaa noin 90\u202f000 euroa.<\/p>\n<p class=\"article-body mb-nof-24 px-nof-16\">Loppukauden sopimuksen allekirjoittanut Palve on nauttinut paluustaan SHL:\u00e4\u00e4n.<\/p>\n<p class=\"article-body mb-nof-24 px-nof-16\">\u2013\u2009T\u00e4\u00e4ll\u00e4 on ollut mahtavaa. Olen ollut poissa SHL:st\u00e4 muutaman vuoden, mutta mielest\u00e4ni olen aiemmin n\u00e4ytt\u00e4nyt mihin t\u00e4\u00e4ll\u00e4 pystyn, Palve sanoi Expressenille.<\/p>\n<p class=\"article-body mb-nof-24 px-nof-16\">Suomalaissentteri kiekkoili SHL:ss\u00e4 kausina 2020\u20132023, jolloin h\u00e4n edusti Link\u00f6pingia ja Bryn\u00e4si\u00e4.<\/p>\n<p class=\"article-body mb-nof-24 px-nof-16\">Djurg\u00e5rdenissa Palve on ehtinyt pelata vasta yhden ottelun. 3\u20132-tappiossa Fr\u00f6lundalle suomalainen ker\u00e4si yhden sy\u00f6tt\u00f6pisteen.<\/p>\n","protected":false},"excerpt":{"rendered":"Suomalaissentteri sentteri nauttii lankonsa asutuksesta. J\u00e4\u00e4kiekkoilija Oula Palve siirtyi t\u00e4ll\u00e4 kaudella pelaamaan Sveitsist\u00e4 ruotsalaisseura Djurg\u00e5rdeniin. Sveitsiss\u00e4 hotellissa asunut&hellip;\n","protected":false},"author":2,"featured_media":109105,"comment_status":"","ping_status":"","sticky":false,"template":"","format":"standard","meta":{"footnotes":""},"categories":[136],"tags":[407,137,33,31,30,34,408,32,109],"class_list":{"0":"post-109104","1":"post","2":"type-post","3":"status-publish","4":"format-standard","5":"has-post-thumbnail","7":"category-julkkikset","8":"tag-celebrities","9":"tag-entertainment","10":"tag-fi","11":"tag-finland","12":"tag-finnish","13":"tag-ilta-sanomat","14":"tag-julkkikset","15":"tag-suomi","16":"tag-viihde"},"share_on_mastodon":{"url":"https:\/\/pubeurope.com\/@fi\/115671690531715163","error":""},"_links":{"self":[{"href":"https:\/\/www.europesays.com\/fi\/wp-json\/wp\/v2\/posts\/109104","targetHints":{"allow":["GET"]}}],"collection":[{"href":"https:\/\/www.europesays.com\/fi\/wp-json\/wp\/v2\/posts"}],"about":[{"href":"https:\/\/www.europesays.com\/fi\/wp-json\/wp\/v2\/types\/post"}],"author":[{"embeddable":true,"href":"https:\/\/www.europesays.com\/fi\/wp-json\/wp\/v2\/users\/2"}],"replies":[{"embeddable":true,"href":"https:\/\/www.europesays.com\/fi\/wp-json\/wp\/v2\/comments?post=109104"}],"version-history":[{"count":0,"href":"https:\/\/www.europesays.com\/fi\/wp-json\/wp\/v2\/posts\/109104\/revisions"}],"wp:featuredmedia":[{"embeddable":true,"href":"https:\/\/www.europesays.com\/fi\/wp-json\/wp\/v2\/media\/109105"}],"wp:attachment":[{"href":"https:\/\/www.europesays.com\/fi\/wp-json\/wp\/v2\/media?parent=109104"}],"wp:term":[{"taxonomy":"category","embeddable":true,"href":"https:\/\/www.europesays.com\/fi\/wp-json\/wp\/v2\/categories?post=109104"},{"taxonomy":"post_tag","embeddable":true,"href":"https:\/\/www.europesays.com\/fi\/wp-json\/wp\/v2\/tags?post=109104"}],"curies":[{"name":"wp","href":"https:\/\/api.w.org\/{rel}","templated":true}]}}