{"id":109106,"date":"2025-12-06T08:34:10","date_gmt":"2025-12-06T08:34:10","guid":{"rendered":"https:\/\/www.europesays.com\/fi\/109106\/"},"modified":"2025-12-06T08:34:10","modified_gmt":"2025-12-06T08:34:10","slug":"adam-nergal-darski-kertoi-mielipiteensa-metallista","status":"publish","type":"post","link":"https:\/\/www.europesays.com\/fi\/109106\/","title":{"rendered":"Adam \u201dNergal\u201d Darski kertoi mielipiteens\u00e4 metallista"},"content":{"rendered":"<p><strong><a href=\"https:\/\/kaaoszine.fi\/aiheet\/behemoth\/\" rel=\"nofollow noopener\" target=\"_blank\">Behemothin<\/a><\/strong> laulaja-kitaristi Adam \u201dNergal\u201d Darski ei tunnu seuraavan kovin aktiivisesti modernimpia metallin suurnimi\u00e4. Tuoreessa haastattelussa <a href=\"https:\/\/www.youtube.com\/@Jaimunji\" rel=\"nofollow noopener\" target=\"_blank\">Jaimunjille<\/a> 48-vuotias blackened death metal -veteraani kertoi avoimesti, ettei tied\u00e4 juuri mit\u00e4\u00e4n t\u00e4m\u00e4n hetken isoista nimist\u00e4, kuten <strong>Parkway Drivesta<\/strong>, <strong>Sleep Tokenista<\/strong> tai <strong>Avenged Sevenfoldista<\/strong>.<\/p>\n<p>Nergal vieritti katseensa sen sijaan metallin vanhan liiton suuntaan ja painotti, ett\u00e4 h\u00e4nen intohimonsa on pysynyt samoissa klassikkob\u00e4ndeiss\u00e4 vuosikymmenest\u00e4 toiseen:<\/p>\n<blockquote class=\"wp-block-quote is-layout-flow wp-block-quote-is-layout-flow\">\n<p>\u201dJoka kerta kun Guns N\u2019 Roses on kaupungissa, olen paikalla. Sama koskee kaikkia legendab\u00e4ndej\u00e4 \u2013 Gunsia, AC\/DC:t\u00e4, Metallicaa, Maidenia. Olen ennen kaikkea niiden musiikin fani. Ker\u00e4\u00e4n niiden levyj\u00e4. Olen aina ollut.\u201d<\/p>\n<p>Artikkeli jatkuu mainoksen j\u00e4lkeen<a class=\"gofollow\" data-track=\"Mjc4OSw0MCwxLDYw\" href=\"https:\/\/www.lippu.fi\/artist\/def-leggend\/\" rel=\"nofollow noopener\" target=\"_blank\"><img decoding=\"async\" src=\"https:\/\/www.europesays.com\/fi\/wp-content\/uploads\/2025\/11\/def-leggend-980x400-def-leggend.jpg\"\/><\/a>Mainos p\u00e4\u00e4ttyy<\/p>\n<\/blockquote>\n<p>Nergalin viesti faneille on selke\u00e4: mene katsomaan legendat, kun siihen viel\u00e4 on mahdollisuus.<\/p>\n<blockquote class=\"wp-block-quote is-layout-flow wp-block-quote-is-layout-flow\">\n<p>\u201dAika juoksee. Hetkess\u00e4 Metallica ei ole en\u00e4\u00e4 t\u00e4\u00e4ll\u00e4, Maiden ei ole en\u00e4\u00e4 t\u00e4\u00e4ll\u00e4. Sitten olet: \u2019Voi vttu, minun olisi pit\u00e4nyt menn\u00e4 katsomaan.\u2019 Niin olisi. Joka kerta kun n\u00e4ill\u00e4 b\u00e4ndeill\u00e4 on mahdollisuus n\u00e4hd\u00e4 ne, menen ja otan kaiken irti, koska t\u00e4m\u00e4 aikakausi on lopussa.\u201d*\n<\/p>\n<\/blockquote>\n<p><strong>Modernit megab\u00e4ndit eiv\u00e4t kiinnosta: \u201dEn tied\u00e4, keit\u00e4 he ovat\u201d<\/strong><\/p>\n<p>Vaikka monet uudemman polven metalcore- ja modernin metallin yhtyeet ovat nousseet areenaluokkaan, Nergalia ne eiv\u00e4t ole onnistuneet puhuttelemaan.<\/p>\n<p>Artikkeli jatkuu mainoksen j\u00e4lkeen<a class=\"gofollow\" data-track=\"Mjc5NCw0MSwxLDYw\" href=\"https:\/\/www.ticketmaster.fi\/event\/870895700\" rel=\"nofollow noopener\" target=\"_blank\"><img decoding=\"async\" src=\"https:\/\/www.europesays.com\/fi\/wp-content\/uploads\/2025\/12\/kings-of-leon-980x400-1.jpg\"\/><\/a>Mainos p\u00e4\u00e4ttyy<\/p>\n<blockquote class=\"wp-block-quote is-layout-flow wp-block-quote-is-layout-flow\">\n<p>\u201dTied\u00e4n, ett\u00e4 Parkway Drive on varmaan areenab\u00e4ndi, mutta se ei kerro minulle mit\u00e4\u00e4n. En tied\u00e4, mik\u00e4 Parkway Drive on. En tied\u00e4, mik\u00e4 Avenged Sevenfold on. En tied\u00e4 \u2013 kuka Sleep Token on?\u201d\n<\/p>\n<\/blockquote>\n<blockquote class=\"wp-block-quote is-layout-flow wp-block-quote-is-layout-flow\">\n<p>\u201dSe ei ole minua. Ei minun DNA:tani. En vttu tajua sit\u00e4. Varmaan hyv\u00e4\u00e4 musiikkia, hyvin soitettua ja isoja tuotantoja, mutta kun n\u00e4m\u00e4 j\u00e4ttil\u00e4iset poistuvat n\u00e4ytt\u00e4m\u00f6lt\u00e4\u2026 olen yksin. Ei ole minne menn\u00e4.\u201d*\n<\/p>\n<\/blockquote>\n<p>Kommentit alleviivaavat Darskin syv\u00e4\u00e4 sidett\u00e4 heavy- ja rock-maailman klassikkokaartiin \u2014 ja samalla ne korostavat sukupolvien v\u00e4list\u00e4 kuilua, joka modernin metallin ja perinteisemm\u00e4n metallilegendaston v\u00e4lille on vuosien aikana syntynyt.<\/p>\n<p>Artikkeli jatkuu mainoksen j\u00e4lkeen<br \/>\nMainos p\u00e4\u00e4ttyy<\/p>\n","protected":false},"excerpt":{"rendered":"Behemothin laulaja-kitaristi Adam \u201dNergal\u201d Darski ei tunnu seuraavan kovin aktiivisesti modernimpia metallin suurnimi\u00e4. Tuoreessa haastattelussa Jaimunjille 48-vuotias blackened&hellip;\n","protected":false},"author":2,"featured_media":109107,"comment_status":"","ping_status":"","sticky":false,"template":"","format":"standard","meta":{"footnotes":""},"categories":[132],"tags":[16171,137,33,31,30,195,47,32,109],"class_list":{"0":"post-109106","1":"post","2":"type-post","3":"status-publish","4":"format-standard","5":"has-post-thumbnail","7":"category-musiikki","8":"tag-behemoth","9":"tag-entertainment","10":"tag-fi","11":"tag-finland","12":"tag-finnish","13":"tag-music","14":"tag-musiikki","15":"tag-suomi","16":"tag-viihde"},"share_on_mastodon":{"url":"https:\/\/pubeurope.com\/@fi\/115671706309810696","error":""},"_links":{"self":[{"href":"https:\/\/www.europesays.com\/fi\/wp-json\/wp\/v2\/posts\/109106","targetHints":{"allow":["GET"]}}],"collection":[{"href":"https:\/\/www.europesays.com\/fi\/wp-json\/wp\/v2\/posts"}],"about":[{"href":"https:\/\/www.europesays.com\/fi\/wp-json\/wp\/v2\/types\/post"}],"author":[{"embeddable":true,"href":"https:\/\/www.europesays.com\/fi\/wp-json\/wp\/v2\/users\/2"}],"replies":[{"embeddable":true,"href":"https:\/\/www.europesays.com\/fi\/wp-json\/wp\/v2\/comments?post=109106"}],"version-history":[{"count":0,"href":"https:\/\/www.europesays.com\/fi\/wp-json\/wp\/v2\/posts\/109106\/revisions"}],"wp:featuredmedia":[{"embeddable":true,"href":"https:\/\/www.europesays.com\/fi\/wp-json\/wp\/v2\/media\/109107"}],"wp:attachment":[{"href":"https:\/\/www.europesays.com\/fi\/wp-json\/wp\/v2\/media?parent=109106"}],"wp:term":[{"taxonomy":"category","embeddable":true,"href":"https:\/\/www.europesays.com\/fi\/wp-json\/wp\/v2\/categories?post=109106"},{"taxonomy":"post_tag","embeddable":true,"href":"https:\/\/www.europesays.com\/fi\/wp-json\/wp\/v2\/tags?post=109106"}],"curies":[{"name":"wp","href":"https:\/\/api.w.org\/{rel}","templated":true}]}}