{"id":109116,"date":"2025-12-06T08:42:09","date_gmt":"2025-12-06T08:42:09","guid":{"rendered":"https:\/\/www.europesays.com\/fi\/109116\/"},"modified":"2025-12-06T08:42:09","modified_gmt":"2025-12-06T08:42:09","slug":"tsernobylin-uloin-suojakilpi-ei-suojaa-kunnolla-vaatii-korjauksia","status":"publish","type":"post","link":"https:\/\/www.europesays.com\/fi\/109116\/","title":{"rendered":"T\u0161ernobylin uloin suojakilpi ei suojaa kunnolla, vaatii korjauksia"},"content":{"rendered":"<p>Ukraina|T\u0161ernobylin ydinvoimalan suojakilpi vaurioitui helmikuussa droonin osumasta. Kilpi ei en\u00e4\u00e4 toimi luotettavasti ja se vaatii korjauksia, kertoo kansainv\u00e4linen atomienergiaj\u00e4rjest\u00f6 IAEA.<\/p>\n<p>Lue tiivistelm\u00e4<\/p>\n<p>Tiivistelm\u00e4 on teko\u00e4lyn tekem\u00e4 ja ihmisen tarkistama.<\/p>\n<p class=\"article-body mb-nof-24 px-nof-16 sndp-summary-bullet-point-font\">T\u0161ernobylin ydinvoimalan uloin suojakilpi ei en\u00e4\u00e4 toimi luotettavasti ja vaatii korjauksia, kansainv\u00e4linen atomienergiaj\u00e4rjest\u00f6 IAEA kertoo.<\/p>\n<p class=\"article-body mb-nof-24 px-nof-16 sndp-summary-bullet-point-font\">Suojakilpi vaurioitui helmikuussa r\u00e4j\u00e4hdelastissa olleen droonin osumasta, jonka Ukraina sanoo olleen Ven\u00e4j\u00e4n isku.<\/p>\n<p class=\"article-body mb-nof-24 px-nof-16 sndp-summary-bullet-point-font\">IAEA:n p\u00e4\u00e4johtaja Rafael Grossi sanoo, ett\u00e4 suojakilven eristyskyky on tuhoutunut, mutta kantavat rakenteet eiv\u00e4t ole vahingoittuneet pysyv\u00e4sti.<\/p>\n<p class=\"article-body mb-nof-24 px-nof-16 sndp-summary-bullet-point-font\">Ydinvoimalan nelosreaktori r\u00e4j\u00e4hti huhtikuussa 1986 ja aiheutti kaikkien aikojen pahimman ydinonnettomuuden.<\/p>\n<p class=\"article-body mb-nof-24 px-nof-16\">T\u0161ernobylin ydinvoimalan uloin suojakilpi Ukrainassa ei en\u00e4\u00e4 toimi luotettavasti ja vaatii korjauksia, kansainv\u00e4linen atomienergiaj\u00e4rjest\u00f6 IAEA kertoi perjantaina.<\/p>\n<p class=\"article-body mb-nof-24 px-nof-16\">Suojakilpi vaurioitui helmikuussa r\u00e4j\u00e4hdelastissa olleen droonin osumasta. Ukrainan mukaan kyseess\u00e4 oli Ven\u00e4j\u00e4n isku, mink\u00e4 Ven\u00e4j\u00e4 kiist\u00e4\u00e4.<\/p>\n<p class=\"article-body mb-nof-24 px-nof-16\">Nyt IAEA vahvisti, ett\u00e4 isku on heikent\u00e4nyt ulointa suojakilpe\u00e4.<\/p>\n<p class=\"article-body mb-nof-24 px-nof-16\">Sisemm\u00e4t suojarakenteet eiv\u00e4t ole vaurioituneet, eik\u00e4 vaarallista s\u00e4teily\u00e4 ole havaittu, IAEA kertoo.<\/p>\n<p class=\"article-body mb-nof-24 px-nof-16\">Vakavampien vaurioiden est\u00e4miseksi suojakilpi kuitenkin vaatii korjauksia. Asiasta kertoo muun muassa uutistoimisto Reuters.<\/p>\n<p class=\"article-body mb-nof-24 px-nof-16\">IAEA tarkasti ydinvoimalan suojakilven marraskuun viimeisell\u00e4 viikolla.<\/p>\n<p class=\"article-body mb-nof-24 px-nof-16\">\u201d[Suojakilven] ensisijaiset turvallisuustoiminnat, mukaan lukien sen eristyskyky, ovat tuhoutuneet, mutta kantavat rakenteet ja seurantaj\u00e4rjestelm\u00e4t eiv\u00e4t ole vahingoittuneet pysyv\u00e4sti\u201d, sanoi IAEA:n p\u00e4\u00e4johtaja <a class=\"article-personlink\" href=\"https:\/\/www.hs.fi\/haku\/?query=Rafael%20Grossi\" rel=\"nofollow noopener\" target=\"_blank\">Rafael Grossi<\/a>.<\/p>\n<p class=\"article-body mb-nof-24 px-nof-16\">Korjaust\u00f6it\u00e4 on jo tehty, mutta Grossin mukaan niit\u00e4 tarvitaan lis\u00e4\u00e4.<\/p>\n<p class=\"article-body mb-nof-24 px-nof-16\">T\u0161ernobylin ydinvoimalan nelosreaktori r\u00e4j\u00e4hti huhtikuussa 1986 ja aiheutti kaikkien aikojen pahimman ydinonnettomuuden.<\/p>\n<p class=\"article-body mb-nof-24 px-nof-16\">Ukrainaa tuolloin hallinnut Neuvostoliitto yritti salata onnettomuuden, mutta lopulta koko Pripjatin kaupunki evakuoitiin ja j\u00e4tettiin aavekaupungiksi.<\/p>\n<p class=\"article-body mb-nof-24 px-nof-16\">Nelosreaktorin p\u00e4\u00e4lle rakennettiin betonista pikaisesti niin sanottu sarkofagi. Se valmistui vuoden 1986 lopulla.<\/p>\n<p class=\"article-body mb-nof-24 px-nof-16\">Alkuper\u00e4inen h\u00e4t\u00e4isesti rakennettu sarkofagi rapistui, ja 2000-luvulla alettiin suunnitella pysyv\u00e4mp\u00e4\u00e4 ratkaisua.<\/p>\n<p class=\"article-body mb-nof-24 px-nof-16\">Vuonna 2019 valmistui ter\u00e4ksinen suojarakennelma, jonka suojissa on m\u00e4\u00e4r\u00e4 purkaa ensin alkuper\u00e4inen reaktori ja lopulta vioittunut reaktori.<\/p>\n<p class=\"article-body mb-nof-24 px-nof-16\">Pariisin Eiffel-tornia painavampi ja New Yorkin Vapaudenpatsasta korkeampi ter\u00e4srakennelma saatiin paikoilleen raiteilla. Se maksoi noin 1,5 miljardia euroa. Suojakilven oli m\u00e4\u00e4r\u00e4 kest\u00e4 sata vuotta.<\/p>\n<p class=\"article-body mb-nof-24 px-nof-16\">T\u00e4h\u00e4n ter\u00e4ksiseen uloimpaan suojarakennelmaan osui drooni helmikuussa 2025. Ukrainan mukaan drooni oli ven\u00e4l\u00e4isi\u00e4, mink\u00e4 Ven\u00e4j\u00e4 kiist\u00e4\u00e4.<\/p>\n<p class=\"article-body mb-nof-24 px-nof-16\">IAEA:n mukaan helmikuun droonin osuma ei aiheuttanut s\u00e4teilym\u00e4\u00e4r\u00e4n kasvamista.<\/p>\n<p class=\"article-body mb-nof-24 px-nof-16\">Ven\u00e4j\u00e4 valtasi T\u0161ernobylin ydinvoimala-alueen kev\u00e4ttalvella 2022, mutta Ven\u00e4j\u00e4n vet\u00e4ydytty\u00e4 noin kuukauden kuluttua Ukraina sai sen j\u00e4lleen hallintaansa.<\/p>\n<p><img decoding=\"async\" src=\"https:\/\/www.europesays.com\/fi\/wp-content\/uploads\/2025\/12\/1765010529_206_468.jpg\" alt=\"T\u0161ernobylin ydinvoimalan vaurioituneen nelj\u00e4nnen reaktorin suojarakennelma huhtikuussa 2025. Suojakuori on 110 metri\u00e4 korkea, ja sen sis\u00e4\u00e4n mahtuisi esimerkiksi New Yorkin Vapaudenpatsas.\" class=\"_Img_1rerz_1\" style=\"aspect-ratio:1.5\" loading=\"eager\"\/><\/p>\n<p class=\"article-picture-caption\">T\u0161ernobylin ydinvoimalan vaurioituneen nelj\u00e4nnen reaktorin suojarakennelma huhtikuussa 2025. Suojakuori on 110 metri\u00e4 korkea, ja sen sis\u00e4\u00e4n mahtuisi esimerkiksi New Yorkin Vapaudenpatsas. Kuva:\u00a0Valentyn Ogirenko \/ Reuters<\/p>\n","protected":false},"excerpt":{"rendered":"Ukraina|T\u0161ernobylin ydinvoimalan suojakilpi vaurioitui helmikuussa droonin osumasta. Kilpi ei en\u00e4\u00e4 toimi luotettavasti ja se vaatii korjauksia, kertoo kansainv\u00e4linen&hellip;\n","protected":false},"author":2,"featured_media":109117,"comment_status":"","ping_status":"","sticky":false,"template":"","format":"standard","meta":{"footnotes":""},"categories":[14],"tags":[22,23,26,27,33,31,30,17,46,24,25,28,29,15,18,21,32,19,20,56,16,59,60,61],"class_list":{"0":"post-109116","1":"post","2":"type-post","3":"status-publish","4":"format-standard","5":"has-post-thumbnail","7":"category-ulkomaat","8":"tag-breaking-news","9":"tag-breakingnews","10":"tag-featured-news","11":"tag-featurednews","12":"tag-fi","13":"tag-finland","14":"tag-finnish","15":"tag-headlines","16":"tag-helsingin-sanomat","17":"tag-latest-news","18":"tag-latestnews","19":"tag-main-news","20":"tag-mainnews","21":"tag-news","22":"tag-otsikot","23":"tag-paauutiset","24":"tag-suomi","25":"tag-top-stories","26":"tag-topstories","27":"tag-ulkomaat","28":"tag-uutiset","29":"tag-world","30":"tag-world-news","31":"tag-worldnews"},"share_on_mastodon":{"url":"https:\/\/pubeurope.com\/@fi\/115671737666314231","error":""},"_links":{"self":[{"href":"https:\/\/www.europesays.com\/fi\/wp-json\/wp\/v2\/posts\/109116","targetHints":{"allow":["GET"]}}],"collection":[{"href":"https:\/\/www.europesays.com\/fi\/wp-json\/wp\/v2\/posts"}],"about":[{"href":"https:\/\/www.europesays.com\/fi\/wp-json\/wp\/v2\/types\/post"}],"author":[{"embeddable":true,"href":"https:\/\/www.europesays.com\/fi\/wp-json\/wp\/v2\/users\/2"}],"replies":[{"embeddable":true,"href":"https:\/\/www.europesays.com\/fi\/wp-json\/wp\/v2\/comments?post=109116"}],"version-history":[{"count":0,"href":"https:\/\/www.europesays.com\/fi\/wp-json\/wp\/v2\/posts\/109116\/revisions"}],"wp:featuredmedia":[{"embeddable":true,"href":"https:\/\/www.europesays.com\/fi\/wp-json\/wp\/v2\/media\/109117"}],"wp:attachment":[{"href":"https:\/\/www.europesays.com\/fi\/wp-json\/wp\/v2\/media?parent=109116"}],"wp:term":[{"taxonomy":"category","embeddable":true,"href":"https:\/\/www.europesays.com\/fi\/wp-json\/wp\/v2\/categories?post=109116"},{"taxonomy":"post_tag","embeddable":true,"href":"https:\/\/www.europesays.com\/fi\/wp-json\/wp\/v2\/tags?post=109116"}],"curies":[{"name":"wp","href":"https:\/\/api.w.org\/{rel}","templated":true}]}}