{"id":109118,"date":"2025-12-06T08:43:05","date_gmt":"2025-12-06T08:43:05","guid":{"rendered":"https:\/\/www.europesays.com\/fi\/109118\/"},"modified":"2025-12-06T08:43:05","modified_gmt":"2025-12-06T08:43:05","slug":"pieksamakelaisen-laitosmiehen-itsenaisyyspaivan-teolla-saattoi-olla-jarisyttava-seuraus","status":"publish","type":"post","link":"https:\/\/www.europesays.com\/fi\/109118\/","title":{"rendered":"Pieks\u00e4m\u00e4kel\u00e4isen laitosmiehen itsen\u00e4isyysp\u00e4iv\u00e4n teolla saattoi olla j\u00e4risytt\u00e4v\u00e4 seuraus"},"content":{"rendered":"<p>Vapaaehtoisten ponnistusten seuraukset saattavat n\u00e4ky\u00e4 vasta vuosien tai vuosikymmenien p\u00e4\u00e4st\u00e4.<\/p>\n<p><img decoding=\"async\" class=\"image image-show image-preview\" src=\"https:\/\/www.europesays.com\/fi\/wp-content\/uploads\/2025\/12\/6397e7f7dc18651ae40fc54c5e0819965ec4ca6c85e297c1cfe34faac62d4b22.jpg\" alt=\"\"\/><img decoding=\"async\" class=\"image image-show\" src=\"https:\/\/www.europesays.com\/fi\/wp-content\/uploads\/2025\/12\/1765010585_144_6397e7f7dc18651ae40fc54c5e0819965ec4ca6c85e297c1cfe34faac62d4b22.jpg\" alt=\"\"\/><\/p>\n<p>Ari-Pekka Liukkosen pitk\u00e4 uintiura p\u00e4\u00e4ttyy t\u00e4ss\u00e4 kuussa. Vesa P\u00f6pp\u00f6nen \/ AOP<\/p>\n<p class=\"paragraph\">Kun urheilijan ura p\u00e4\u00e4ttyy, on kiitosten aika.<\/p>\n<p class=\"paragraph\">Menestyksek\u00e4st\u00e4 uintiuraansa paketoiva <strong>Ari-Pekka Liukkonen<\/strong> haluaa uransa viimeisill\u00e4 metreill\u00e4 muistaa ihmisi\u00e4, jotka mahdollistavat nuorten urheilun ja liikunnan uran alkutaipaleella.<\/p>\n<p class=\"paragraph\">Vuoden 2021 EM-kultamitalisti Liukkonen hypp\u00e4\u00e4 itsen\u00e4isyysp\u00e4iv\u00e4n\u00e4 viimeist\u00e4 kertaa altaaseen EM-tasolla Puolan Lublinissa.<\/p>\n<p class=\"paragraph\">L\u00e4hes kolmen vuosikymmenen mittainen ura ei v\u00e4ltt\u00e4m\u00e4tt\u00e4 olisi ollut mahdollinen, ellei h\u00e4nen lapsuudessaan ja nuoruudessaan l\u00e4hipiiriss\u00e4 olisi ollut hyv\u00e4ntahtoisia aikuisia.<\/p>\n<p class=\"paragraph\">Liukkonen muistaa, kuinka yl\u00e4asteik\u00e4isen\u00e4 h\u00e4n meni Pieks\u00e4m\u00e4ell\u00e4 itsen\u00e4isyysp\u00e4iv\u00e4n\u00e4 harjoittelemaan. Mikkelil\u00e4isvalmentaja <strong>Rami<\/strong> ajoi ty\u00f6vuoronsa j\u00e4lkeen Varkauteen, otti kyytiin Liukkosen uintikaverin <strong>Jonnan<\/strong> ja jatkoi Pieks\u00e4m\u00e4elle. Matkaa yhteen suuntaan kertyi noin 130 kilometri\u00e4.<\/p>\n<p class=\"paragraph\">\u2013\u2009Pieks\u00e4m\u00e4ell\u00e4 meid\u00e4n naapurissamme ollut laitosmies tuli avaamaan meille hallin oven, Liukkonen sanoo.<\/p>\n<p class=\"paragraph\">\u2013\u2009P\u00e4\u00e4simme vet\u00e4m\u00e4\u00e4n treenin itsen\u00e4isyysp\u00e4iv\u00e4n\u00e4, mink\u00e4 j\u00e4lkeen laitosmies k\u00e4vi laittamassa ovet kiinni ja h\u00e4lytykset takaisin p\u00e4\u00e4lle. Rami ajoi Varkauteen, j\u00e4tti Jonnan sinne ja jatkoi itsen\u00e4isyysp\u00e4iv\u00e4n viettoon Mikkeliin.<\/p>\n<p>Liukkosen uintiura l\u00e4hti liikkeelle Pieks\u00e4m\u00e4en uimahallista. Pieks\u00e4m\u00e4en kaupunki<\/p>\n<p>Unelmien mahdollistajat<\/p>\n<p class=\"paragraph\">Liukkosen uran alkutaivalta olivat mahdollistamassa muutkin perheen ulkopuoliset aikuiset.<\/p>\n<p class=\"paragraph\">Er\u00e4\u00e4n toisen pieks\u00e4m\u00e4kel\u00e4isen uimarin is\u00e4 k\u00e4ytti h\u00e4nt\u00e4 kisoissa, kun omat vanhemmat olivat kiireisi\u00e4 ja vaikka miehen oma lapsi ei en\u00e4\u00e4 k\u00e4ynyt kisoissa.<\/p>\n<p class=\"paragraph\">Yl\u00e4asteella Liukkosella oli valinnaisena aineena liikunta ja mahdollisuus k\u00e4yd\u00e4 kerran viikossa uimahallissa, joka oli kiinni.<\/p>\n<p class=\"paragraph\">\u2013\u2009Siell\u00e4 ei ollut valvojaa, mutta siivoojat aikatauluttivat omat rutiininsa niin, ett\u00e4 he olivat pesem\u00e4ss\u00e4 altaan laitoja, kun olin siell\u00e4 treenaamassa. He tekiv\u00e4t sen siksi, ett\u00e4 minulla olisi mahdollisuus tehd\u00e4 aamutreeni.<\/p>\n<p class=\"paragraph\">Liukkosen kertomat tarinat kuvastavat, mik\u00e4 merkitys talkooty\u00f6ll\u00e4 on suomalaisessa yhteiskunnassa, urheilussa ja lopulta huippu-urheilussa.<\/p>\n<p class=\"paragraph\">\u2013\u2009Se saa liian v\u00e4h\u00e4n n\u00e4kyvyytt\u00e4, Liukkonen sanoo.<\/p>\n<p class=\"paragraph\">Liukkonen ei ollut lapsit\u00e4hti.<\/p>\n<p class=\"paragraph\">\u2013\u2009Monesti, jos on jo tullut v\u00e4h\u00e4n menestyst\u00e4, ovet saattavat aueta v\u00e4h\u00e4n helpommin. Eiv\u00e4t ne v\u00e4ltt\u00e4m\u00e4tt\u00e4 helposti aukea silloinkaan, mutta varsinkin nuorena, kun ei ole viel\u00e4 meriittej\u00e4, on erityisen t\u00e4rke\u00e4\u00e4, ett\u00e4 yksitt\u00e4iset ihmiset ovat valmiita panostamaan ja tekem\u00e4\u00e4n uhrauksia sen eteen, ett\u00e4 nuoret p\u00e4\u00e4sev\u00e4t treenaamaan ja tavoittelemaan omia unelmiaan.<\/p>\n","protected":false},"excerpt":{"rendered":"Vapaaehtoisten ponnistusten seuraukset saattavat n\u00e4ky\u00e4 vasta vuosien tai vuosikymmenien p\u00e4\u00e4st\u00e4. Ari-Pekka Liukkosen pitk\u00e4 uintiura p\u00e4\u00e4ttyy t\u00e4ss\u00e4 kuussa. Vesa&hellip;\n","protected":false},"author":2,"featured_media":109119,"comment_status":"","ping_status":"","sticky":false,"template":"","format":"standard","meta":{"footnotes":""},"categories":[12],"tags":[35,22,23,26,27,33,31,30,17,2111,99,100,24,25,41,28,29,15,18,21,98,32,19,20,16],"class_list":{"0":"post-109118","1":"post","2":"type-post","3":"status-publish","4":"format-standard","5":"has-post-thumbnail","7":"category-suomi","8":"tag-24h","9":"tag-breaking-news","10":"tag-breakingnews","11":"tag-featured-news","12":"tag-featurednews","13":"tag-fi","14":"tag-finland","15":"tag-finnish","16":"tag-headlines","17":"tag-kuntourheilu","18":"tag-lapset","19":"tag-lapset-ja-nuoret","20":"tag-latest-news","21":"tag-latestnews","22":"tag-liikunta-ja-urheilu","23":"tag-main-news","24":"tag-mainnews","25":"tag-news","26":"tag-otsikot","27":"tag-paauutiset","28":"tag-perhe","29":"tag-suomi","30":"tag-top-stories","31":"tag-topstories","32":"tag-uutiset"},"share_on_mastodon":{"url":"https:\/\/pubeurope.com\/@fi\/115671741710186444","error":""},"_links":{"self":[{"href":"https:\/\/www.europesays.com\/fi\/wp-json\/wp\/v2\/posts\/109118","targetHints":{"allow":["GET"]}}],"collection":[{"href":"https:\/\/www.europesays.com\/fi\/wp-json\/wp\/v2\/posts"}],"about":[{"href":"https:\/\/www.europesays.com\/fi\/wp-json\/wp\/v2\/types\/post"}],"author":[{"embeddable":true,"href":"https:\/\/www.europesays.com\/fi\/wp-json\/wp\/v2\/users\/2"}],"replies":[{"embeddable":true,"href":"https:\/\/www.europesays.com\/fi\/wp-json\/wp\/v2\/comments?post=109118"}],"version-history":[{"count":0,"href":"https:\/\/www.europesays.com\/fi\/wp-json\/wp\/v2\/posts\/109118\/revisions"}],"wp:featuredmedia":[{"embeddable":true,"href":"https:\/\/www.europesays.com\/fi\/wp-json\/wp\/v2\/media\/109119"}],"wp:attachment":[{"href":"https:\/\/www.europesays.com\/fi\/wp-json\/wp\/v2\/media?parent=109118"}],"wp:term":[{"taxonomy":"category","embeddable":true,"href":"https:\/\/www.europesays.com\/fi\/wp-json\/wp\/v2\/categories?post=109118"},{"taxonomy":"post_tag","embeddable":true,"href":"https:\/\/www.europesays.com\/fi\/wp-json\/wp\/v2\/tags?post=109118"}],"curies":[{"name":"wp","href":"https:\/\/api.w.org\/{rel}","templated":true}]}}