{"id":109120,"date":"2025-12-06T08:44:08","date_gmt":"2025-12-06T08:44:08","guid":{"rendered":"https:\/\/www.europesays.com\/fi\/109120\/"},"modified":"2025-12-06T08:44:08","modified_gmt":"2025-12-06T08:44:08","slug":"savonlinnassa-palaa-omakotitalo-henkilovahingoista-ei-viela-ole-varmaa-tietoa-kotimaa","status":"publish","type":"post","link":"https:\/\/www.europesays.com\/fi\/109120\/","title":{"rendered":"Savonlinnassa palaa omakotitalo \u2013 henkil\u00f6vahingoista ei viel\u00e4 ole varmaa tietoa | Kotimaa"},"content":{"rendered":"<p class=\"aw-1gybjub aw-5vja16 kEtdKx kmuxyA yle__article__paragraph\">Poliisin mukaan talossa on mahdollisesti ollut ihmisi\u00e4 palon syttyess\u00e4.<\/p>\n<p><img decoding=\"async\" alt=\"Pelastuslaitos Etel\u00e4-Savo -merkki paloauton ovessa.\" src=\"https:\/\/www.europesays.com\/fi\/wp-content\/uploads\/2025\/10\/39-133272766bc8cb130680.jpeg\" class=\"aw-1l9m598 hKVVvP\"\/><\/p>\n<p>Avaa kuvien katselu<\/p>\n<p>Paikalla on useita pelastuslaitoksen yksik\u00f6it\u00e4. Kuva: Petri Aaltonen \/ Yle<\/p>\n<p class=\"aw-1gybjub aw-1p7kakr kEtdKx cEmitX yle__article__paragraph\">Omakotitalo on tulessa Savonlinnassa Hattukalliontiell\u00e4. Poliisin mukaan talossa on mahdollisesti ollut ihmisi\u00e4 palon syttyess\u00e4. Poliisi ei viel\u00e4 ota kantaa henkil\u00f6vahinkoihin.<\/p>\n<p class=\"aw-1gybjub aw-1p7kakr kEtdKx cEmitX yle__article__paragraph\">Etel\u00e4-Savon pelastuslaitos sai h\u00e4lytyksen suuresta rakennuspalosta noin kello kahdeksalta aamulla.<\/p>\n<p class=\"aw-1gybjub aw-1p7kakr kEtdKx cEmitX yle__article__paragraph\">Paikalla on useita pelastuslaitoksen yksik\u00f6it\u00e4.<\/p>\n<p class=\"aw-1gybjub aw-1p7kakr kEtdKx cEmitX yle__article__paragraph\">P\u00e4ivit\u00e4mme uutista.<\/p>\n<p class=\"aw-1gybjub aw-1p7kakr kEtdKx cEmitX yle__article__paragraph\">P\u00e4ivitetty juttua 6.12. klo 10:06: Lis\u00e4tty tieto, ett\u00e4 kyseess\u00e4 on omakotitalo.<br \/>P\u00e4ivitetty juttua 6.12. klo 10:12: Lis\u00e4tty tieto, ett\u00e4 talossa on mahdollisesti ollut ihmisi\u00e4 palon syttyess\u00e4.<\/p>\n","protected":false},"excerpt":{"rendered":"Poliisin mukaan talossa on mahdollisesti ollut ihmisi\u00e4 palon syttyess\u00e4. Avaa kuvien katselu Paikalla on useita pelastuslaitoksen yksik\u00f6it\u00e4. Kuva:&hellip;\n","protected":false},"author":2,"featured_media":66725,"comment_status":"","ping_status":"","sticky":false,"template":"","format":"standard","meta":{"footnotes":""},"categories":[5],"tags":[22,23,184,26,27,33,31,30,17,71,24,25,28,29,15,837,18,21,1000,32,19,20,16],"class_list":{"0":"post-109120","1":"post","2":"type-post","3":"status-publish","4":"format-standard","5":"has-post-thumbnail","7":"category-otsikot","8":"tag-breaking-news","9":"tag-breakingnews","10":"tag-etela-savo","11":"tag-featured-news","12":"tag-featurednews","13":"tag-fi","14":"tag-finland","15":"tag-finnish","16":"tag-headlines","17":"tag-kotimaa","18":"tag-latest-news","19":"tag-latestnews","20":"tag-main-news","21":"tag-mainnews","22":"tag-news","23":"tag-onnettomuudet","24":"tag-otsikot","25":"tag-paauutiset","26":"tag-savonlinna","27":"tag-suomi","28":"tag-top-stories","29":"tag-topstories","30":"tag-uutiset"},"share_on_mastodon":{"url":"https:\/\/pubeurope.com\/@fi\/115671745428013233","error":""},"_links":{"self":[{"href":"https:\/\/www.europesays.com\/fi\/wp-json\/wp\/v2\/posts\/109120","targetHints":{"allow":["GET"]}}],"collection":[{"href":"https:\/\/www.europesays.com\/fi\/wp-json\/wp\/v2\/posts"}],"about":[{"href":"https:\/\/www.europesays.com\/fi\/wp-json\/wp\/v2\/types\/post"}],"author":[{"embeddable":true,"href":"https:\/\/www.europesays.com\/fi\/wp-json\/wp\/v2\/users\/2"}],"replies":[{"embeddable":true,"href":"https:\/\/www.europesays.com\/fi\/wp-json\/wp\/v2\/comments?post=109120"}],"version-history":[{"count":0,"href":"https:\/\/www.europesays.com\/fi\/wp-json\/wp\/v2\/posts\/109120\/revisions"}],"wp:featuredmedia":[{"embeddable":true,"href":"https:\/\/www.europesays.com\/fi\/wp-json\/wp\/v2\/media\/66725"}],"wp:attachment":[{"href":"https:\/\/www.europesays.com\/fi\/wp-json\/wp\/v2\/media?parent=109120"}],"wp:term":[{"taxonomy":"category","embeddable":true,"href":"https:\/\/www.europesays.com\/fi\/wp-json\/wp\/v2\/categories?post=109120"},{"taxonomy":"post_tag","embeddable":true,"href":"https:\/\/www.europesays.com\/fi\/wp-json\/wp\/v2\/tags?post=109120"}],"curies":[{"name":"wp","href":"https:\/\/api.w.org\/{rel}","templated":true}]}}