{"id":109135,"date":"2025-12-06T09:08:08","date_gmt":"2025-12-06T09:08:08","guid":{"rendered":"https:\/\/www.europesays.com\/fi\/109135\/"},"modified":"2025-12-06T09:08:08","modified_gmt":"2025-12-06T09:08:08","slug":"yhdysvaltain-ulkoministeri-marco-rubio-onnittelee-suomea","status":"publish","type":"post","link":"https:\/\/www.europesays.com\/fi\/109135\/","title":{"rendered":"Yhdysvaltain ulkoministeri Marco Rubio onnittelee Suomea"},"content":{"rendered":"<p>Suomi sai onnittelut Trumpin luottomiehelt\u00e4.<\/p>\n<p class=\"article-body mb-nof-24 px-nof-16\">Yhdysvaltain ulkoministeri <a class=\"article-personlink\" href=\"https:\/\/www.is.fi\/haku\/?query=Marco%20Rubio\" rel=\"nofollow noopener\" target=\"_blank\">Marco Rubio<\/a> toivottaa Suomelle hyv\u00e4\u00e4 itsen\u00e4isyysp\u00e4iv\u00e4\u00e4 Yhdysvaltain ulkoministeri\u00f6n julkaisemassa <a class=\"article-genericlink\" href=\"https:\/\/www.state.gov\/releases\/2025\/12\/finland-national-day\/?fbclid=PAdGRleAOgxiFleHRuA2FlbQIxMQBzcnRjBmFwcF9pZA8xMjQwMjQ1NzQyODc0MTQAAadnIYtNpW15WDJzrXpQeRLENShT5P6Pks2aCNf8XBG4SNh_ptIrQAarGor6Hg_aem_cVw3OpHaDOOXxDh-FWcAFA\" rel=\"nofollow noopener\" target=\"_blank\">tiedotteessa<\/a>.<\/p>\n<p class=\"article-body mb-nof-24 px-nof-16\">Rubio kertoo onnittelevansa Suomen kansaa 108-vuotisesta itsen\u00e4isyydest\u00e4 Yhdysvaltain ja amerikkalaisten puolesta.<\/p>\n<p class=\"article-body mb-nof-24 px-nof-16\">Rubion mukaan Suomi on luotettava kumppani ja malliliittolainen Natossa. Rubio kertoo Yhdysvaltain ja Suomen tiivist\u00e4neen yhteisty\u00f6t\u00e4\u00e4n kuluneen vuoden aikana puolustuksen, kaupan ja kehittyvien teknologioiden saralla.<\/p>\n<p class=\"article-body mb-nof-24 px-nof-16\">Ulkoministeri mainitsee esimerkkein\u00e4 Suomen F-35-h\u00e4vitt\u00e4j\u00e4hankinnat ja Yhdysvaltain presidentti <a class=\"article-personlink\" href=\"https:\/\/www.is.fi\/haku\/?query=Donald%20Trumpin\" rel=\"nofollow noopener\" target=\"_blank\">Donald Trumpin<\/a> ja tasavallan presidentti <a class=\"article-personlink\" href=\"https:\/\/www.is.fi\/haku\/?query=Alexander%20Stubbin\" rel=\"nofollow noopener\" target=\"_blank\">Alexander Stubbin<\/a> solmiman j\u00e4\u00e4nmurtajasopimuksen.<\/p>\n<p class=\"article-body mb-nof-24 px-nof-16\">\u2013 Toivotan l\u00e4mpim\u00e4sti kaikille suomalaisille menestyksek\u00e4st\u00e4 tulevaa vuotta, Rubio toteaa tiedotteessa.<\/p>\n<p class=\"article-body mb-nof-24 px-nof-16\">\u2013 Yhdysvallat seisoo Suomen rinnalla yst\u00e4v\u00e4n\u00e4, liittolaisena ja kumppanina.<\/p>\n","protected":false},"excerpt":{"rendered":"Suomi sai onnittelut Trumpin luottomiehelt\u00e4. Yhdysvaltain ulkoministeri Marco Rubio toivottaa Suomelle hyv\u00e4\u00e4 itsen\u00e4isyysp\u00e4iv\u00e4\u00e4 Yhdysvaltain ulkoministeri\u00f6n julkaisemassa tiedotteessa. Rubio&hellip;\n","protected":false},"author":2,"featured_media":109136,"comment_status":"","ping_status":"","sticky":false,"template":"","format":"standard","meta":{"footnotes":""},"categories":[14],"tags":[22,23,26,27,33,31,30,17,34,24,25,28,29,15,18,21,32,19,20,56,16,59,60,61],"class_list":{"0":"post-109135","1":"post","2":"type-post","3":"status-publish","4":"format-standard","5":"has-post-thumbnail","7":"category-ulkomaat","8":"tag-breaking-news","9":"tag-breakingnews","10":"tag-featured-news","11":"tag-featurednews","12":"tag-fi","13":"tag-finland","14":"tag-finnish","15":"tag-headlines","16":"tag-ilta-sanomat","17":"tag-latest-news","18":"tag-latestnews","19":"tag-main-news","20":"tag-mainnews","21":"tag-news","22":"tag-otsikot","23":"tag-paauutiset","24":"tag-suomi","25":"tag-top-stories","26":"tag-topstories","27":"tag-ulkomaat","28":"tag-uutiset","29":"tag-world","30":"tag-world-news","31":"tag-worldnews"},"share_on_mastodon":{"url":"https:\/\/pubeurope.com\/@fi\/115671839830824635","error":""},"_links":{"self":[{"href":"https:\/\/www.europesays.com\/fi\/wp-json\/wp\/v2\/posts\/109135","targetHints":{"allow":["GET"]}}],"collection":[{"href":"https:\/\/www.europesays.com\/fi\/wp-json\/wp\/v2\/posts"}],"about":[{"href":"https:\/\/www.europesays.com\/fi\/wp-json\/wp\/v2\/types\/post"}],"author":[{"embeddable":true,"href":"https:\/\/www.europesays.com\/fi\/wp-json\/wp\/v2\/users\/2"}],"replies":[{"embeddable":true,"href":"https:\/\/www.europesays.com\/fi\/wp-json\/wp\/v2\/comments?post=109135"}],"version-history":[{"count":0,"href":"https:\/\/www.europesays.com\/fi\/wp-json\/wp\/v2\/posts\/109135\/revisions"}],"wp:featuredmedia":[{"embeddable":true,"href":"https:\/\/www.europesays.com\/fi\/wp-json\/wp\/v2\/media\/109136"}],"wp:attachment":[{"href":"https:\/\/www.europesays.com\/fi\/wp-json\/wp\/v2\/media?parent=109135"}],"wp:term":[{"taxonomy":"category","embeddable":true,"href":"https:\/\/www.europesays.com\/fi\/wp-json\/wp\/v2\/categories?post=109135"},{"taxonomy":"post_tag","embeddable":true,"href":"https:\/\/www.europesays.com\/fi\/wp-json\/wp\/v2\/tags?post=109135"}],"curies":[{"name":"wp","href":"https:\/\/api.w.org\/{rel}","templated":true}]}}