{"id":109139,"date":"2025-12-06T09:10:09","date_gmt":"2025-12-06T09:10:09","guid":{"rendered":"https:\/\/www.europesays.com\/fi\/109139\/"},"modified":"2025-12-06T09:10:09","modified_gmt":"2025-12-06T09:10:09","slug":"poliisi-pysaytti-naiskuskeja-varasti-alastonkuvat","status":"publish","type":"post","link":"https:\/\/www.europesays.com\/fi\/109139\/","title":{"rendered":"Poliisi pys\u00e4ytti naiskuskeja, varasti alastonkuvat"},"content":{"rendered":"<p>Liikennepys\u00e4ytykset ottivat iljett\u00e4v\u00e4n k\u00e4\u00e4nteen.<\/p>\n<p class=\"article-body mb-nof-24 px-nof-16\">Missourin osavaltiossa Yhdysvalloissa ty\u00f6skennellyt poliisi pys\u00e4ytti naisia liikenteess\u00e4 ja sen j\u00e4lkeen etsi ja kopio alastonkuvia heid\u00e4n puhelimistaan. Uhreja on kaikkiaan 20, <a class=\"article-genericlink\" href=\"https:\/\/www.justice.gov\/usao-edmo\/pr\/former-florissant-police-officer-admits-searching-womens-phones-nude-images\" rel=\"nofollow noopener\" target=\"_blank\">Yhdysvaltain oikeusministeri\u00f6 kertoo<\/a>.<\/p>\n<p class=\"article-body mb-nof-24 px-nof-16\">Rikokset tapahtuivat helmi\u2013huhtikuussa viime vuonna. Poliisi on my\u00f6nt\u00e4nyt syyllisyytens\u00e4. H\u00e4n otti puhelimet naisilta, vei ne poliisiautoonsa ja ilmoitti l\u00e4hes kaikille uhreilleen, ett\u00e4 h\u00e4n tarvitsi puhelinta vakuutusten tarkistamiseen. Yhdelle uhreista h\u00e4n sanoi selvitt\u00e4v\u00e4ns\u00e4 auton rekister\u00f6innin.<\/p>\n<p class=\"article-body mb-nof-24 px-nof-16\">Lue my\u00f6s: <a class=\"article-genericlink\" href=\"https:\/\/www.is.fi\/digitoday\/art-2000000869470.html\" rel=\"nofollow noopener\" target=\"_blank\">Poliisi vei alastonkuvia naisten puhelimista &#8211; rangaistuksena julkiset tunnustukset<\/a><\/p>\n<p class=\"article-body mb-nof-24 px-nof-16\">Poliisilla ei ollut lupaa tutkia puhelimia. H\u00e4n otti omalla puhelimellaan valokuvia uhrien puhelinten alastonkuvista, jotka esittiv\u00e4t joko uhreja itse\u00e4\u00e4n, heid\u00e4n kumppaniaan tai molempia.<\/p>\n<p class=\"article-body mb-nof-24 px-nof-16\">Yhdest\u00e4 puhelimesta poliisi l\u00f6ysi videon, jonka h\u00e4n l\u00e4hetti omaan puhelimeensa. Uhri huomasi videon jaon j\u00e4lkik\u00e4teen ja ilmoitti siit\u00e4 liittovaltion poliisille FBI:lle. Oikeus antoi luvan poliisin puhelimen ja pilvitallenteiden tutkimiseen, mik\u00e4 paljasti my\u00f6s h\u00e4nen muut rikoksensa.<\/p>\n<p class=\"article-body mb-nof-24 px-nof-16\">Poliisi tuomitaan noin vuoden p\u00e4\u00e4st\u00e4. Jokainen 20:st\u00e4 syytteest\u00e4 voi johtaa enint\u00e4\u00e4n vuoden vankeuteen ja 100\u202f000 dollarin eli noin 86\u202f000 euron sakkoon tai molempiin.<\/p>\n","protected":false},"excerpt":{"rendered":"Liikennepys\u00e4ytykset ottivat iljett\u00e4v\u00e4n k\u00e4\u00e4nteen. Missourin osavaltiossa Yhdysvalloissa ty\u00f6skennellyt poliisi pys\u00e4ytti naisia liikenteess\u00e4 ja sen j\u00e4lkeen etsi ja kopio&hellip;\n","protected":false},"author":2,"featured_media":109140,"comment_status":"","ping_status":"","sticky":false,"template":"","format":"standard","meta":{"footnotes":""},"categories":[5],"tags":[22,23,26,27,33,31,30,17,34,24,25,28,29,15,18,21,32,19,20,16],"class_list":{"0":"post-109139","1":"post","2":"type-post","3":"status-publish","4":"format-standard","5":"has-post-thumbnail","7":"category-otsikot","8":"tag-breaking-news","9":"tag-breakingnews","10":"tag-featured-news","11":"tag-featurednews","12":"tag-fi","13":"tag-finland","14":"tag-finnish","15":"tag-headlines","16":"tag-ilta-sanomat","17":"tag-latest-news","18":"tag-latestnews","19":"tag-main-news","20":"tag-mainnews","21":"tag-news","22":"tag-otsikot","23":"tag-paauutiset","24":"tag-suomi","25":"tag-top-stories","26":"tag-topstories","27":"tag-uutiset"},"share_on_mastodon":{"url":"https:\/\/pubeurope.com\/@fi\/115671847595299695","error":""},"_links":{"self":[{"href":"https:\/\/www.europesays.com\/fi\/wp-json\/wp\/v2\/posts\/109139","targetHints":{"allow":["GET"]}}],"collection":[{"href":"https:\/\/www.europesays.com\/fi\/wp-json\/wp\/v2\/posts"}],"about":[{"href":"https:\/\/www.europesays.com\/fi\/wp-json\/wp\/v2\/types\/post"}],"author":[{"embeddable":true,"href":"https:\/\/www.europesays.com\/fi\/wp-json\/wp\/v2\/users\/2"}],"replies":[{"embeddable":true,"href":"https:\/\/www.europesays.com\/fi\/wp-json\/wp\/v2\/comments?post=109139"}],"version-history":[{"count":0,"href":"https:\/\/www.europesays.com\/fi\/wp-json\/wp\/v2\/posts\/109139\/revisions"}],"wp:featuredmedia":[{"embeddable":true,"href":"https:\/\/www.europesays.com\/fi\/wp-json\/wp\/v2\/media\/109140"}],"wp:attachment":[{"href":"https:\/\/www.europesays.com\/fi\/wp-json\/wp\/v2\/media?parent=109139"}],"wp:term":[{"taxonomy":"category","embeddable":true,"href":"https:\/\/www.europesays.com\/fi\/wp-json\/wp\/v2\/categories?post=109139"},{"taxonomy":"post_tag","embeddable":true,"href":"https:\/\/www.europesays.com\/fi\/wp-json\/wp\/v2\/tags?post=109139"}],"curies":[{"name":"wp","href":"https:\/\/api.w.org\/{rel}","templated":true}]}}