{"id":109145,"date":"2025-12-06T09:26:08","date_gmt":"2025-12-06T09:26:08","guid":{"rendered":"https:\/\/www.europesays.com\/fi\/109145\/"},"modified":"2025-12-06T09:26:08","modified_gmt":"2025-12-06T09:26:08","slug":"indielevy-yhtio-if-society-juhlistaa-sadatta-julkaisuaan-festivaalilla-vaan-mika-se-julkaisu-on-se-onkin-mysteeri","status":"publish","type":"post","link":"https:\/\/www.europesays.com\/fi\/109145\/","title":{"rendered":"Indielevy-yhti\u00f6 If Society juhlistaa sadatta julkaisuaan festivaalilla \u2013 vaan mik\u00e4 se julkaisu on, se onkin mysteeri"},"content":{"rendered":"<p>Mik\u00e4li haluat kuulla mainiota ja omaehtoista suomalaista rockmusiikkia, huhtikuussa olisi sellaista tarjolla kahden p\u00e4iv\u00e4n edest\u00e4. Tuolloin nimitt\u00e4in j\u00e4rjestet\u00e4\u00e4n If Society -festivaali, joka marssittaa lavalle t\u00e4nne virke\u00e4lle levyfirmalle levytt\u00e4neit\u00e4 yhtyeit\u00e4. N\u00e4it\u00e4 ovat muun muassa Radiopuhelimet, Jolly Jumpers, Sur-rur, Echo Is Your Love ja Keuhkot.<\/p>\n<p>Festivaali j\u00e4rjestet\u00e4\u00e4n sen kunniaksi, ett\u00e4 alkuvuodesta 2026 yhti\u00f6 esittelee sadannen julkaisunsa. Vaan mik\u00e4 se julkaisu sitten on? T\u00e4t\u00e4 ei yhti\u00f6 viel\u00e4 kerro: \u201dTodellinen yll\u00e4tys paljastetaan alkuvuodesta\u201d, tiedotteessa luvataan. Ilmeisesti luvassa on sitten jotain erityist\u00e4, mielenkiintoista n\u00e4hd\u00e4.<\/p>\n<p>If Soviety -festivaali j\u00e4rjestet\u00e4\u00e4n Helsingin Kult-klubilla 10.\u201311. huhtikuuta. Tapahtuman p\u00e4\u00e4syliput ovat myynniss\u00e4 Lippupisteess\u00e4. Katso festarin esiintyj\u00e4t alempaa: Festareilla julkaistaan my\u00f6s Radiopuhelimien viimeiset 20 vuotta tiivist\u00e4v\u00e4 kokoelmalevy.<\/p>\n<p>Tapahtuman esiintyj\u00e4t:<br \/><strong>Pe 10.4<\/strong>.<br \/>Radiopuhelimet<br \/>Keuhkot<br \/>Sur-Rur<br \/>Fun<br \/><strong>La 11.4.\u00a0<\/strong><br \/>Jolly Jumpers<br \/>Echo Is Your Love<br \/>Seksihullut<br \/>8 Bits High<\/p>\n","protected":false},"excerpt":{"rendered":"Mik\u00e4li haluat kuulla mainiota ja omaehtoista suomalaista rockmusiikkia, huhtikuussa olisi sellaista tarjolla kahden p\u00e4iv\u00e4n edest\u00e4. Tuolloin nimitt\u00e4in j\u00e4rjestet\u00e4\u00e4n&hellip;\n","protected":false},"author":2,"featured_media":109146,"comment_status":"","ping_status":"","sticky":false,"template":"","format":"standard","meta":{"footnotes":""},"categories":[132],"tags":[137,970,33,31,30,195,47,32,109],"class_list":{"0":"post-109145","1":"post","2":"type-post","3":"status-publish","4":"format-standard","5":"has-post-thumbnail","7":"category-musiikki","8":"tag-entertainment","9":"tag-festivaalit","10":"tag-fi","11":"tag-finland","12":"tag-finnish","13":"tag-music","14":"tag-musiikki","15":"tag-suomi","16":"tag-viihde"},"share_on_mastodon":{"url":"https:\/\/pubeurope.com\/@fi\/115671910819579867","error":""},"_links":{"self":[{"href":"https:\/\/www.europesays.com\/fi\/wp-json\/wp\/v2\/posts\/109145","targetHints":{"allow":["GET"]}}],"collection":[{"href":"https:\/\/www.europesays.com\/fi\/wp-json\/wp\/v2\/posts"}],"about":[{"href":"https:\/\/www.europesays.com\/fi\/wp-json\/wp\/v2\/types\/post"}],"author":[{"embeddable":true,"href":"https:\/\/www.europesays.com\/fi\/wp-json\/wp\/v2\/users\/2"}],"replies":[{"embeddable":true,"href":"https:\/\/www.europesays.com\/fi\/wp-json\/wp\/v2\/comments?post=109145"}],"version-history":[{"count":0,"href":"https:\/\/www.europesays.com\/fi\/wp-json\/wp\/v2\/posts\/109145\/revisions"}],"wp:featuredmedia":[{"embeddable":true,"href":"https:\/\/www.europesays.com\/fi\/wp-json\/wp\/v2\/media\/109146"}],"wp:attachment":[{"href":"https:\/\/www.europesays.com\/fi\/wp-json\/wp\/v2\/media?parent=109145"}],"wp:term":[{"taxonomy":"category","embeddable":true,"href":"https:\/\/www.europesays.com\/fi\/wp-json\/wp\/v2\/categories?post=109145"},{"taxonomy":"post_tag","embeddable":true,"href":"https:\/\/www.europesays.com\/fi\/wp-json\/wp\/v2\/tags?post=109145"}],"curies":[{"name":"wp","href":"https:\/\/api.w.org\/{rel}","templated":true}]}}