{"id":109184,"date":"2025-12-06T10:22:09","date_gmt":"2025-12-06T10:22:09","guid":{"rendered":"https:\/\/www.europesays.com\/fi\/109184\/"},"modified":"2025-12-06T10:22:09","modified_gmt":"2025-12-06T10:22:09","slug":"tama-on-aku-louhimiehen-vointi-nyt","status":"publish","type":"post","link":"https:\/\/www.europesays.com\/fi\/109184\/","title":{"rendered":"T\u00e4m\u00e4 on Aku Louhimiehen vointi nyt"},"content":{"rendered":"<p>Aku Louhimies kertoi voinnistaan itsen\u00e4isyysp\u00e4iv\u00e4n suorassa l\u00e4hetyksess\u00e4.<\/p>\n<p><img decoding=\"async\" class=\"image image-show image-preview\" src=\"https:\/\/www.europesays.com\/fi\/wp-content\/uploads\/2025\/09\/a20642505f2fe664f82519254e7d9b954c5e3df02e9ff5abab547a93564a062c.jpg\" alt=\"\"\/><img decoding=\"async\" class=\"image image-show\" src=\"https:\/\/www.europesays.com\/fi\/wp-content\/uploads\/2025\/12\/a20642505f2fe664f82519254e7d9b954c5e3df02e9ff5abab547a93564a062c.jpg\" alt=\"\"\/><\/p>\n<p>Aku Louhimies ohjaa parhaillaan Lapin sota -elokuvaa.  Henri K\u00e4rkk\u00e4inen<\/p>\n<p class=\"paragraph\">Elokuvaohjaaja <a href=\"https:\/\/www.iltalehti.fi\/henkilot\/Aku Louhimies\" class=\"article-link-person-page\" rel=\"nofollow noopener\" target=\"_blank\">Aku Louhimies<\/a> vieraili MTV3:n <a href=\"https:\/\/www.mtv.fi\/video\/e04272f7f1887ff290d4\/lauantaina-6-joulukuuta\" rel=\"noopener nofollow\" target=\"_blank\">Huomenta Suomi -ohjelman<\/a> itsen\u00e4isyysp\u00e4iv\u00e4n l\u00e4hetyksess\u00e4. Louhimies kertoi haastattelussa muun muassa tekeill\u00e4 olevasta Lapin sota -elokuvasta, jonka ohjaajana h\u00e4n toimii.<\/p>\n<p class=\"paragraph\">Puheeksi haastattelussa tuli my\u00f6s Louhimiehen vointi. Alkusyksyst\u00e4 kerrottiin, ett\u00e4 Louhimies sai vakavan sairauskohtauksen.<\/p>\n<p class=\"paragraph\">\u2013 Kiitos voin hyvin. Hienoa, ett\u00e4 Suomessa on osaavia l\u00e4\u00e4k\u00e4reit\u00e4 ja sairaanhoitohenkil\u00f6kuntaa. T\u00e4m\u00e4 on puolustamisen arvoinen maa, Louhimies kertoo voinnistaan nyt.<\/p>\n<p class=\"paragraph\">Elokuvan kuvauksia on tarkoitus jatkaa tammikuussa.<\/p>\n<p class=\"paragraph\">\u2013 Nyt olen viel\u00e4 toipumassa, mutta hyv\u00e4\u00e4 vauhtia.<\/p>\n<p class=\"paragraph\">\u2013 Sanottiin, ett\u00e4 viel\u00e4 ei saa juosta maratoonia, mutta jos sitten kev\u00e4\u00e4ll\u00e4, Louhimies sanoo.<\/p>\n<p class=\"paragraph\">Aiemmin t\u00e4n\u00e4\u00e4n <a href=\"https:\/\/www.iltalehti.fi\/viihdeuutiset\/7d3dc925-3c10-4c22-a684-0bea36325d4c\" rel=\"nofollow noopener\" target=\"_blank\">kerrottiin<\/a>, ett\u00e4 Puolustusvoimat ylent\u00e4\u00e4 t\u00e4n\u00e4\u00e4n Louhimiehen reservin kapteeniksi.<\/p>\n<p class=\"paragraph\">Louhimies kertoi Iltalehdelle aiemmin, miten aikoo juhlistaa ylennyst\u00e4.<\/p>\n<p class=\"paragraph\">\u2013 Juhlistan todenn\u00e4k\u00f6isesti perhepiiriss\u00e4. Ehk\u00e4 tehd\u00e4\u00e4n piparkakkutalo! ohjaaja kertoi.<\/p>\n<p class=\"paragraph\">Louhimiehen ohjaaman Lapin Sota -elokuvan p\u00e4\u00e4osia n\u00e4yttelev\u00e4t <a href=\"https:\/\/www.iltalehti.fi\/henkilot\/Peter Franz\u00e9n\" class=\"article-link-person-page\" rel=\"nofollow noopener\" target=\"_blank\">Peter Franz\u00e9n<\/a>, <a href=\"https:\/\/www.iltalehti.fi\/henkilot\/Sannah Nederg\u00e5rd\" class=\"article-link-person-page\" rel=\"nofollow noopener\" target=\"_blank\">Sannah Nederg\u00e5rd<\/a> ja <a href=\"https:\/\/www.iltalehti.fi\/henkilot\/Volker Bruch\" class=\"article-link-person-page\" rel=\"nofollow noopener\" target=\"_blank\">Volker Bruch<\/a>. Elokuvan on m\u00e4\u00e4r\u00e4 saada ensi-iltansa syksyll\u00e4 2026.<\/p>\n","protected":false},"excerpt":{"rendered":"Aku Louhimies kertoi voinnistaan itsen\u00e4isyysp\u00e4iv\u00e4n suorassa l\u00e4hetyksess\u00e4. Aku Louhimies ohjaa parhaillaan Lapin sota -elokuvaa. Henri K\u00e4rkk\u00e4inen Elokuvaohjaaja Aku&hellip;\n","protected":false},"author":2,"featured_media":109185,"comment_status":"","ping_status":"","sticky":false,"template":"","format":"standard","meta":{"footnotes":""},"categories":[130],"tags":[35,153,155,137,33,31,30,718,154,32,140,139,156,109],"class_list":{"0":"post-109184","1":"post","2":"type-post","3":"status-publish","4":"format-standard","5":"has-post-thumbnail","7":"category-viihde","8":"tag-24h","9":"tag-audiovisuaalinen-media","10":"tag-elokuvat","11":"tag-entertainment","12":"tag-fi","13":"tag-finland","14":"tag-finnish","15":"tag-nayttamotaide","16":"tag-nayttelijat-teatteri","17":"tag-suomi","18":"tag-tv-ja-elokuvat","19":"tag-tv-ohjelmat","20":"tag-tv","21":"tag-viihde"},"share_on_mastodon":{"url":"https:\/\/pubeurope.com\/@fi\/115672130724061469","error":""},"_links":{"self":[{"href":"https:\/\/www.europesays.com\/fi\/wp-json\/wp\/v2\/posts\/109184","targetHints":{"allow":["GET"]}}],"collection":[{"href":"https:\/\/www.europesays.com\/fi\/wp-json\/wp\/v2\/posts"}],"about":[{"href":"https:\/\/www.europesays.com\/fi\/wp-json\/wp\/v2\/types\/post"}],"author":[{"embeddable":true,"href":"https:\/\/www.europesays.com\/fi\/wp-json\/wp\/v2\/users\/2"}],"replies":[{"embeddable":true,"href":"https:\/\/www.europesays.com\/fi\/wp-json\/wp\/v2\/comments?post=109184"}],"version-history":[{"count":0,"href":"https:\/\/www.europesays.com\/fi\/wp-json\/wp\/v2\/posts\/109184\/revisions"}],"wp:featuredmedia":[{"embeddable":true,"href":"https:\/\/www.europesays.com\/fi\/wp-json\/wp\/v2\/media\/109185"}],"wp:attachment":[{"href":"https:\/\/www.europesays.com\/fi\/wp-json\/wp\/v2\/media?parent=109184"}],"wp:term":[{"taxonomy":"category","embeddable":true,"href":"https:\/\/www.europesays.com\/fi\/wp-json\/wp\/v2\/categories?post=109184"},{"taxonomy":"post_tag","embeddable":true,"href":"https:\/\/www.europesays.com\/fi\/wp-json\/wp\/v2\/tags?post=109184"}],"curies":[{"name":"wp","href":"https:\/\/api.w.org\/{rel}","templated":true}]}}