{"id":109222,"date":"2025-12-06T11:19:10","date_gmt":"2025-12-06T11:19:10","guid":{"rendered":"https:\/\/www.europesays.com\/fi\/109222\/"},"modified":"2025-12-06T11:19:10","modified_gmt":"2025-12-06T11:19:10","slug":"noora-hautakangas-poseeraa-alasti-ulkonakoani-arvosteltiin-tosi-raaasti","status":"publish","type":"post","link":"https:\/\/www.europesays.com\/fi\/109222\/","title":{"rendered":"Noora Hautakangas poseeraa alasti \u2013 \u201dUlkon\u00e4k\u00f6\u00e4ni arvosteltiin tosi raa\u2019asti\u201d"},"content":{"rendered":"<p>Noora Hautakangas poseeraa Helsingin Sanomien Sielu ja ruumis -palstalla.<\/p>\n<p><img decoding=\"async\" class=\"image image-show image-preview\" src=\"https:\/\/www.europesays.com\/fi\/wp-content\/uploads\/2025\/09\/4b00bd94cf7c9fef43ed226d0cb7d71bd1fcb8c4d2261b9ec822b9273630bf1d.jpg\" alt=\"\"\/><img decoding=\"async\" class=\"image image-show\" src=\"https:\/\/www.europesays.com\/fi\/wp-content\/uploads\/2025\/09\/1758075548_280_4b00bd94cf7c9fef43ed226d0cb7d71bd1fcb8c4d2261b9ec822b9273630bf1d.jpg\" alt=\"\"\/><\/p>\n<p>Noora Hautakangas sairastui sy\u00f6mish\u00e4iri\u00f6\u00f6n missivuotensa j\u00e4lkeen. Jenni G\u00e4stgivar<\/p>\n<p class=\"paragraph\">Yritt\u00e4j\u00e4 ja vuoden 2007 Miss Suomi <a href=\"https:\/\/www.iltalehti.fi\/henkilot\/Noora Hautakangas\" class=\"article-link-person-page\" rel=\"nofollow noopener\" target=\"_blank\">Noora Hautakangas<\/a> poseeraa alasti <a href=\"https:\/\/www.hs.fi\/kuukausiliite\/art-2000011611775.html\" rel=\"noopener nofollow\" target=\"_blank\">Helsingin Sanomien<\/a> Kuukausiliitteen Sielu ja ruumis -palstalla. Palstalla tunnetut henkil\u00f6t kertovat suhteesta omaan ruumiiseensa.<\/p>\n<p class=\"paragraph\">Hautakangas kertoo Kuukausiliitteess\u00e4 h\u00e4venneens\u00e4 aiemmin vartaloa, eik\u00e4 h\u00e4n ollut haaveillut misseydest\u00e4. Kun h\u00e4net kruunattiin Miss Suomeksi ajatus itsest\u00e4 muuttui hetkeksi. Heti seuraavana p\u00e4iv\u00e4n\u00e4 tunne kuitenkin vietiin.<\/p>\n<p class=\"paragraph\">\u2013 Ulkon\u00e4k\u00f6\u00e4ni arvosteltiin tosi raa\u2019asti, usein juuri niit\u00e4 piirteit\u00e4, mist\u00e4 olin kaikkein ep\u00e4varmin, kuten painoa ja nen\u00e4\u00e4, Hautakangas kertoo.<\/p>\n<p class=\"paragraph\">Hautakangas kertoo my\u00f6s, ettei saanut yht\u00e4 paljon pyynt\u00f6j\u00e4 tapahtumiin kuin aiemmat voittajat. Se pahensi tunnetta, jota julkinen arvostelu oli aiheuttanut.<\/p>\n<p class=\"paragraph\">\u2013 Sairastuin bulimiaan. Oksensin pois pahaa oloa ja ajattelin, ett\u00e4 siten voisin my\u00f6s muuttaa ruumistani sellaiseksi, kuin kuvittelin ihmisten haluavan sen olla, Hautakangas sanoo.<\/p>\n<p class=\"paragraph\">Hautakangas kertoo, ett\u00e4 h\u00e4n antoi jokaiselle ty\u00f6lle \u201d200 prosenttia\u201d. Korkea ty\u00f6moraali huomattiin ja se toi Hautakankaalle lis\u00e4\u00e4 t\u00f6it\u00e4.<\/p>\n<p class=\"paragraph\">\u2013 Onnistumisen kokemusten my\u00f6t\u00e4 bulimia helpotti, Hautakangas kertoo.<\/p>\n<p class=\"paragraph\">Hautakangas puhui rajusta arvostelustaan my\u00f6s <strong>Johanna Elomaan<\/strong> kirjoittamassa kirjassa Noora Hautakangas \u2013 Huijarisyndroomasta huolimatta (Bazar). Kursivoidut kohdat ovat otteita kirjasta.<\/p>\n<p class=\"paragraph\">Voittoni j\u00e4lkeen minut teilattiin rajusti. Media julisti seuraavan aamun l\u00f6\u00f6peiss\u00e4, miten V\u00e4\u00e4r\u00e4 missi voitti! Keskustelupalstat t\u00e4yttyiv\u00e4t kommenteista, joissa ruodittiin sit\u00e4, miten karmea min\u00e4 olin. Keskustelijoiden mukaan minulla oli reisiss\u00e4 selluliittia, liian leve\u00e4 lantio, liian suuri nen\u00e4 ja hevosen naama.<\/p>\n<p class=\"paragraph\">Osa ihmisist\u00e4 l\u00e4hestyi Hautakangasta nimett\u00f6m\u00e4n\u00e4 tekstiviestitse ja kirjeitse.<\/p>\n<p class=\"paragraph\">Muutama kuukausi voittoni j\u00e4lkeen yksi missifinalisteista kirjoitti minulle, ettei minun olisi kuulunut voittaa, ja listasi syit\u00e4 siihen, miksi olin kuin olinkin v\u00e4\u00e4r\u00e4 missi. Vaikka kirjett\u00e4 ei ollut allekirjoitettu nimell\u00e4, minulla on vahva ep\u00e4ilys siit\u00e4, kuka kirjeen takana oli. Joku, joka oli ollut kisakiertueella t\u00e4ysin varma omasta voitostaan.<\/p>\n","protected":false},"excerpt":{"rendered":"Noora Hautakangas poseeraa Helsingin Sanomien Sielu ja ruumis -palstalla. Noora Hautakangas sairastui sy\u00f6mish\u00e4iri\u00f6\u00f6n missivuotensa j\u00e4lkeen. Jenni G\u00e4stgivar Yritt\u00e4j\u00e4&hellip;\n","protected":false},"author":2,"featured_media":37132,"comment_status":"","ping_status":"","sticky":false,"template":"","format":"standard","meta":{"footnotes":""},"categories":[12],"tags":[35,22,23,26,27,33,31,30,876,17,3207,1391,24,25,72,28,29,15,18,21,32,167,19,20,16],"class_list":{"0":"post-109222","1":"post","2":"type-post","3":"status-publish","4":"format-standard","5":"has-post-thumbnail","7":"category-suomi","8":"tag-24h","9":"tag-breaking-news","10":"tag-breakingnews","11":"tag-featured-news","12":"tag-featurednews","13":"tag-fi","14":"tag-finland","15":"tag-finnish","16":"tag-fyysinen-kauneus","17":"tag-headlines","18":"tag-ihmisen-ulkonako","19":"tag-ihmisten-ja-elainten-ruumiit","20":"tag-latest-news","21":"tag-latestnews","22":"tag-luonto","23":"tag-main-news","24":"tag-mainnews","25":"tag-news","26":"tag-otsikot","27":"tag-paauutiset","28":"tag-suomi","29":"tag-terveys","30":"tag-top-stories","31":"tag-topstories","32":"tag-uutiset"},"share_on_mastodon":{"url":"https:\/\/pubeurope.com\/@fi\/115672355131911215","error":""},"_links":{"self":[{"href":"https:\/\/www.europesays.com\/fi\/wp-json\/wp\/v2\/posts\/109222","targetHints":{"allow":["GET"]}}],"collection":[{"href":"https:\/\/www.europesays.com\/fi\/wp-json\/wp\/v2\/posts"}],"about":[{"href":"https:\/\/www.europesays.com\/fi\/wp-json\/wp\/v2\/types\/post"}],"author":[{"embeddable":true,"href":"https:\/\/www.europesays.com\/fi\/wp-json\/wp\/v2\/users\/2"}],"replies":[{"embeddable":true,"href":"https:\/\/www.europesays.com\/fi\/wp-json\/wp\/v2\/comments?post=109222"}],"version-history":[{"count":0,"href":"https:\/\/www.europesays.com\/fi\/wp-json\/wp\/v2\/posts\/109222\/revisions"}],"wp:featuredmedia":[{"embeddable":true,"href":"https:\/\/www.europesays.com\/fi\/wp-json\/wp\/v2\/media\/37132"}],"wp:attachment":[{"href":"https:\/\/www.europesays.com\/fi\/wp-json\/wp\/v2\/media?parent=109222"}],"wp:term":[{"taxonomy":"category","embeddable":true,"href":"https:\/\/www.europesays.com\/fi\/wp-json\/wp\/v2\/categories?post=109222"},{"taxonomy":"post_tag","embeddable":true,"href":"https:\/\/www.europesays.com\/fi\/wp-json\/wp\/v2\/tags?post=109222"}],"curies":[{"name":"wp","href":"https:\/\/api.w.org\/{rel}","templated":true}]}}