{"id":109223,"date":"2025-12-06T11:20:11","date_gmt":"2025-12-06T11:20:11","guid":{"rendered":"https:\/\/www.europesays.com\/fi\/109223\/"},"modified":"2025-12-06T11:20:11","modified_gmt":"2025-12-06T11:20:11","slug":"laakariliiton-johtaja-jyrahtaa-jattakaa-lasse-lehtonen-rauhaan","status":"publish","type":"post","link":"https:\/\/www.europesays.com\/fi\/109223\/","title":{"rendered":"L\u00e4\u00e4k\u00e4riliiton johtaja jyr\u00e4ht\u00e4\u00e4: J\u00e4tt\u00e4k\u00e4\u00e4 Lasse Lehtonen rauhaan"},"content":{"rendered":"<p>Aaltonen arvostelee sek\u00e4 median ett\u00e4 Kelan hallituksen toimintaa Kelan p\u00e4\u00e4johtaja Lasse Lehtosen tikunnokkaan nostamisen vuoksi.<\/p>\n<p><img decoding=\"async\" class=\"image image-show image-preview\" src=\"https:\/\/www.europesays.com\/fi\/wp-content\/uploads\/2025\/12\/81a3eb0f223132cc44c52beb45772f4482c579916d79ce65ff6efe94fc4df0e8.jpg\" alt=\"\"\/><img decoding=\"async\" class=\"image image-show\" src=\"https:\/\/www.europesays.com\/fi\/wp-content\/uploads\/2025\/12\/1764943391_139_81a3eb0f223132cc44c52beb45772f4482c579916d79ce65ff6efe94fc4df0e8.jpg\" alt=\"\"\/><\/p>\n<p>Kelan p\u00e4\u00e4johtaja Lasse Lehtonen on ollut otsikoissa usean viikon ajan.  Antti Mannermaa<\/p>\n<p class=\"paragraph\">L\u00e4\u00e4k\u00e4riliiton toiminnanjohtaja <strong>Janne Aaltosen<\/strong> mukaan Kelan p\u00e4\u00e4johtajan <strong>Lasse Lehtosen<\/strong> toiminnan k\u00e4sitteleminen julkisuudessa on mennyt yli.<\/p>\n<p class=\"paragraph\">\u2013 Koen, ett\u00e4 nyt on k\u00e4ynniss\u00e4 ajojahti, jossa yhden ihmisen tekemisi\u00e4 nostetaan p\u00e4iv\u00e4 toisensa j\u00e4lkeen esille mediassa, vaikka mit\u00e4\u00e4n varsinaista ihmeellist\u00e4 uutista ei minun mielest\u00e4 t\u00e4ss\u00e4 ole, Aaltonen kritisoi Iltalehdelle.<\/p>\n<p class=\"paragraph\">\u2013 Mielest\u00e4ni t\u00e4ss\u00e4 ajetaan yht\u00e4 ihmist\u00e4 aivan kohtuuttomaan tilanteeseen ja henkil\u00f6kohtaiseen kriisiin.<\/p>\n<p class=\"paragraph\">Aaltonen <a href=\"https:\/\/www.linkedin.com\/feed\/update\/urn:li:activity:7402170828496441344\/\" target=\"_blank\" rel=\"noopener nofollow\">otti kantaa<\/a> Lehtosta koskevaan uutisointiin torstaina verkkoyhteis\u00f6palvelu Linkediniss\u00e4. H\u00e4nen mukaansa sek\u00e4 Kelan hallituksen ett\u00e4 median olisi aika \u201dkatsoa eteenp\u00e4in ja lopettaa julkinen kiusaaminen p\u00e4\u00e4johtajan osalta\u201d.<\/p>\n<p class=\"paragraph\">\u2013 Kaikki tekev\u00e4t virheit\u00e4. Niiden k\u00e4sittelyn ja seurausten tulisi olla kohtuullisessa suhteessa virheen kokoon ja laatuun, Aaltonen kirjoitti p\u00e4ivityksess\u00e4\u00e4n.<\/p>\n<p class=\"paragraph\">Julkaisua profiilissaan <a href=\"https:\/\/www.linkedin.com\/feed\/update\/urn:li:activity:7402774398216310784\/\" target=\"_blank\" rel=\"noopener nofollow\">on kommentoinut<\/a> my\u00f6s Tehyn yhteiskuntasuhteiden johtaja <strong>Kirsi Sillanp\u00e4\u00e4<\/strong>.<\/p>\n<p class=\"paragraph\">\u2013 On surullista seurata, miten nopeasti keskustelu yksil\u00f6ist\u00e4 muuttuu takaa-ajoksi ja julkiseksi kiusaamiseksi. Jakamisen ja kommentoinnin halu ei tarkoita oikeutta levitt\u00e4\u00e4 tarkoitushakuisia tulkintoja. Kyll\u00e4 meill\u00e4 kaikilla on vastuu siit\u00e4, millaista ilmapiiri\u00e4 rakennamme ja miten ihmisi\u00e4 arvostamme, Sillanp\u00e4\u00e4 kirjoittaa.<\/p>\n<p class=\"paragraph\">Iltalehti tavoitti Sillanp\u00e4\u00e4n lauantaiaamuna, mutta h\u00e4n ei halunnut kommentoida n\u00e4kemyksi\u00e4\u00e4n enemp\u00e4\u00e4.<\/p>\n<p>Aaltonen: Ei ole uutisen aihe<\/p>\n<p class=\"paragraph\">Aaltonen kritisoi p\u00e4ivityksess\u00e4\u00e4n etenkin sit\u00e4, ett\u00e4 Lehtosen t\u00f6iden tekeminen h\u00e4nen sairauslomansa aikana nostettiin mediassa tikunnokkaan. Maanantaina Lehtonen j\u00e4i sunnuntaihin asti kest\u00e4v\u00e4lle sairauslomalle, mutta samalla h\u00e4n osallistui keskiviikkona ja torstaina Care Summit Brussels 2025 -tapahtumaan Brysseliss\u00e4.<\/p>\n<p class=\"paragraph\">Aaltosen mukaan ei ole tavatonta tai uutisen aihe, ett\u00e4 sairauslomalle j\u00e4\u00e4nyt tekee t\u00f6it\u00e4. H\u00e4nen mukaansa olennaista on, ett\u00e4 ty\u00f6nteko perustuu ty\u00f6ntekij\u00e4n omaan harkintaan.<\/p>\n<p class=\"paragraph\">Perjantaina Lehtosen matka nousi j\u00e4lleen otsikoihin, kun <a href=\"https:\/\/www.iltalehti.fi\/politiikka\/065c8489-e4d1-47e1-9736-f361ea601f28\" rel=\"nofollow noopener\" target=\"_blank\">h\u00e4net n\u00e4htiin sekavan oloisena Brysselin lentokent\u00e4ll\u00e4<\/a>.<\/p>\n<p class=\"paragraph\">Aaltonen ymm\u00e4rt\u00e4\u00e4 tilanteesta uutisoimisen ja huomauttaa, ett\u00e4 kirjoitti p\u00e4ivityksens\u00e4 ennen perjantain tapahtumia.<\/p>\n<p>L\u00e4\u00e4k\u00e4riliiton toiminnanjohtaja Janne Aaltosen mukaan Lasse Lehtosen toiminnan k\u00e4sittely julkisuudessa on mennyt yli.  OUTI J\u00c4RVINEN<\/p>\n<p>Moitteet Kelan hallitukselle<\/p>\n<p class=\"paragraph\">Median lis\u00e4ksi Aaltonen kritisoi Kelan hallituksen toimintaa Lehtosen osalta.<\/p>\n<p class=\"paragraph\">\u2013 En henkil\u00f6kohtaisesti ymm\u00e4rr\u00e4 sit\u00e4, mink\u00e4 takia Kelan hallituksen puheenjohtajan (<strong>Vertti Kiukas<\/strong>)<strong> <\/strong>pit\u00e4\u00e4 joka p\u00e4iv\u00e4 kommentoida asiaa. Jos katsotaan l\u00e4pi kaikki suomalaiset yhti\u00f6t ja hallitukset vaikka kymmenen vuoden ajan taaksep\u00e4in, niin en nyt ihan heti muista sellaista tilannetta, ett\u00e4 jonkin organisaation hallituksen puheenjohtaja p\u00e4iv\u00e4 toisensa j\u00e4lkeen kommentoi kyseisen organisaation johtajan tekemisi\u00e4, h\u00e4n kummastelee.<\/p>\n<p class=\"paragraph\">\u2013 Minusta se ei ole asiallista.<\/p>\n<p class=\"paragraph\">Lehtonen on ollut otsikoissa l\u00e4pi marraskuun muun muassa julkisuuteen antamisensa lausuntojen vuoksi, jotka on koettu Kelan ty\u00f6ntekij\u00f6it\u00e4 v\u00e4h\u00e4tteleviksi. My\u00f6s h\u00e4nen johtamistyyli\u00e4\u00e4n Kelassa on kutsuttu sanelevaksi ja joustamattomaksi. Kelan johtamisesta on k\u00e4ynnistetty sis\u00e4inen selvitys.<\/p>\n<p class=\"paragraph\">Aaltosen mukaan uutisoidut ongelmat ovat ensisijaisesti organisaation sis\u00e4isi\u00e4 asioita.<\/p>\n<p class=\"paragraph\">\u2013 Varmaan voidaan turvallisesti l\u00e4hte\u00e4 siit\u00e4, ett\u00e4 se on ollut ihan uutisoimisen arvoista. Mutta mielest\u00e4ni siit\u00e4 on uutisoitu jo aika pitk\u00e4\u00e4n ja asia on varmaan kaikille tullut selv\u00e4ksi.<\/p>\n<p class=\"paragraph\">H\u00e4n muistuttaa, ett\u00e4 Lehtonen <a href=\"https:\/\/www.iltalehti.fi\/politiikka\/aa4769fd-c7fb-45e1-9057-e53d8b0baaa6\" rel=\"nofollow noopener\" target=\"_blank\">pyysi marraskuun puolessa v\u00e4liss\u00e4 anteeksi<\/a> \u201dharkitsemattomia\u201d sanavalintojaan.<\/p>\n<p class=\"paragraph\">\u2013 Minun on vaikea n\u00e4hd\u00e4, mit\u00e4 h\u00e4n voisi tehd\u00e4 enemp\u00e4\u00e4.<\/p>\n<p class=\"paragraph\">Aaltonen aloitti Suomen L\u00e4\u00e4k\u00e4riliiton toiminnanjohtajana helmikuussa 2022. Aiemmin h\u00e4n on ty\u00f6skennellyt muun muassa Husin konsernijohdossa ja Helsingin seudun yliopistollisen keskussairaalan (Hyks) toimitusjohtajana.<\/p>\n<p class=\"paragraph\">Lehtonen on ty\u00f6skennellyt puolestaan Huslabin hallinnollisena osastonylil\u00e4\u00e4k\u00e4rin\u00e4 2002\u20132009, Husin hallintoylil\u00e4\u00e4k\u00e4rin\u00e4 2009\u20132019 ja Husin diagnostiikkajohtaja 2019\u20132025.<\/p>\n<p class=\"paragraph\">Lehtonen valittiin Kelan p\u00e4\u00e4johtajaksi huhtikuun lopussa.<\/p>\n","protected":false},"excerpt":{"rendered":"Aaltonen arvostelee sek\u00e4 median ett\u00e4 Kelan hallituksen toimintaa Kelan p\u00e4\u00e4johtaja Lasse Lehtosen tikunnokkaan nostamisen vuoksi. Kelan p\u00e4\u00e4johtaja Lasse&hellip;\n","protected":false},"author":2,"featured_media":109224,"comment_status":"","ping_status":"","sticky":false,"template":"","format":"standard","meta":{"footnotes":""},"categories":[5],"tags":[35,22,23,26,27,33,31,30,17,24,25,28,29,15,18,21,637,32,502,167,19,20,860,3512,16],"class_list":{"0":"post-109223","1":"post","2":"type-post","3":"status-publish","4":"format-standard","5":"has-post-thumbnail","7":"category-otsikot","8":"tag-24h","9":"tag-breaking-news","10":"tag-breakingnews","11":"tag-featured-news","12":"tag-featurednews","13":"tag-fi","14":"tag-finland","15":"tag-finnish","16":"tag-headlines","17":"tag-latest-news","18":"tag-latestnews","19":"tag-main-news","20":"tag-mainnews","21":"tag-news","22":"tag-otsikot","23":"tag-paauutiset","24":"tag-politiikka","25":"tag-suomi","26":"tag-terveydenhoito","27":"tag-terveys","28":"tag-top-stories","29":"tag-topstories","30":"tag-tyoelama","31":"tag-tyontekijat","32":"tag-uutiset"},"share_on_mastodon":{"url":"https:\/\/pubeurope.com\/@fi\/115672358883668853","error":""},"_links":{"self":[{"href":"https:\/\/www.europesays.com\/fi\/wp-json\/wp\/v2\/posts\/109223","targetHints":{"allow":["GET"]}}],"collection":[{"href":"https:\/\/www.europesays.com\/fi\/wp-json\/wp\/v2\/posts"}],"about":[{"href":"https:\/\/www.europesays.com\/fi\/wp-json\/wp\/v2\/types\/post"}],"author":[{"embeddable":true,"href":"https:\/\/www.europesays.com\/fi\/wp-json\/wp\/v2\/users\/2"}],"replies":[{"embeddable":true,"href":"https:\/\/www.europesays.com\/fi\/wp-json\/wp\/v2\/comments?post=109223"}],"version-history":[{"count":0,"href":"https:\/\/www.europesays.com\/fi\/wp-json\/wp\/v2\/posts\/109223\/revisions"}],"wp:featuredmedia":[{"embeddable":true,"href":"https:\/\/www.europesays.com\/fi\/wp-json\/wp\/v2\/media\/109224"}],"wp:attachment":[{"href":"https:\/\/www.europesays.com\/fi\/wp-json\/wp\/v2\/media?parent=109223"}],"wp:term":[{"taxonomy":"category","embeddable":true,"href":"https:\/\/www.europesays.com\/fi\/wp-json\/wp\/v2\/categories?post=109223"},{"taxonomy":"post_tag","embeddable":true,"href":"https:\/\/www.europesays.com\/fi\/wp-json\/wp\/v2\/tags?post=109223"}],"curies":[{"name":"wp","href":"https:\/\/api.w.org\/{rel}","templated":true}]}}