{"id":109225,"date":"2025-12-06T11:32:09","date_gmt":"2025-12-06T11:32:09","guid":{"rendered":"https:\/\/www.europesays.com\/fi\/109225\/"},"modified":"2025-12-06T11:32:09","modified_gmt":"2025-12-06T11:32:09","slug":"essi-hellen-kyllastyi-nayttelemiseen-ja-julkisuuteen","status":"publish","type":"post","link":"https:\/\/www.europesays.com\/fi\/109225\/","title":{"rendered":"Essi Hellen kyll\u00e4styi n\u00e4yttelemiseen ja julkisuuteen"},"content":{"rendered":"<p class=\"article-content article-content-width !bg-background\">N\u00e4yttelij\u00e4pariskunta<br \/>\n<a alt=\"Haku\" class=\"text-primary-red font-extrabold\" href=\"https:\/\/www.seiska.fi\/haku?q=Essi Hell\u00e9n\" rel=\"nofollow noopener\" target=\"_blank\">Essi Hell\u00e9n<\/a> ja <a alt=\"Haku\" class=\"text-primary-red font-extrabold\" href=\"https:\/\/www.seiska.fi\/haku?q=Mikko Virtanen\" rel=\"nofollow noopener\" target=\"_blank\">Mikko Virtanen<\/a> edustivat Helsingin Tennispalatsissa koko perheen<br \/>\nvoimin Supermarsu ja suuri huijaus -elokuvan kutsuvierasensi-iltaan. Syykin oli<br \/>\nhyv\u00e4, sill\u00e4 elokuvassa n\u00e4yttelee niin Essi kuin pariskunnan tyt\u00e4r <a alt=\"Haku\" class=\"text-primary-red font-extrabold\" href=\"https:\/\/www.seiska.fi\/haku?q=Siiri&#010;Virtanen\" rel=\"nofollow noopener\" target=\"_blank\">Siiri<br \/>\nVirtanen<\/a>. <\/p>\n<p class=\"font-weight-bold m-font-weight-bold article-content article-content-width !bg-background\">Videolla Essi kertoo arjestaan ADHD:n kanssa<\/p>\n<p class=\"article-content article-content-width !bg-background\">Perheess\u00e4 lapsilla<br \/>\non ollut mahdollisuus p\u00e4\u00e4st\u00e4 l\u00e4helle n\u00e4yttelemismaailmaa \u00e4idin t\u00f6iden kautta.<\/p>\n<p>                <img decoding=\"async\" src=\"https:\/\/www.europesays.com\/fi\/wp-content\/uploads\/2025\/12\/2011417.webp\" width=\"576\" height=\"720\" alt=\"Uudessa elokuvassa Essill\u00e4 ja Siirill\u00e4 on vain yksi yhteinen kohtaus.\" loading=\"lazy\" \/>            <\/p>\n<p>\n            Uudessa elokuvassa Essill\u00e4 ja Siirill\u00e4 on vain yksi yhteinen kohtaus.<br \/>\n            ATTE KAJOVA\n        <\/p>\n<p class=\"article-content article-content-width !bg-background\">\u2013 Oli<br \/>\nSiiri aikanaan mukana joissain Putouksen sketseiss\u00e4 ja elokuvakuvauksissakin,<br \/>\nEssi kertoo.<\/p>\n<p>Arki<br \/>\nuusiksi<\/p>\n<p class=\"article-content article-content-width !bg-background\">Uudesta<br \/>\nroolity\u00f6st\u00e4 huolimatta, on n\u00e4ytteleminen Essin kohdalla jo p\u00e4\u00e4osin mennytt\u00e4 el\u00e4m\u00e4\u00e4.<\/p>\n<p class=\"article-content article-content-width !bg-background\">\u2013 En<br \/>\nole oikeastaan n\u00e4ytellyt kahdeksaan vuoteen. Tuntui ett\u00e4 el\u00e4m\u00e4 oli ollut liian<br \/>\npitk\u00e4\u00e4n vain n\u00e4yttelemist\u00e4 ja julkisuuttakin tuli lopulta liikaa, Essi kertoo.<\/p>\n<p>                <img decoding=\"async\" src=\"https:\/\/www.europesays.com\/fi\/wp-content\/uploads\/2025\/12\/2011421.webp\" width=\"576\" height=\"322\" alt=\"Essi fiilisteli Haloo helsingin musikaalin parissa 2020 yhdess\u00e4 Putous-kollega Pilvi H\u00e4m\u00e4l\u00e4isen kanssa.\" loading=\"lazy\" \/>            <\/p>\n<p>\n            Essi fiilisteli Haloo helsingin musikaalin parissa 2020 yhdess\u00e4 Putous-kollega Pilvi H\u00e4m\u00e4l\u00e4isen kanssa.<br \/>\n            Seiskan arkisto\n        <\/p>\n<p class=\"article-content article-content-width !bg-background\">Nykyisin<br \/>\nEssi py\u00f6ritt\u00e4\u00e4 omaa vaikuttaja-alan yrityst\u00e4 ja ty\u00f6skentelee kustantajana.<\/p>\n<p class=\"article-content article-content-width !bg-background\">\u2013 Minulle<br \/>\ntuli kerta kaikkiaan kyll\u00e4styminen n\u00e4yttelemiseen ja en ole edes kaivannut<br \/>\ntakaisin alalle.<\/p>\n<p>Unelma<br \/>\ntoteen<\/p>\n<p class=\"article-content article-content-width !bg-background\">Parhaillaan<br \/>\nEssin ja Mikon kaksilapsinen perhe teki unelmasta totta, kun he saivat<br \/>\nitselleen kodin 100-vuotiaasta talosta Helsingin puu-K\u00e4pyl\u00e4st\u00e4. Alueen asuntoja<br \/>\non tunnetusti vaikea saada suuren kysynn\u00e4n vuoksi.<\/p>\n<p>                <img decoding=\"async\" src=\"https:\/\/www.europesays.com\/fi\/wp-content\/uploads\/2025\/12\/2011419.webp\" width=\"576\" height=\"720\" alt=\"Essi on vakiinnuttanut paikkansa Supermarsu-elokuvissa \u00e4idin roolissa.\" loading=\"lazy\" \/>            <\/p>\n<p>\n            Essi on vakiinnuttanut paikkansa Supermarsu-elokuvissa \u00e4idin roolissa.<br \/>\n            Seiskan arkisto\n        <\/p>\n<p class=\"article-content article-content-width !bg-background\">\u2013 T\u00e4m\u00e4<br \/>\noli meille suuri unelma! Nyt voimme olla hetken kaikessa rauhassa t\u00e4ss\u00e4<br \/>\nel\u00e4m\u00e4ntilanteessa, Essi sanoo ja kaipaa perheen el\u00e4m\u00e4\u00e4n korkeintaan uutta<br \/>\nkoiraa Espanjan vesikoiransa seuraksi.<\/p>\n","protected":false},"excerpt":{"rendered":"N\u00e4yttelij\u00e4pariskunta Essi Hell\u00e9n ja Mikko Virtanen edustivat Helsingin Tennispalatsissa koko perheen voimin Supermarsu ja suuri huijaus -elokuvan kutsuvierasensi-iltaan.&hellip;\n","protected":false},"author":2,"featured_media":109226,"comment_status":"","ping_status":"","sticky":false,"template":"","format":"standard","meta":{"footnotes":""},"categories":[136],"tags":[407,3096,155,137,4633,33,31,30,408,32,20206,109],"class_list":{"0":"post-109225","1":"post","2":"type-post","3":"status-publish","4":"format-standard","5":"has-post-thumbnail","7":"category-julkkikset","8":"tag-celebrities","9":"tag-elamanmuutos","10":"tag-elokuvat","11":"tag-entertainment","12":"tag-essi-hellen","13":"tag-fi","14":"tag-finland","15":"tag-finnish","16":"tag-julkkikset","17":"tag-suomi","18":"tag-supermarsu","19":"tag-viihde"},"share_on_mastodon":{"url":"https:\/\/pubeurope.com\/@fi\/115672406188953141","error":""},"_links":{"self":[{"href":"https:\/\/www.europesays.com\/fi\/wp-json\/wp\/v2\/posts\/109225","targetHints":{"allow":["GET"]}}],"collection":[{"href":"https:\/\/www.europesays.com\/fi\/wp-json\/wp\/v2\/posts"}],"about":[{"href":"https:\/\/www.europesays.com\/fi\/wp-json\/wp\/v2\/types\/post"}],"author":[{"embeddable":true,"href":"https:\/\/www.europesays.com\/fi\/wp-json\/wp\/v2\/users\/2"}],"replies":[{"embeddable":true,"href":"https:\/\/www.europesays.com\/fi\/wp-json\/wp\/v2\/comments?post=109225"}],"version-history":[{"count":0,"href":"https:\/\/www.europesays.com\/fi\/wp-json\/wp\/v2\/posts\/109225\/revisions"}],"wp:featuredmedia":[{"embeddable":true,"href":"https:\/\/www.europesays.com\/fi\/wp-json\/wp\/v2\/media\/109226"}],"wp:attachment":[{"href":"https:\/\/www.europesays.com\/fi\/wp-json\/wp\/v2\/media?parent=109225"}],"wp:term":[{"taxonomy":"category","embeddable":true,"href":"https:\/\/www.europesays.com\/fi\/wp-json\/wp\/v2\/categories?post=109225"},{"taxonomy":"post_tag","embeddable":true,"href":"https:\/\/www.europesays.com\/fi\/wp-json\/wp\/v2\/tags?post=109225"}],"curies":[{"name":"wp","href":"https:\/\/api.w.org\/{rel}","templated":true}]}}