{"id":109235,"date":"2025-12-06T11:45:10","date_gmt":"2025-12-06T11:45:10","guid":{"rendered":"https:\/\/www.europesays.com\/fi\/109235\/"},"modified":"2025-12-06T11:45:10","modified_gmt":"2025-12-06T11:45:10","slug":"suzanne-innes-stubb-nayttaytyi-kirkossa-edustavana-nain-paljon-maksaa-katseen-vangitseva-pillerihattu","status":"publish","type":"post","link":"https:\/\/www.europesays.com\/fi\/109235\/","title":{"rendered":"Suzanne Innes-Stubb n\u00e4ytt\u00e4ytyi kirkossa edustavana \u2013 N\u00e4in paljon maksaa katseen vangitseva pillerihattu"},"content":{"rendered":"<p>Presidenttipari osallistui Helsingin Tuomiokirkossa j\u00e4rjestett\u00e4v\u00e4\u00e4n ekumeeniseen jumalanpalvelukseen.<\/p>\n<p><img decoding=\"async\" class=\"image image-show image-preview\" src=\"https:\/\/www.europesays.com\/fi\/wp-content\/uploads\/2025\/12\/978f69ecbefbbb712df77b53fc0737ee247b56274d046cdb534561d7995544c2.jpg\" alt=\"\"\/><img decoding=\"async\" class=\"image image-show\" src=\"https:\/\/www.europesays.com\/fi\/wp-content\/uploads\/2025\/12\/1765021510_874_978f69ecbefbbb712df77b53fc0737ee247b56274d046cdb534561d7995544c2.jpg\" alt=\"\"\/><\/p>\n<p>Presidenttipari edusti ekumeenisessa jumalanpalveluksessa. Atte Kajova<\/p>\n<p class=\"paragraph\">Ekumeeninen juhlajumalanpalvelus on k\u00e4ynniss\u00e4 Helsingin tuomikirkossa paraikaa.<\/p>\n<p class=\"paragraph\">Jumalanpalvelukseen osallistuivat tasavallan presidentti <a href=\"https:\/\/www.iltalehti.fi\/henkilot\/Alexander Stubb\" class=\"article-link-person-page\" rel=\"nofollow noopener\" target=\"_blank\">Alexander Stubb<\/a> ja puoliso <a href=\"https:\/\/www.iltalehti.fi\/henkilot\/Suzanne Innes-Stubb\" class=\"article-link-person-page\" rel=\"nofollow noopener\" target=\"_blank\">Suzanne Innes-Stubb<\/a>, presidentti <a href=\"https:\/\/www.iltalehti.fi\/henkilot\/Sauli Niinist\u00f6\" class=\"article-link-person-page\" rel=\"nofollow noopener\" target=\"_blank\">Sauli Niinist\u00f6<\/a> ja <a href=\"https:\/\/www.iltalehti.fi\/henkilot\/Jenni Haukio\" class=\"article-link-person-page\" rel=\"nofollow noopener\" target=\"_blank\">Jenni Haukio<\/a> sek\u00e4 presidentti <a href=\"https:\/\/www.iltalehti.fi\/henkilot\/Tarja Halonen\" class=\"article-link-person-page\" rel=\"nofollow noopener\" target=\"_blank\">Tarja Halonen<\/a> ja <a href=\"https:\/\/www.iltalehti.fi\/henkilot\/Pentti Araj\u00e4rvi\" class=\"article-link-person-page\" rel=\"nofollow noopener\" target=\"_blank\">Pentti Araj\u00e4rvi<\/a>. Paikalla oli my\u00f6s valtioneuvosto ja kansanedustajia.<\/p>\n<p class=\"paragraph\">Presidenttipari saapui Tuomiokirkkoon v\u00e4h\u00e4n ennen tilaisuuden alkua. Heid\u00e4t otti vastaan piispa <a href=\"https:\/\/www.iltalehti.fi\/henkilot\/Mari Lepp\u00e4nen\" class=\"article-link-person-page\" rel=\"nofollow noopener\" target=\"_blank\">Mari Lepp\u00e4nen<\/a>, joka tervehti presidenttiparia valitsemallaan Raamatun lauseella.<\/p>\n<p>Suzanne Innes-Stubb puki ylleen kokomustaa. Atte Kajova<\/p>\n<p class=\"paragraph\">Innes-Stubb oli pukeutunut jumalanpalvelukseen kokomustaan asuun. Yll\u00e4\u00e4n h\u00e4nell\u00e4 oli musta <a href=\"https:\/\/almadalabel.com\/\" rel=\"noopener nofollow\" target=\"_blank\">Almada<\/a>-merkin keeppi. Takin arvo on 390 euroa.<\/p>\n<p class=\"paragraph\">Jalassaan Innes-Stubbilla oli mustat, suorat housut.<\/p>\n<p class=\"paragraph\">P\u00e4\u00e4ss\u00e4\u00e4n Innes-Stubbilla oli musta Hanna Sar\u00e9nin <a href=\"https:\/\/enhats.com\/fi\/collections\/huopahatut\" rel=\"noopener nofollow\" target=\"_blank\">pillerihattu<\/a>. Hattu on 245 euron arvoinen.<\/p>\n<p>Suzannen p\u00e4\u00e4t\u00e4 koristi musta pillerihattu. Atte Kajova<\/p>\n<p class=\"paragraph\">Innes-Stubbin takin alla oli Gauhaur-merkin bleiseri. Samaa bleiseri\u00e4 h\u00e4n k\u00e4ytti my\u00f6s viime vuonna ekumeenisessa jumalanpalveluksessa.<\/p>\n<p class=\"paragraph\">Innes-Stubbilla oli my\u00f6s suunnittelija <a href=\"https:\/\/www.iltalehti.fi\/henkilot\/Samu-Jussi Koski\" class=\"article-link-person-page\" rel=\"nofollow noopener\" target=\"_blank\">Samu-Jussi Kosken<\/a> Borse e Cose -k\u00e4silaukku.<\/p>\n<p class=\"paragraph\">Alexander Stubb puolestaan oli pukeutunut tilaisuuteen tummaan pukuun.<\/p>\n<p>Suzanne Innes-Stubb ja Alexander Stubb osallistuivat ekumeeniseen jumalanpalvelukseen. Atte Kajova<\/p>\n","protected":false},"excerpt":{"rendered":"Presidenttipari osallistui Helsingin Tuomiokirkossa j\u00e4rjestett\u00e4v\u00e4\u00e4n ekumeeniseen jumalanpalvelukseen. Presidenttipari edusti ekumeenisessa jumalanpalveluksessa. Atte Kajova Ekumeeninen juhlajumalanpalvelus on k\u00e4ynniss\u00e4 Helsingin&hellip;\n","protected":false},"author":2,"featured_media":109236,"comment_status":"","ping_status":"","sticky":false,"template":"","format":"standard","meta":{"footnotes":""},"categories":[12],"tags":[35,22,23,26,27,33,31,30,17,24,25,28,29,15,18,21,142,637,886,888,887,32,19,20,16],"class_list":{"0":"post-109235","1":"post","2":"type-post","3":"status-publish","4":"format-standard","5":"has-post-thumbnail","7":"category-suomi","8":"tag-24h","9":"tag-breaking-news","10":"tag-breakingnews","11":"tag-featured-news","12":"tag-featurednews","13":"tag-fi","14":"tag-finland","15":"tag-finnish","16":"tag-headlines","17":"tag-latest-news","18":"tag-latestnews","19":"tag-main-news","20":"tag-mainnews","21":"tag-news","22":"tag-otsikot","23":"tag-paauutiset","24":"tag-poliitikot","25":"tag-politiikka","26":"tag-puolueet","27":"tag-suomalaiset-poliitikot","28":"tag-suomen-politiikka","29":"tag-suomi","30":"tag-top-stories","31":"tag-topstories","32":"tag-uutiset"},"share_on_mastodon":{"url":"https:\/\/pubeurope.com\/@fi\/115672457180828350","error":""},"_links":{"self":[{"href":"https:\/\/www.europesays.com\/fi\/wp-json\/wp\/v2\/posts\/109235","targetHints":{"allow":["GET"]}}],"collection":[{"href":"https:\/\/www.europesays.com\/fi\/wp-json\/wp\/v2\/posts"}],"about":[{"href":"https:\/\/www.europesays.com\/fi\/wp-json\/wp\/v2\/types\/post"}],"author":[{"embeddable":true,"href":"https:\/\/www.europesays.com\/fi\/wp-json\/wp\/v2\/users\/2"}],"replies":[{"embeddable":true,"href":"https:\/\/www.europesays.com\/fi\/wp-json\/wp\/v2\/comments?post=109235"}],"version-history":[{"count":0,"href":"https:\/\/www.europesays.com\/fi\/wp-json\/wp\/v2\/posts\/109235\/revisions"}],"wp:featuredmedia":[{"embeddable":true,"href":"https:\/\/www.europesays.com\/fi\/wp-json\/wp\/v2\/media\/109236"}],"wp:attachment":[{"href":"https:\/\/www.europesays.com\/fi\/wp-json\/wp\/v2\/media?parent=109235"}],"wp:term":[{"taxonomy":"category","embeddable":true,"href":"https:\/\/www.europesays.com\/fi\/wp-json\/wp\/v2\/categories?post=109235"},{"taxonomy":"post_tag","embeddable":true,"href":"https:\/\/www.europesays.com\/fi\/wp-json\/wp\/v2\/tags?post=109235"}],"curies":[{"name":"wp","href":"https:\/\/api.w.org\/{rel}","templated":true}]}}