{"id":109238,"date":"2025-12-06T11:58:11","date_gmt":"2025-12-06T11:58:11","guid":{"rendered":"https:\/\/www.europesays.com\/fi\/109238\/"},"modified":"2025-12-06T11:58:11","modified_gmt":"2025-12-06T11:58:11","slug":"pariskunnat-kertovat-nyt-aamulehdelle-miksi-he-paattivat-uusia-vihkivalansa","status":"publish","type":"post","link":"https:\/\/www.europesays.com\/fi\/109238\/","title":{"rendered":"Pariskunnat kertovat nyt Aamulehdelle, miksi he p\u00e4\u00e4ttiv\u00e4t uusia vihkivalansa"},"content":{"rendered":"<p><img decoding=\"async\" src=\"https:\/\/www.europesays.com\/fi\/wp-content\/uploads\/2025\/12\/1765022291_359_978.jpg\" alt=\"Pitk\u00e4\u00e4n naimisissa olleet Aamulehden lukijat kertovat t\u00e4ss\u00e4 jutussa, mill\u00e4 monilla eri tavoilla he ovat uusineet vihkivalansa. Anne Talvensaari ja Simo Kallio lupasivat yh\u00e4 rakastaa toisiaan Las Vegasissa Elvis-hahmon edess\u00e4.\" class=\"_Img_1rerz_1\" style=\"aspect-ratio:1.5\" loading=\"eager\"\/><\/p>\n<p class=\"article-picture-caption\">Pitk\u00e4\u00e4n naimisissa olleet Aamulehden lukijat kertovat t\u00e4ss\u00e4 jutussa, mill\u00e4 monilla eri tavoilla he ovat uusineet vihkivalansa. Anne Talvensaari ja Simo Kallio lupasivat yh\u00e4 rakastaa toisiaan Las Vegasissa Elvis-hahmon edess\u00e4. Kuva:\u00a0Anne Talvensaaren kuvakokoelma<\/p>\n<p>Aamulehden lukijat ovat vannoneet rakkauttaan niin Elviksen edess\u00e4 kuin Bahamalla, kirkossa, kotona ja meren kalliollakin. Pastori Sari Paavilainen kehottaa kaikkia juhlimaan el\u00e4m\u00e4\u00e4 ja parisuhdetta.<\/p>\n<p class=\"article-body mb-nof-24 px-nof-16\">Aamulehti<\/p>\n<p class=\"article-body mb-nof-24 px-nof-16\">Kolmekymment\u00e4 vuotta aviossa olleet <a class=\"article-personlink\" href=\"https:\/\/www.aamulehti.fi\/haku\/?query=Anne\" rel=\"nofollow noopener\" target=\"_blank\">Anne<\/a> ja <a class=\"article-personlink\" href=\"https:\/\/www.aamulehti.fi\/haku\/?query=Veijo%20Vaalanti\" rel=\"nofollow noopener\" target=\"_blank\">Veijo Vaalanti<\/a> t\u00e4yttiv\u00e4t molemmat viime vuonna 50 vuotta. Turun ja Tampereen v\u00e4lill\u00e4 viikkonsa jakava pariskunta p\u00e4\u00e4tti pys\u00e4hty\u00e4 asian \u00e4\u00e4relle kunnolla ja juhlistaa vuosia n\u00e4ytt\u00e4v\u00e4sti.<\/p>\n<p class=\"article-body mb-nof-24 px-nof-16\">Niinp\u00e4 he keksiv\u00e4t j\u00e4rjest\u00e4\u00e4 l\u00e4heisilleen yll\u00e4tysjuhlat, joissa he vahvistivat my\u00f6s avioliittonsa valat uudelleen.<\/p>\n","protected":false},"excerpt":{"rendered":"Pitk\u00e4\u00e4n naimisissa olleet Aamulehden lukijat kertovat t\u00e4ss\u00e4 jutussa, mill\u00e4 monilla eri tavoilla he ovat uusineet vihkivalansa. Anne Talvensaari&hellip;\n","protected":false},"author":2,"featured_media":109239,"comment_status":"","ping_status":"","sticky":false,"template":"","format":"standard","meta":{"footnotes":""},"categories":[136],"tags":[157,407,137,33,31,30,408,32,109],"class_list":{"0":"post-109238","1":"post","2":"type-post","3":"status-publish","4":"format-standard","5":"has-post-thumbnail","7":"category-julkkikset","8":"tag-aamulehti","9":"tag-celebrities","10":"tag-entertainment","11":"tag-fi","12":"tag-finland","13":"tag-finnish","14":"tag-julkkikset","15":"tag-suomi","16":"tag-viihde"},"share_on_mastodon":{"url":"https:\/\/pubeurope.com\/@fi\/115672508473188641","error":""},"_links":{"self":[{"href":"https:\/\/www.europesays.com\/fi\/wp-json\/wp\/v2\/posts\/109238","targetHints":{"allow":["GET"]}}],"collection":[{"href":"https:\/\/www.europesays.com\/fi\/wp-json\/wp\/v2\/posts"}],"about":[{"href":"https:\/\/www.europesays.com\/fi\/wp-json\/wp\/v2\/types\/post"}],"author":[{"embeddable":true,"href":"https:\/\/www.europesays.com\/fi\/wp-json\/wp\/v2\/users\/2"}],"replies":[{"embeddable":true,"href":"https:\/\/www.europesays.com\/fi\/wp-json\/wp\/v2\/comments?post=109238"}],"version-history":[{"count":0,"href":"https:\/\/www.europesays.com\/fi\/wp-json\/wp\/v2\/posts\/109238\/revisions"}],"wp:featuredmedia":[{"embeddable":true,"href":"https:\/\/www.europesays.com\/fi\/wp-json\/wp\/v2\/media\/109239"}],"wp:attachment":[{"href":"https:\/\/www.europesays.com\/fi\/wp-json\/wp\/v2\/media?parent=109238"}],"wp:term":[{"taxonomy":"category","embeddable":true,"href":"https:\/\/www.europesays.com\/fi\/wp-json\/wp\/v2\/categories?post=109238"},{"taxonomy":"post_tag","embeddable":true,"href":"https:\/\/www.europesays.com\/fi\/wp-json\/wp\/v2\/tags?post=109238"}],"curies":[{"name":"wp","href":"https:\/\/api.w.org\/{rel}","templated":true}]}}