{"id":109254,"date":"2025-12-06T12:25:09","date_gmt":"2025-12-06T12:25:09","guid":{"rendered":"https:\/\/www.europesays.com\/fi\/109254\/"},"modified":"2025-12-06T12:25:09","modified_gmt":"2025-12-06T12:25:09","slug":"teemu-ja-sirpa-selanteen-tytar-taytti-18-vuotta-aidilta-hempea-julkaisu","status":"publish","type":"post","link":"https:\/\/www.europesays.com\/fi\/109254\/","title":{"rendered":"Teemu ja Sirpa Sel\u00e4nteen tyt\u00e4r t\u00e4ytti 18 vuotta \u2013 \u00c4idilt\u00e4 hempe\u00e4 julkaisu"},"content":{"rendered":"<p>Veera Sel\u00e4nne viett\u00e4\u00e4 t\u00e4n\u00e4\u00e4n 18-vuotissyntym\u00e4p\u00e4iv\u00e4\u00e4ns\u00e4.<\/p>\n<p><img decoding=\"async\" class=\"image image-show image-preview\" src=\"https:\/\/www.europesays.com\/fi\/wp-content\/uploads\/2025\/09\/20b8d8388c99efa3314dd26a2d4f8c608ec3bb4f8dbb885210feabad06b6ad4b.jpg\" alt=\"\"\/><img decoding=\"async\" class=\"image image-show\" src=\"https:\/\/www.europesays.com\/fi\/wp-content\/uploads\/2025\/09\/1757496608_576_20b8d8388c99efa3314dd26a2d4f8c608ec3bb4f8dbb885210feabad06b6ad4b.jpg\" alt=\"\"\/><\/p>\n<p>Sirpa Sel\u00e4nne kutsuu tyt\u00e4rt\u00e4\u00e4n Veeraa &#8221;sielun siskokseen&#8221;. ATTE KAJOVA<\/p>\n<p class=\"paragraph\">Entisen j\u00e4\u00e4kiekkoilija <a href=\"https:\/\/www.iltalehti.fi\/henkilot\/Teemu Sel\u00e4nne\" class=\"article-link-person-page\" rel=\"nofollow noopener\" target=\"_blank\">Teemu Sel\u00e4nteen<\/a> ja h\u00e4nen vaimonsa <a href=\"https:\/\/www.iltalehti.fi\/henkilot\/Sirpa Sel\u00e4nne\" class=\"article-link-person-page\" rel=\"nofollow noopener\" target=\"_blank\">Sirpa Sel\u00e4nteen<\/a> tyt\u00e4r <a href=\"https:\/\/www.iltalehti.fi\/henkilot\/Veera\" class=\"article-link-person-page\" rel=\"nofollow noopener\" target=\"_blank\">Veera<\/a> t\u00e4ytti 5. joulukuuta 18 vuotta.<\/p>\n<p class=\"paragraph\">\u00c4iti Sirpa julkaisi Instagramissa suloisen kuvakarusellin tytt\u00e4rest\u00e4\u00e4n, sis\u00e4lt\u00e4en kuvia t\u00e4m\u00e4n vauvai\u00e4st\u00e4 nykyp\u00e4iviin.<\/p>\n<p class=\"paragraph\">\u2013 Meid\u00e4n ihana, rakas, ikioma prinsessa t\u00e4ytt\u00e4\u00e4 t\u00e4n\u00e4\u00e4n 18 vuotta. Onnea suomalaiseen t\u00e4ysi-ik\u00e4isyyteen muruseni. Minulle olet aina pikkuinen tytt\u00f6ni, uskollinen yst\u00e4v\u00e4 ja sielun sisko. Kiitos, ett\u00e4 olet juuri sellainen kuin olet, \u00e4iti kirjoitti kuvatekstiss\u00e4 syd\u00e4mien kera.<\/p>\n<p class=\"paragraph\">Jos julkaisu ei n\u00e4y, voit katsoa sen <a href=\"https:\/\/www.instagram.com\/p\/DR4RBfPAqxe\/?img_index=1\" target=\"_blank\" rel=\"noopener nofollow\">t\u00e4st\u00e4<\/a>.<\/p>\n<p class=\"paragraph\">My\u00f6s itse ex-kiekkot\u00e4hti onnitteli tyt\u00e4rt\u00e4\u00e4n <a href=\"https:\/\/www.instagram.com\/sel8nneteemu\/\" target=\"_blank\" rel=\"noopener nofollow\">Instagramin<\/a> tarinoissa. Tarinat-osion julkaisut ovat katsottavissa 24 tuntia niiden julkaisun j\u00e4lkeen.<\/p>\n<p class=\"paragraph\">Teemu jakoi Sirpan tavoin useita kuvia sek\u00e4 tytt\u00e4rens\u00e4 lapsuusvuosilta ett\u00e4 viime ajoilta. Mukana on otoksia niin tytt\u00e4ren jalkapalloharrastuksesta kuin luistelustakin.<\/p>\n<p class=\"paragraph\">\u2013 Olit ennen pieni tytt\u00f6, h\u00e4n kirjoitti yhteen kuvaan syd\u00e4men kera.<\/p>\n<p class=\"paragraph\">Sirpan tekem\u00e4 julkaisu ker\u00e4si runsaasti onnittelevia viestej\u00e4 Veeralle.<\/p>\n<p class=\"paragraph\">\u2013 Ihanaa 18-vuotissyntym\u00e4p\u00e4iv\u00e4\u00e4 kauniille Veeralle. Veera on kyll\u00e4 niin hyv\u00e4syd\u00e4misen oloinen nuori nainen, saatte olla h\u00e4nest\u00e4 todella ylpeit\u00e4, toivotti yksi kommentoija.<\/p>\n<p class=\"paragraph\">\u2013 Paljon onnea. Niin ne vuodet vieriv\u00e4t, kirjoitti er\u00e4s.<\/p>\n<p class=\"paragraph\">My\u00f6s tv:st\u00e4 tuttu l\u00e4\u00e4k\u00e4ri <a href=\"https:\/\/www.iltalehti.fi\/henkilot\/Pippa Laukka\" class=\"article-link-person-page\" rel=\"nofollow noopener\" target=\"_blank\">Pippa Laukka<\/a> j\u00e4tti onnittelunsa kuvan kommenttikentt\u00e4\u00e4n.<\/p>\n<p class=\"paragraph\">\u2013 Onnea, h\u00e4n toivotti emojin kera.<\/p>\n<p class=\"paragraph\">Teemu ja Sirpa Sel\u00e4nne ovat olleet yhdess\u00e4 yli kolmekymment\u00e4 vuotta. He meniv\u00e4t naimisiin vuonna 1996, jolloin heid\u00e4n esikoisensakin syntyi. He asuvat Yhdysvalloissa Kaliforniassa perheens\u00e4 kanssa, johon kuuluu Veeran lis\u00e4ksi viel\u00e4 kolme poikaa: <strong>Eemil<\/strong>, <strong>Eetu<\/strong> ja <strong>Leevi<\/strong>.<\/p>\n<p><script async src=\"\/\/www.instagram.com\/embed.js\"><\/script><\/p>\n","protected":false},"excerpt":{"rendered":"Veera Sel\u00e4nne viett\u00e4\u00e4 t\u00e4n\u00e4\u00e4n 18-vuotissyntym\u00e4p\u00e4iv\u00e4\u00e4ns\u00e4. Sirpa Sel\u00e4nne kutsuu tyt\u00e4rt\u00e4\u00e4n Veeraa &#8221;sielun siskokseen&#8221;. ATTE KAJOVA Entisen j\u00e4\u00e4kiekkoilija Teemu Sel\u00e4nteen&hellip;\n","protected":false},"author":2,"featured_media":30782,"comment_status":"","ping_status":"","sticky":false,"template":"","format":"standard","meta":{"footnotes":""},"categories":[136],"tags":[35,407,137,33,31,30,101,1143,408,99,100,98,32,109],"class_list":{"0":"post-109254","1":"post","2":"type-post","3":"status-publish","4":"format-standard","5":"has-post-thumbnail","7":"category-julkkikset","8":"tag-24h","9":"tag-celebrities","10":"tag-entertainment","11":"tag-fi","12":"tag-finland","13":"tag-finnish","14":"tag-ihmissuhteet","15":"tag-jaakiekko","16":"tag-julkkikset","17":"tag-lapset","18":"tag-lapset-ja-nuoret","19":"tag-perhe","20":"tag-suomi","21":"tag-viihde"},"share_on_mastodon":{"url":"https:\/\/pubeurope.com\/@fi\/115672614535416793","error":""},"_links":{"self":[{"href":"https:\/\/www.europesays.com\/fi\/wp-json\/wp\/v2\/posts\/109254","targetHints":{"allow":["GET"]}}],"collection":[{"href":"https:\/\/www.europesays.com\/fi\/wp-json\/wp\/v2\/posts"}],"about":[{"href":"https:\/\/www.europesays.com\/fi\/wp-json\/wp\/v2\/types\/post"}],"author":[{"embeddable":true,"href":"https:\/\/www.europesays.com\/fi\/wp-json\/wp\/v2\/users\/2"}],"replies":[{"embeddable":true,"href":"https:\/\/www.europesays.com\/fi\/wp-json\/wp\/v2\/comments?post=109254"}],"version-history":[{"count":0,"href":"https:\/\/www.europesays.com\/fi\/wp-json\/wp\/v2\/posts\/109254\/revisions"}],"wp:featuredmedia":[{"embeddable":true,"href":"https:\/\/www.europesays.com\/fi\/wp-json\/wp\/v2\/media\/30782"}],"wp:attachment":[{"href":"https:\/\/www.europesays.com\/fi\/wp-json\/wp\/v2\/media?parent=109254"}],"wp:term":[{"taxonomy":"category","embeddable":true,"href":"https:\/\/www.europesays.com\/fi\/wp-json\/wp\/v2\/categories?post=109254"},{"taxonomy":"post_tag","embeddable":true,"href":"https:\/\/www.europesays.com\/fi\/wp-json\/wp\/v2\/tags?post=109254"}],"curies":[{"name":"wp","href":"https:\/\/api.w.org\/{rel}","templated":true}]}}