{"id":109267,"date":"2025-12-06T12:51:10","date_gmt":"2025-12-06T12:51:10","guid":{"rendered":"https:\/\/www.europesays.com\/fi\/109267\/"},"modified":"2025-12-06T12:51:10","modified_gmt":"2025-12-06T12:51:10","slug":"henri-jumppasen-nakokulma-kaukainen-mutta-tuttu-sinivalkoinen-aani-nimeltaan-katri-helena-paikalliset","status":"publish","type":"post","link":"https:\/\/www.europesays.com\/fi\/109267\/","title":{"rendered":"Henri Jumppasen n\u00e4k\u00f6kulma | Kaukainen mutta tuttu \u2013 sinivalkoinen \u00e4\u00e4ni nimelt\u00e4\u00e4n Katri Helena | Paikalliset"},"content":{"rendered":"<p>T\u00e4m\u00e4 kirjoitus on fiktiivinen tulkinta<strong> Katri Helenasta<\/strong> sek\u00e4 ihmisist\u00e4, joita h\u00e4nen laulunsa ovat koskettaneet.<\/p>\n<p>Ajatus t\u00e4st\u00e4 matkasta laulujen kautta Katri Helenan maailmaan syntyi, kun sain h\u00e4nelt\u00e4, tai paremminkin h\u00e4nen el\u00e4m\u00e4nkumppaniltansa ja manageriltansa <strong>Tommi Liimataiselta<\/strong>,<strong> <\/strong>pakit.<\/p>\n<p><strong class=\"diks-storyline__impact\">Ajatukseni<\/strong> oli alun perin haastatella uransa stadionkeikkaan lauantaina lopettavaa laulajalegendaa h\u00e4nen kotiseudullaan Tohmaj\u00e4rvell\u00e4. &#8221;Haastattelut on haastateltu&#8221;, Liimatainen kertoi puhelimitse.<\/p>\n<p>Pakit olivat lempe\u00e4t ja ymm\u00e4rrett\u00e4v\u00e4t. Vuodesta 1963 saakka levytt\u00e4nyt Katri Helena on antanut kilotolkulla haastatteluita uransa aikana. My\u00f6s el\u00e4m\u00e4kerta Katri Helena \u2013\u2009Laulaja (2023), avaa h\u00e4nen yksityisel\u00e4m\u00e4\u00e4ns\u00e4 laajasti.<\/p>\n<p><strong class=\"diks-storyline__impact\">Joten<\/strong> <strong class=\"diks-storyline__impact\">kuin herrasmies<\/strong> konsanaan, en lannistunut pakeista vaan katsoin eteenp\u00e4in. Muistin, ett\u00e4 meill\u00e4h\u00e4n on laulut \u2013 ne lukuisat ikivihre\u00e4t. P\u00e4\u00e4tin tutustua Katri Helenaan niiden kautta.<\/p>\n<p>T\u00e4m\u00e4 on tulkinta ihmisist\u00e4, joihin h\u00e4nen laulunsa ovat vaikuttaneet. Se on v\u00e4rittynyt ja v\u00e4ritetty. Se on musiikin luoma mielikuvani uransa p\u00e4\u00e4tt\u00e4v\u00e4st\u00e4 legendasta, joka on levytt\u00e4nyt yli 480 laulua.<\/p>\n<p><strong class=\"diks-storyline__impact\">On<\/strong> <strong class=\"diks-storyline__impact\">vuosi 1964<\/strong>. Radion urheilu-uutisissa kerrotaan suomalaisen keih\u00e4\u00e4nheitt\u00e4j\u00e4n <strong>Pauli Nevalan<\/strong> voittaneen keih\u00e4\u00e4nheiton olympiakultaa Tokiossa. Pirtiss\u00e4, jossain p\u00e4in Tohmaj\u00e4rvell\u00e4, Uuden-V\u00e4rtsil\u00e4n raitilla perhe on kokoontunut kuuntelemaan radiota yhdess\u00e4. Perheen is\u00e4 sytytt\u00e4\u00e4 piippunsa. Lapset leikkiv\u00e4t lattialla palapelill\u00e4. \u00c4iti h\u00e4mment\u00e4\u00e4 hellalla porisevaa lihakeittoa. H\u00e4n katselee samalla jonnekin kauas ja haaveilee p\u00e4\u00e4sev\u00e4ns\u00e4 tanssimaan.<\/p>\n<p><strong class=\"diks-storyline__impact\">Urheilu-uutisten<\/strong> j\u00e4lkeen alkaa S\u00e4velradio.<\/p>\n<p>&#8221;Seuraavaksi kuulemme Katri Helenan uuden laulun Puhelinlangat laulaa&#8221;. &#8221;Aiemmin h\u00e4n on levytt\u00e4nyt muun muassa jenkkakuumeen maassamme synnytt\u00e4neen Letkiksen&#8221;. Radiosta hel\u00e4ht\u00e4\u00e4 soimaan pirte\u00e4n ponnekkaasti: Puhelinlangat laulaa ja taivaalla loistaa kuu, maantiell\u00e4 vihellellen, kun kulkijapoika k\u00e4y&#8230;<\/p>\n<p><strong class=\"diks-storyline__impact\">Lapset<\/strong> jatkavat leikkej\u00e4\u00e4n lattialla. Mutta soppaa h\u00e4mment\u00e4v\u00e4n \u00e4idin hameen helmat alkavat heilahdella kuin huomaamatta.<\/p>\n<p>&#8221;Oo siin\u00e4 tanssimatta lasten aikaan&#8221;, is\u00e4 murahtaa pirtinpenkilt\u00e4 vaimolleen. Samaan aikaan is\u00e4 kuitenkin tuntee l\u00e4mp\u00f6\u00e4 rinnassaan. H\u00e4n ajattelee: tuo on se meid\u00e4n kyl\u00e4n tytt\u00f6, se sinisilm\u00e4inen, joka lauloi jo koulussa kuin enkeli.<\/p>\n<p><strong class=\"diks-storyline__impact\">Seuraavana <\/strong>vuonna S\u00e4velradiossa kuullaan Katri Helena seuraava suuri hitti Minne tuuli kuljettaa. Tunnelma tuvassa on ennallaan. Lapset ovat ulkona leikkim\u00e4ss\u00e4. \u00c4iti kuuntelee laulua keinahdellen ja silittelee py\u00f6ristyv\u00e4\u00e4 vatsaansa. Is\u00e4 ei virka sanaakaan, h\u00e4n katselee vain lempe\u00e4sti vaimoaan, jalka hieman vipattaen.<\/p>\n<p><strong class=\"diks-storyline__impact\">Seepian<\/strong> s\u00e4vyinen 70-luku on ollut Katri Helenalle menestyksek\u00e4st\u00e4 aikaa. H\u00e4nest\u00e4 on tullut koko kansan suosioita nauttiva laulaja. Levyt ja keikat myyv\u00e4t. Hitit, kuten Vasten auringon siltaa ja Lintu ja Lapsi, ovat soineet radiossa ja levylautasilla tiuhaan.<\/p>\n<p><strong class=\"diks-storyline__impact\">On vuosi 1979<\/strong>. Liperin lava pullistelee v\u00e4ke\u00e4. Nylon-paidat, pulisongit ja n\u00e4ytt\u00e4v\u00e4t kamppaukset sek\u00e4 v\u00e4rikk\u00e4\u00e4t mekot sekoittuvat helteiseen kes\u00e4iltaan. Parkkipaikalla n\u00e4kyy muun muassa kuplavolkkareita, ruotsalaisin kilvin varustettuja Volvoja sek\u00e4 Ladoja.<\/p>\n<p><strong class=\"diks-storyline__impact\">Tanssilavan<\/strong> takahuoneessa Katri Helena levitt\u00e4\u00e4 sinist\u00e4 luomiv\u00e4ri\u00e4, katsoo viel\u00e4 kerran peiliin ja astelee lavalle. H\u00e4nt\u00e4 ennen esiintynyt <strong>Kari Tapio<\/strong> sytytt\u00e4\u00e4 tupakan ja kaataa Jaloviinaa lasiinsa.<\/p>\n<p>Aplodit ovat raikuvat. Ilta etenee Katri Helenan hittien tahdissa. Hajusteiden, hien ja rakkauden tuoksu sekoittuvat yleis\u00f6ss\u00e4.<\/p>\n<p><strong class=\"diks-storyline__impact\"> Seuraavaksi<\/strong> Katri Helena kertoo esitt\u00e4v\u00e4ns\u00e4 uusimman hittins\u00e4. Vaikkei kappale ole viel\u00e4 monta kuukautta vanha, laulaa yleis\u00f6 yhteen \u00e4\u00e4neen mukana: Katson autiota hiekkarantaa, ajatukseni mun kauas kantaa, t\u00e4\u00e4ll\u00e4 min\u00e4 sinun kanssas kerran olla sain, kahden vain..<\/p>\n<p><strong class=\"diks-storyline__impact\">Tuntuu <\/strong>kuin tuo kes\u00e4-ilta voisi jatkua loputtomiin ja tavallaan se jatkuukin. &#8221;Seuraavaksi laulan teille laulun, jonka esitin taannoin Euroviisuissa Israelissa&#8221;. Etsien k\u00e4y lapsonen maan, tokkopa koskaan juurtua saan, lintunenkin muuttaessaan, pes\u00e4puun l\u00f6yt\u00e4\u00e4 vain vaistollaan&#8230;<\/p>\n<p><strong class=\"diks-storyline__impact\">Ilta Liperin<\/strong> lavalla sulkeutuu, Katri Helena poistuu lavalta. Jossain parkkipaikan perukoilla tohmaj\u00e4rvel\u00e4ispariskunta suutelee Ford Cortinassa toisiaan. He ovat k\u00e4yneet katsomassa 60-luvulta saakka l\u00e4hes kaikki Katri Helenan Pohjois-Karjalan keikat.<\/p>\n<p><strong class=\"diks-storyline__impact\">On vuosi 1986<\/strong>. Muskelivene lipuu Savonlinnan satamaan. Rantaterasilla nainen juo sinist\u00e4 enkeli\u00e4. Jukeboxista soi <strong>Samantha Foxin<\/strong> Touch Me, yksi kes\u00e4n suurista hiteist\u00e4. Mies saapuu p\u00f6yt\u00e4\u00e4n oluensa kanssa ja p\u00e4ivittelee hellett\u00e4. Nuori pari on ensimm\u00e4isell\u00e4 yhteisell\u00e4 kes\u00e4lomareissullaan. Miehen bisnekset ovat sujuneet hyvin. El\u00e4m\u00e4 on ollut viimeisen vuoden ajan pelkk\u00e4\u00e4 nousukiitoa.<\/p>\n<p><strong class=\"diks-storyline__impact\">Jukeboxista<\/strong> l\u00e4htee soimaan kaihoisa poljento: Tuoksuu taas ruusut ja kukkii tuomipuu, k\u00e4y neitonen armaansa luo, Viel\u00e4 aamuauringon rusko poskillansa on&#8230;<\/p>\n<p>&#8221;Laitoitko sin\u00e4 t\u00e4m\u00e4n soimaan?&#8221;, nainen kysyy miehelt\u00e4. Mies my\u00f6nt\u00e4\u00e4 laittaneensa soimaan Katri Helenen kappaleen On el\u00e4m\u00e4ni laulu. Nainen ihmettele miehens\u00e4 kappalevalintaa. &#8221;N\u00e4k\u00f6j\u00e4\u00e4n emme tunne viel\u00e4 riitt\u00e4v\u00e4n hyvin&#8221;, mies tuumaa.<\/p>\n<p><strong class=\"diks-storyline__impact\">H\u00e4n kertoo<\/strong> tytt\u00f6yst\u00e4v\u00e4lleen, kuinka Katri Helena on ollut h\u00e4nen suosikkinsa lapsuudesta saakka. H\u00e4n kertoo, ett\u00e4 h\u00e4nelle j\u00e4i jo lapsena mieleen, kun lapsuuden kodissa radiosta kuultu Puhelinlangat laulaa teki vaikutuksen h\u00e4neen kesken leikkien.<\/p>\n<p>Naista tarina hieman hymyilytt\u00e4\u00e4. H\u00e4n ottaa miest\u00e4 k\u00e4dest\u00e4 ja silitt\u00e4\u00e4 sen pehme\u00e4\u00e4n k\u00e4mmenselk\u00e4\u00e4. Saimaan aallot ly\u00f6v\u00e4t rantaan. On el\u00e4m\u00e4 laulu, niin ihana laulu&#8230;<\/p>\n<p><strong class=\"diks-storyline__impact\">Lama<\/strong> <strong class=\"diks-storyline__impact\">on runnellut<\/strong> monen suomalaisen el\u00e4m\u00e4n raiteiltaan. On vuosi 1992. Mies tuijottaa kapakassa keskioluttaan. Se on h\u00e4nen aamup\u00e4iv\u00e4n kuudes tuoppinsa. &#8221;T\u00e4ss\u00e4k\u00f6 t\u00e4m\u00e4 oli, t\u00e4m\u00e4 el\u00e4m\u00e4&#8221;, mies pohtii mieless\u00e4\u00e4n.<\/p>\n<p>Parissa vuodessa h\u00e4n on menett\u00e4nyt ty\u00f6ns\u00e4 ja perheens\u00e4. Lapsiaan h\u00e4n n\u00e4kee en\u00e4\u00e4 harvoin. &#8221;Tekisink\u00f6 sen t\u00e4n\u00e4\u00e4n?&#8221;, h\u00e4n jatkaa ajatuksissaan.<\/p>\n<p><strong class=\"diks-storyline__impact\">Radiouutisten<\/strong> j\u00e4lkeen kapakan kaiuttimista l\u00e4htee soimaan jotain tutun kuuloista, mutta uutta. Katri Helena laulaa: Anna mulle t\u00e4htitaivas, anna valo pime\u00e4\u00e4n, anna mulle aamurusko, anna usko el\u00e4m\u00e4\u00e4n&#8230;<\/p>\n<p>Mies uppoutuu laulun \u00e4\u00e4relle. H\u00e4nen ajatuksensa harhailevat el\u00e4m\u00e4ss\u00e4 ja kuolemassa. Tuopin pinta v\u00e4r\u00e4ht\u00e4\u00e4, kun kyynel rikkoo sen. Mies k\u00e4velee kapakan nurkassa olevan kolikkopuhelimen luo. H\u00e4n nostaa luurin ja n\u00e4pp\u00e4ilee tutun numeron.<\/p>\n<p>&#8221;Min\u00e4 tarvitsen apua, auta&#8221;, mies sanoo puhelimeen.<\/p>\n<p><strong class=\"diks-storyline__impact\">Vuosi 2024 <\/strong>l\u00e4hestyy loppuaan. Kajaani-halli on tupaten t\u00e4ynn\u00e4 kotiutuvia varusmiehi\u00e4. Heille on luvattu yll\u00e4tysesiintyj\u00e4. Onko se Kuumaa, Sexmane vai Mirella?, moni pohtii penkeiss\u00e4\u00e4n.<\/p>\n<p>Kun lavalle astelee 79-vuotias Katri Helena, r\u00e4j\u00e4ht\u00e4\u00e4 yll\u00e4ttynyt yleis\u00f6 suosionosoituksiin. L\u00e4hes yht\u00e4 ihmeiss\u00e4\u00e4n on artisti. L\u00e4hes koko keikan ajan yleis\u00f6 laulaa mukana. K\u00e4nnykk\u00e4meri heid\u00e4n k\u00e4siss\u00e4\u00e4n loistaa kuin t\u00e4htitaivas.<\/p>\n<p>Samana iltana yksi kotiutuvista kertoo yst\u00e4v\u00e4lleen, kuinka Katri Helenan musiikki muutti h\u00e4nen is\u00e4ns\u00e4 el\u00e4m\u00e4n suunnan.<\/p>\n","protected":false},"excerpt":{"rendered":"T\u00e4m\u00e4 kirjoitus on fiktiivinen tulkinta Katri Helenasta sek\u00e4 ihmisist\u00e4, joita h\u00e4nen laulunsa ovat koskettaneet. Ajatus t\u00e4st\u00e4 matkasta laulujen&hellip;\n","protected":false},"author":2,"featured_media":109268,"comment_status":"","ping_status":"","sticky":false,"template":"","format":"standard","meta":{"footnotes":""},"categories":[136],"tags":[138,407,137,33,31,30,1007,408,108,47,141,3877,742,32,109],"class_list":{"0":"post-109267","1":"post","2":"type-post","3":"status-publish","4":"format-standard","5":"has-post-thumbnail","7":"category-julkkikset","8":"tag-audio","9":"tag-celebrities","10":"tag-entertainment","11":"tag-fi","12":"tag-finland","13":"tag-finnish","14":"tag-iskelmamusiikki","15":"tag-julkkikset","16":"tag-kulttuuri","17":"tag-musiikki","18":"tag-muusikot-bandit","19":"tag-suomalainen-iskelma-ja-viihdemusiikki","20":"tag-suomalainen-musiikki","21":"tag-suomi","22":"tag-viihde"},"share_on_mastodon":{"url":"https:\/\/pubeurope.com\/@fi\/115672716593229547","error":""},"_links":{"self":[{"href":"https:\/\/www.europesays.com\/fi\/wp-json\/wp\/v2\/posts\/109267","targetHints":{"allow":["GET"]}}],"collection":[{"href":"https:\/\/www.europesays.com\/fi\/wp-json\/wp\/v2\/posts"}],"about":[{"href":"https:\/\/www.europesays.com\/fi\/wp-json\/wp\/v2\/types\/post"}],"author":[{"embeddable":true,"href":"https:\/\/www.europesays.com\/fi\/wp-json\/wp\/v2\/users\/2"}],"replies":[{"embeddable":true,"href":"https:\/\/www.europesays.com\/fi\/wp-json\/wp\/v2\/comments?post=109267"}],"version-history":[{"count":0,"href":"https:\/\/www.europesays.com\/fi\/wp-json\/wp\/v2\/posts\/109267\/revisions"}],"wp:featuredmedia":[{"embeddable":true,"href":"https:\/\/www.europesays.com\/fi\/wp-json\/wp\/v2\/media\/109268"}],"wp:attachment":[{"href":"https:\/\/www.europesays.com\/fi\/wp-json\/wp\/v2\/media?parent=109267"}],"wp:term":[{"taxonomy":"category","embeddable":true,"href":"https:\/\/www.europesays.com\/fi\/wp-json\/wp\/v2\/categories?post=109267"},{"taxonomy":"post_tag","embeddable":true,"href":"https:\/\/www.europesays.com\/fi\/wp-json\/wp\/v2\/tags?post=109267"}],"curies":[{"name":"wp","href":"https:\/\/api.w.org\/{rel}","templated":true}]}}