{"id":109277,"date":"2025-12-06T13:03:09","date_gmt":"2025-12-06T13:03:09","guid":{"rendered":"https:\/\/www.europesays.com\/fi\/109277\/"},"modified":"2025-12-06T13:03:09","modified_gmt":"2025-12-06T13:03:09","slug":"euroopan-avaruusjarjesto-tekee-sotilaallisen-muutoksen","status":"publish","type":"post","link":"https:\/\/www.europesays.com\/fi\/109277\/","title":{"rendered":"Euroopan avaruusj\u00e4rjest\u00f6 tekee sotilaallisen muutoksen"},"content":{"rendered":"<p class=\"ai-optimize-6 ai-optimize-introduction\">Ven\u00e4j\u00e4n aloittama avaruuden militarisointi ja Yhdysvaltojen ylivalta satelliittitiedustelussa ovat pakottamassa EU:n vahvistamaan asemaansa avaruudessa. Ensimm\u00e4ist\u00e4 kertaa 50-vuotisen historiansa aikana Euroopan avaruusj\u00e4rjest\u00f6 ESA on p\u00e4\u00e4tt\u00e4nyt jakaa varoja sotilaalliseen ohjelmaan.<\/p>\n<p class=\"ai-optimize-7\">Avaruusj\u00e4rjest\u00f6 <a href=\"https:\/\/www.esa.int\/About_Us\/Corporate_news\/ESA_s_Purpose\" target=\"_blank\" rel=\"noopener nofollow\">ilmoittaa<\/a> verkkosivuillaan, ett\u00e4 sen p\u00e4\u00e4m\u00e4\u00e4r\u00e4 on \u201dyksinomaan\u201d avaruuden rauhanomainen kehitt\u00e4minen. Kuitenkin ESAn seuraavassa kolmivuotisbudjetissa, joka sai enn\u00e4tykselliset 22,1 miljardia euroa, se <a href=\"https:\/\/www.esa.int\/About_Us\/Corporate_news\/ESA_Member_States_commit_to_largest_contributions_at_Ministerial\" target=\"_blank\" rel=\"noopener nofollow\">tekee<\/a>\u00a0\u201dhistoriallisen muutoksen\u201d varaamalla resursseja \u201dei-aggressiivisiin puolustustarkoituksiin\u201d.<\/p>\n<p class=\"ai-optimize-8\">ESAn ehdottama maapallon tarkkailuohjelma on <a href=\"https:\/\/www.ft.com\/content\/4d61c690-f78c-4aa1-8259-35025fb6c2d7\" target=\"_blank\" rel=\"noopener nofollow\">saanut<\/a> l\u00e4hes kaiken pyyt\u00e4m\u00e4ns\u00e4 rahoituksen, 1,2 miljardia pyydetyst\u00e4 1,35 miljardista eurosta. Helmikuussa 2026 j\u00e4rjest\u00f6 pyyt\u00e4\u00e4 viel\u00e4 250 miljoonaa euroa EU:n puolustusministeri\u00f6ilt\u00e4.<\/p>\n<p class=\"ai-optimize-9\">Euroopan avaruussietokykyohjelma on kaksik\u00e4ytt\u00f6inen projekti sek\u00e4 siviili- ett\u00e4 sotilaallisille sovelluksille. Sen tavoite on luoda sotilastason \u201dj\u00e4rjestelmien j\u00e4rjestelm\u00e4\u201d, joka integroisi kansalliset avaruusresurssit varmistaakseen turvatun Euroopan laajuisen valvonnan, viestinn\u00e4n ja navigoinnin sek\u00e4 maapallon tarkkailun ilmastotutkimuksen k\u00e4ytt\u00f6\u00f6n.<\/p>\n<p class=\"ai-optimize-10\">Kyseess\u00e4 on ESAn ensimm\u00e4inen sotilaallinen kehitysohjelma, joka toteutetaan l\u00e4heisess\u00e4 yhteisty\u00f6ss\u00e4 Euroopan komission kanssa. J\u00e4rjest\u00f6n 23 j\u00e4senmaan tuesta p\u00e4\u00e4tellen j\u00e4rjest\u00f6n saama mandaatti on t\u00e4ysin selv\u00e4. Puolalla oli ESAn p\u00e4\u00e4sihteerin <strong>Josef Aschbacherin<\/strong> mukaan avainrooli ideassa, jonka mukaan ESAn pit\u00e4isi olla aktiivisemmin mukana puolustuksessa. Varsova <a href=\"https:\/\/www.politico.eu\/article\/european-space-agency-to-play-a-greater-role-on-defense\/\" target=\"_blank\" rel=\"noopener nofollow\">keskustelee<\/a> parhaillaan j\u00e4rjest\u00f6n kanssa sen puolustukseen keskittyv\u00e4n keskuksen perustamiseksi Puolaan.<\/p>\n<p class=\"ai-optimize-11\">ESAn astuminen puolustussektorille osuu ajankohtaan, jossa Kiinan ja Ven\u00e4j\u00e4n sotilaallinen aktiivisuus avaruudessa kasvaa. Ven\u00e4j\u00e4n asevoimien jatkama sota Ukrainassa on korostanut avaruuteen perustuvan viestint\u00e4-, navigointi- ja valvontakykyjen merkityst\u00e4 kansalliselle turvallisuudelle.<\/p>\n<p class=\"ai-optimize-12\">Euroopan sotilasviranomaiset ovat my\u00f6s toistuvasti varoitelleet Ven\u00e4j\u00e4n satelliiteista, jotka ovat alkaneet k\u00e4ytt\u00e4yty\u00e4 vaarallisesti: siirtyneet eurooppalaisten satelliittien l\u00e4hituntumaan tarkoituksena joko tarkkailla, h\u00e4irit\u00e4 tai tuhota. Ven\u00e4j\u00e4n hy\u00f6kk\u00e4yssodan alussa Kreml k\u00e4ynnisti useita onnistuneita hakkerointihy\u00f6kk\u00e4yksi\u00e4 Euroopan satelliitteja vastaan v\u00e4litt\u00e4\u00e4kseen niiden kautta omia signaalejaan.<\/p>\n","protected":false},"excerpt":{"rendered":"Ven\u00e4j\u00e4n aloittama avaruuden militarisointi ja Yhdysvaltojen ylivalta satelliittitiedustelussa ovat pakottamassa EU:n vahvistamaan asemaansa avaruudessa. Ensimm\u00e4ist\u00e4 kertaa 50-vuotisen historiansa&hellip;\n","protected":false},"author":2,"featured_media":109278,"comment_status":"","ping_status":"","sticky":false,"template":"","format":"standard","meta":{"footnotes":""},"categories":[14],"tags":[22,23,26,27,33,31,30,17,24,25,28,29,15,18,21,32,19,20,56,16,59,60,61],"class_list":{"0":"post-109277","1":"post","2":"type-post","3":"status-publish","4":"format-standard","5":"has-post-thumbnail","7":"category-ulkomaat","8":"tag-breaking-news","9":"tag-breakingnews","10":"tag-featured-news","11":"tag-featurednews","12":"tag-fi","13":"tag-finland","14":"tag-finnish","15":"tag-headlines","16":"tag-latest-news","17":"tag-latestnews","18":"tag-main-news","19":"tag-mainnews","20":"tag-news","21":"tag-otsikot","22":"tag-paauutiset","23":"tag-suomi","24":"tag-top-stories","25":"tag-topstories","26":"tag-ulkomaat","27":"tag-uutiset","28":"tag-world","29":"tag-world-news","30":"tag-worldnews"},"share_on_mastodon":{"url":"https:\/\/pubeurope.com\/@fi\/115672764185049169","error":""},"_links":{"self":[{"href":"https:\/\/www.europesays.com\/fi\/wp-json\/wp\/v2\/posts\/109277","targetHints":{"allow":["GET"]}}],"collection":[{"href":"https:\/\/www.europesays.com\/fi\/wp-json\/wp\/v2\/posts"}],"about":[{"href":"https:\/\/www.europesays.com\/fi\/wp-json\/wp\/v2\/types\/post"}],"author":[{"embeddable":true,"href":"https:\/\/www.europesays.com\/fi\/wp-json\/wp\/v2\/users\/2"}],"replies":[{"embeddable":true,"href":"https:\/\/www.europesays.com\/fi\/wp-json\/wp\/v2\/comments?post=109277"}],"version-history":[{"count":0,"href":"https:\/\/www.europesays.com\/fi\/wp-json\/wp\/v2\/posts\/109277\/revisions"}],"wp:featuredmedia":[{"embeddable":true,"href":"https:\/\/www.europesays.com\/fi\/wp-json\/wp\/v2\/media\/109278"}],"wp:attachment":[{"href":"https:\/\/www.europesays.com\/fi\/wp-json\/wp\/v2\/media?parent=109277"}],"wp:term":[{"taxonomy":"category","embeddable":true,"href":"https:\/\/www.europesays.com\/fi\/wp-json\/wp\/v2\/categories?post=109277"},{"taxonomy":"post_tag","embeddable":true,"href":"https:\/\/www.europesays.com\/fi\/wp-json\/wp\/v2\/tags?post=109277"}],"curies":[{"name":"wp","href":"https:\/\/api.w.org\/{rel}","templated":true}]}}