{"id":109279,"date":"2025-12-06T13:04:08","date_gmt":"2025-12-06T13:04:08","guid":{"rendered":"https:\/\/www.europesays.com\/fi\/109279\/"},"modified":"2025-12-06T13:04:08","modified_gmt":"2025-12-06T13:04:08","slug":"rivitalo-roihusi-polvijarvella-poliisi-epailee-rikosta-2","status":"publish","type":"post","link":"https:\/\/www.europesays.com\/fi\/109279\/","title":{"rendered":"Rivitalo roihusi Polvij\u00e4rvell\u00e4 \u2013 poliisi ep\u00e4ilee rikosta"},"content":{"rendered":"<p><strong class=\"typography-bold\">Polvij\u00e4rvell\u00e4 asuinkelvottomaksi palanutta rivitaloa ep\u00e4ill\u00e4\u00e4n tahallaan sytytetyksi, <\/strong><a class=\"underline\" data-testid=\"external-link\" href=\"https:\/\/poliisi.fi\/-\/rivitalo-paloi-asuinkelvottomaksi-polvijarvella\" rel=\"noopener noreferrer nofollow\" target=\"_blank\" data-sentry-component=\"ExternalLink\" data-sentry-source-file=\"ExternalLink.tsx\"><strong class=\"typography-bold\">kertoo<\/strong><\/a><strong class=\"typography-bold\"> It\u00e4-Suomen poliisi.\u00a0<\/strong><\/p>\n<p>Poliisi tutkii Polvij\u00e4rven Polvikujalla 30. marraskuuta syttynytt\u00e4 paloa t\u00f6rke\u00e4n\u00e4 tuhoty\u00f6n\u00e4.<\/p>\n<p>H\u00e4t\u00e4keskus sai nopeasti levinneest\u00e4 tulipalosta ilmoituksen kello 3.45. Poliisin mukaan kiinteist\u00f6lle syntyi mittavat vahingot ja kaikki talon asukkaat olivat hengenvaarassa.<\/p>\n<p>Poliisin mukaan palo sytytettiin tahallaan. H\u00e4t\u00e4keskukseen palosta ilmoittivat sivulliset, jotka riensiv\u00e4t my\u00f6s her\u00e4tt\u00e4m\u00e4\u00e4n talon asukkaita.<\/p>\n<p>\u2013 Ohikulkijoiden ansiokkaan toiminnan vuoksi palossa ei tullut henkil\u00f6vahinkoja, poliisi kommentoi tiedotteessa.<\/p>\n<p>Teosta ep\u00e4iltyj\u00e4 ei ole otettu kiinni. Palo aiheutti runsaasti savua, ja toinenkin rivitalo Polvikujalla k\u00e4rsi savuhaitasta.<\/p>\n<p>Poliisi pyyt\u00e4\u00e4 edelleen havaintoja paloon liittyen 30.11 kello 02.30 j\u00e4lkeen erityisesti Polvikujalta ja sen l\u00e4heisyydest\u00e4. Kaikki havainnot ja tiedot tapaukseen liittyen voi ilmoittaa rikostutkijoille 0295 455 315 tai 0295 455 451 tai s\u00e4hk\u00f6postilla <a class=\"underline\" data-testid=\"external-link\" href=\"https:\/\/www.mtvuutiset.fi\/artikkeli\/poliisi-etsii-yha-rivitalon-tahallaan-sytyttanytta-polvijarvella-kaikki-asukkaat-olivat-hengenvaarassa\/mailto:miika.turunen@poliisi.fi\" rel=\"noopener noreferrer nofollow\" data-sentry-component=\"ExternalLink\" data-sentry-source-file=\"ExternalLink.tsx\" target=\"_blank\">miika.turunen@poliisi.fi<\/a><\/p>\n<p><strong class=\"typography-bold\">Lue my\u00f6s: <\/strong><a class=\"underline\" data-testid=\"internal-link\" role=\"link\" data-sentry-element=\"Link\" data-sentry-component=\"InternalLink\" data-sentry-source-file=\"InternalLink.tsx\" href=\"https:\/\/www.mtvuutiset.fi\/artikkeli\/polvijarvella-paloi-rivitalo-asukkaat-evakuoitu\/9263216\" rel=\"nofollow noopener\" target=\"_blank\"><strong class=\"typography-bold\">Polvij\u00e4rvell\u00e4 paloi rivitalo \u2013 asukkaat evakuoitiin<\/strong><\/a><\/p>\n","protected":false},"excerpt":{"rendered":"Polvij\u00e4rvell\u00e4 asuinkelvottomaksi palanutta rivitaloa ep\u00e4ill\u00e4\u00e4n tahallaan sytytetyksi, kertoo It\u00e4-Suomen poliisi.\u00a0 Poliisi tutkii Polvij\u00e4rven Polvikujalla 30. marraskuuta syttynytt\u00e4 paloa&hellip;\n","protected":false},"author":2,"featured_media":26912,"comment_status":"","ping_status":"","sticky":false,"template":"","format":"standard","meta":{"footnotes":""},"categories":[12],"tags":[22,23,26,27,33,31,30,17,24,25,28,29,15,18,21,32,19,20,16],"class_list":{"0":"post-109279","1":"post","2":"type-post","3":"status-publish","4":"format-standard","5":"has-post-thumbnail","7":"category-suomi","8":"tag-breaking-news","9":"tag-breakingnews","10":"tag-featured-news","11":"tag-featurednews","12":"tag-fi","13":"tag-finland","14":"tag-finnish","15":"tag-headlines","16":"tag-latest-news","17":"tag-latestnews","18":"tag-main-news","19":"tag-mainnews","20":"tag-news","21":"tag-otsikot","22":"tag-paauutiset","23":"tag-suomi","24":"tag-top-stories","25":"tag-topstories","26":"tag-uutiset"},"share_on_mastodon":{"url":"https:\/\/pubeurope.com\/@fi\/115672767865924820","error":""},"_links":{"self":[{"href":"https:\/\/www.europesays.com\/fi\/wp-json\/wp\/v2\/posts\/109279","targetHints":{"allow":["GET"]}}],"collection":[{"href":"https:\/\/www.europesays.com\/fi\/wp-json\/wp\/v2\/posts"}],"about":[{"href":"https:\/\/www.europesays.com\/fi\/wp-json\/wp\/v2\/types\/post"}],"author":[{"embeddable":true,"href":"https:\/\/www.europesays.com\/fi\/wp-json\/wp\/v2\/users\/2"}],"replies":[{"embeddable":true,"href":"https:\/\/www.europesays.com\/fi\/wp-json\/wp\/v2\/comments?post=109279"}],"version-history":[{"count":0,"href":"https:\/\/www.europesays.com\/fi\/wp-json\/wp\/v2\/posts\/109279\/revisions"}],"wp:featuredmedia":[{"embeddable":true,"href":"https:\/\/www.europesays.com\/fi\/wp-json\/wp\/v2\/media\/26912"}],"wp:attachment":[{"href":"https:\/\/www.europesays.com\/fi\/wp-json\/wp\/v2\/media?parent=109279"}],"wp:term":[{"taxonomy":"category","embeddable":true,"href":"https:\/\/www.europesays.com\/fi\/wp-json\/wp\/v2\/categories?post=109279"},{"taxonomy":"post_tag","embeddable":true,"href":"https:\/\/www.europesays.com\/fi\/wp-json\/wp\/v2\/tags?post=109279"}],"curies":[{"name":"wp","href":"https:\/\/api.w.org\/{rel}","templated":true}]}}