{"id":109284,"date":"2025-12-06T13:17:11","date_gmt":"2025-12-06T13:17:11","guid":{"rendered":"https:\/\/www.europesays.com\/fi\/109284\/"},"modified":"2025-12-06T13:17:11","modified_gmt":"2025-12-06T13:17:11","slug":"v2-fi-anssi-kelalla-ja-mr-lordilla-yhteinen-intohimoprojekti","status":"publish","type":"post","link":"https:\/\/www.europesays.com\/fi\/109284\/","title":{"rendered":"V2.fi | Anssi Kelalla ja Mr Lordilla yhteinen intohimoprojekti"},"content":{"rendered":"<p>\t\t\t\t<b>Anssi Kela<\/b> on jakanut somessa kuvaa h\u00e4nen ja <b>Tomi Putaansuun<\/b> yhteisest\u00e4 projektista. Projekti liittyy Anssi Kelan suureen intohimoon, Star Wars -universumiin.<\/p>\n<p>Nyt Anssilla ja Tomilla on kotonaan Han Solo karboniitissa!<\/p>\n<p>&#8221;Minulla on ollut jo pitk\u00e4\u00e4n haaveena askarrella Han Solo karboniitissa ty\u00f6huoneeni oveen. Bongasin pari vuotta sitten teksasilaisen tyypin, joka myy lasikuituvaluja, joiden muotit ovat suoraa jatkumoa Imperiumin Vastaiskun alkuper\u00e4isest\u00e4 veistoksesta. Alkukes\u00e4st\u00e4 mainitsin t\u00e4st\u00e4 Tomi Putaansuulle, joka innostui valtavasti: tilataan molemmille, ja tehd\u00e4\u00e4n!<\/p>\n<p>Laitoin kilkkeet tilaukseen, ne saapuivat kes\u00e4n lopulla. Vasta t\u00e4ll\u00e4 viikolla meill\u00e4 oli sopiva rako saatella projekti kauniiseen iltaan. Vietimme kaksi pitk\u00e4\u00e4 p\u00e4iv\u00e4\u00e4 liimojen, ruuvien, maalien ja pakkelin parissa. Kaikki ei koko ajan mennyt ihan k\u00e4sikirjoituksen mukaan, mutta sain lopulta syv\u00e4j\u00e4\u00e4dytetyn kapteeni Solon jouluksi kotiin!<\/p>\n<p>Kiitokset Tomille, jota ilman t\u00e4st\u00e4 ei olisi tullut mit\u00e4\u00e4n, sek\u00e4 Tony \u00d6sterlundille, joka oli suureksi avuksi&#8221;.<\/p>\n<blockquote class=\"instagram-media\" data-instgrm-captioned=\"\" data-instgrm-permalink=\"https:\/\/www.instagram.com\/p\/DR43sP_CI9b\/?utm_source=ig_embed&amp;utm_campaign=loading\" data-instgrm-version=\"14\" style=\" background:#FFF; border:0; border-radius:3px; box-shadow:0 0 1px 0 rgba(0,0,0,0.5),0 1px 10px 0 rgba(0,0,0,0.15); margin: 1px; max-width:540px; min-width:326px; padding:0; width:99.375%; width:-webkit-calc(100% - 2px); width:calc(100% - 2px);\"\/>\n<tr>\n<td><img loading=\"lazy\" decoding=\"async\" src=\"https:\/\/www.europesays.com\/fi\/wp-content\/uploads\/2025\/12\/1765027031_285_pic1.jpg\" width=\"520\" height=\"292\" alt=\"\"\/><\/td>\n<\/tr>\n<p><b>V2.fi | J.A. Kaunisto <\/b>\n\t\t\t\t<\/p>\n<p>\t\t\t<script async src=\"\/\/www.instagram.com\/embed.js\"><\/script><\/p>\n","protected":false},"excerpt":{"rendered":"Anssi Kela on jakanut somessa kuvaa h\u00e4nen ja Tomi Putaansuun yhteisest\u00e4 projektista. Projekti liittyy Anssi Kelan suureen intohimoon,&hellip;\n","protected":false},"author":2,"featured_media":109285,"comment_status":"","ping_status":"","sticky":false,"template":"","format":"standard","meta":{"footnotes":""},"categories":[136],"tags":[407,137,33,31,30,408,188,191,192,185,150,189,187,32,193,194,109,186,190],"class_list":{"0":"post-109284","1":"post","2":"type-post","3":"status-publish","4":"format-standard","5":"has-post-thumbnail","7":"category-julkkikset","8":"tag-celebrities","9":"tag-entertainment","10":"tag-fi","11":"tag-finland","12":"tag-finnish","13":"tag-julkkikset","14":"tag-keskustelu","15":"tag-nintendo","16":"tag-pc-pelit","17":"tag-peli","18":"tag-pelit","19":"tag-playstation","20":"tag-starat","21":"tag-suomi","22":"tag-video","23":"tag-videopelit","24":"tag-viihde","25":"tag-viihdeuutiset","26":"tag-xbox"},"share_on_mastodon":{"url":"https:\/\/pubeurope.com\/@fi\/115672819105334242","error":""},"_links":{"self":[{"href":"https:\/\/www.europesays.com\/fi\/wp-json\/wp\/v2\/posts\/109284","targetHints":{"allow":["GET"]}}],"collection":[{"href":"https:\/\/www.europesays.com\/fi\/wp-json\/wp\/v2\/posts"}],"about":[{"href":"https:\/\/www.europesays.com\/fi\/wp-json\/wp\/v2\/types\/post"}],"author":[{"embeddable":true,"href":"https:\/\/www.europesays.com\/fi\/wp-json\/wp\/v2\/users\/2"}],"replies":[{"embeddable":true,"href":"https:\/\/www.europesays.com\/fi\/wp-json\/wp\/v2\/comments?post=109284"}],"version-history":[{"count":0,"href":"https:\/\/www.europesays.com\/fi\/wp-json\/wp\/v2\/posts\/109284\/revisions"}],"wp:featuredmedia":[{"embeddable":true,"href":"https:\/\/www.europesays.com\/fi\/wp-json\/wp\/v2\/media\/109285"}],"wp:attachment":[{"href":"https:\/\/www.europesays.com\/fi\/wp-json\/wp\/v2\/media?parent=109284"}],"wp:term":[{"taxonomy":"category","embeddable":true,"href":"https:\/\/www.europesays.com\/fi\/wp-json\/wp\/v2\/categories?post=109284"},{"taxonomy":"post_tag","embeddable":true,"href":"https:\/\/www.europesays.com\/fi\/wp-json\/wp\/v2\/tags?post=109284"}],"curies":[{"name":"wp","href":"https:\/\/api.w.org\/{rel}","templated":true}]}}