{"id":109292,"date":"2025-12-06T13:25:16","date_gmt":"2025-12-06T13:25:16","guid":{"rendered":"https:\/\/www.europesays.com\/fi\/109292\/"},"modified":"2025-12-06T13:25:16","modified_gmt":"2025-12-06T13:25:16","slug":"the-batman-ohjaaja-puolusti-nayttelijaansa-quentin-tarantinon-haukkujen-jalkeen-uskomaton-ihminen","status":"publish","type":"post","link":"https:\/\/www.europesays.com\/fi\/109292\/","title":{"rendered":"The Batman -ohjaaja puolusti n\u00e4yttelij\u00e4\u00e4ns\u00e4 Quentin Tarantinon haukkujen j\u00e4lkeen: \u201cUskomaton ihminen&#8221;"},"content":{"rendered":"<p>Kuva: \u00a9 Warner Bros. Pictures<\/p>\n<p>Ohjaaja Matt Reeves ei ole Quentin Tarantinon kanssa samaa mielt\u00e4 Paul Danosta.<\/p>\n<p>Matt Reeves ohjasi n\u00e4yttelij\u00e4 <a href=\"https:\/\/muropaketti.com\/avainsana\/paul-dano\/\" rel=\"nofollow noopener\" target=\"_blank\">Paul Danoa <\/a>elokuvassaan The Batman, miss\u00e4 Dano esitt\u00e4\u00e4 Robert Pattinsonin Batmania vastassa olevaa Arvuuttajaa. Reeves on nyt astunut puolustamaan n\u00e4yttelij\u00e4\u00e4ns\u00e4 Quentin Tarantinon haukkujen j\u00e4lkeen, uutisoi <a href=\"https:\/\/variety.com\/2025\/film\/news\/the-batman-director-defends-paul-dano-tarantino-1236600739\/\" target=\"_blank\" rel=\"noreferrer noopener nofollow\">Variety<\/a>.<\/p>\n<p>\u201cPaul Dano on uskomaton n\u00e4yttelij\u00e4, ja uskomaton ihminen\u201d, Reeves kommentoi.<\/p>\n<p>Quentin Tarantino haukkui Danon roolisuoritusta There Will Be Blood -elokuvassa ja sanoi t\u00e4m\u00e4n olevan \u201cSAG:n [n\u00e4yttelij\u00f6iden killan] heikoin n\u00e4yttelij\u00e4\u201d ja \u201cmaailman l\u00f6ysin mulkku\u201d. H\u00e4nen mukaansa Paul Thomas Andersonin elokuva on yksi 2000-luvun parhaita, mutta Danon vuoksi se ei kuitenkaan yll\u00e4 k\u00e4rkipaikalle.<\/p>\n","protected":false},"excerpt":{"rendered":"Kuva: \u00a9 Warner Bros. Pictures Ohjaaja Matt Reeves ei ole Quentin Tarantinon kanssa samaa mielt\u00e4 Paul Danosta. Matt&hellip;\n","protected":false},"author":2,"featured_media":109293,"comment_status":"","ping_status":"","sticky":false,"template":"","format":"standard","meta":{"footnotes":""},"categories":[130],"tags":[137,33,31,30,2447,7599,2770,32,109],"class_list":{"0":"post-109292","1":"post","2":"type-post","3":"status-publish","4":"format-standard","5":"has-post-thumbnail","7":"category-viihde","8":"tag-entertainment","9":"tag-fi","10":"tag-finland","11":"tag-finnish","12":"tag-matt-reeves","13":"tag-paul-dano","14":"tag-quentin-tarantino","15":"tag-suomi","16":"tag-viihde"},"share_on_mastodon":{"url":"https:\/\/pubeurope.com\/@fi\/115672850333169104","error":""},"_links":{"self":[{"href":"https:\/\/www.europesays.com\/fi\/wp-json\/wp\/v2\/posts\/109292","targetHints":{"allow":["GET"]}}],"collection":[{"href":"https:\/\/www.europesays.com\/fi\/wp-json\/wp\/v2\/posts"}],"about":[{"href":"https:\/\/www.europesays.com\/fi\/wp-json\/wp\/v2\/types\/post"}],"author":[{"embeddable":true,"href":"https:\/\/www.europesays.com\/fi\/wp-json\/wp\/v2\/users\/2"}],"replies":[{"embeddable":true,"href":"https:\/\/www.europesays.com\/fi\/wp-json\/wp\/v2\/comments?post=109292"}],"version-history":[{"count":0,"href":"https:\/\/www.europesays.com\/fi\/wp-json\/wp\/v2\/posts\/109292\/revisions"}],"wp:featuredmedia":[{"embeddable":true,"href":"https:\/\/www.europesays.com\/fi\/wp-json\/wp\/v2\/media\/109293"}],"wp:attachment":[{"href":"https:\/\/www.europesays.com\/fi\/wp-json\/wp\/v2\/media?parent=109292"}],"wp:term":[{"taxonomy":"category","embeddable":true,"href":"https:\/\/www.europesays.com\/fi\/wp-json\/wp\/v2\/categories?post=109292"},{"taxonomy":"post_tag","embeddable":true,"href":"https:\/\/www.europesays.com\/fi\/wp-json\/wp\/v2\/tags?post=109292"}],"curies":[{"name":"wp","href":"https:\/\/api.w.org\/{rel}","templated":true}]}}