{"id":109298,"date":"2025-12-06T13:30:07","date_gmt":"2025-12-06T13:30:07","guid":{"rendered":"https:\/\/www.europesays.com\/fi\/109298\/"},"modified":"2025-12-06T13:30:07","modified_gmt":"2025-12-06T13:30:07","slug":"puolustusvoimien-valtakunnallinen-paraati-alkoi-kouvolassa","status":"publish","type":"post","link":"https:\/\/www.europesays.com\/fi\/109298\/","title":{"rendered":"Puolustusvoimien valtakunnallinen paraati alkoi Kouvolassa"},"content":{"rendered":"<p><strong class=\"typography-bold\">Ilmavoimat tekee itsen\u00e4isyysp\u00e4iv\u00e4n paraatin ohimarssin aikana ylilentoja Hornet- ja Hawk-h\u00e4vitt\u00e4jill\u00e4.<\/strong><\/p>\n<p>Perinteinen Puolustusvoimien itsen\u00e4isyysp\u00e4iv\u00e4n valtakunnallinen <a class=\"underline\" data-testid=\"external-link\" href=\"https:\/\/puolustusvoimat.fi\/itsenaisyyspaiva\" rel=\"noopener noreferrer nofollow\" data-sentry-component=\"ExternalLink\" data-sentry-source-file=\"ExternalLink.tsx\" target=\"_blank\">paraati<\/a> alkoi puoliltap\u00e4ivin Kouvolassa Kymenlaaksossa. Tapahtuma k\u00e4ynnistyi kenraaliluutnantti <strong class=\"typography-bold\">Kim J\u00e4\u00e4meren<\/strong> paraatikatselmuksella Kouvolan pes\u00e4pallostadionilla. J\u00e4\u00e4meri toimii Suomen sotilasedustajana EU:ssa ja Natossa.<\/p>\n<p>J\u00e4\u00e4meri ottaa my\u00f6s vastaan paraatin ohimarssin. H\u00e4nen seurassaan ohimarssin vastaanottopaikalla Salpaussel\u00e4nkadulla ovat Kouvolan kaupunginjohtaja <strong class=\"typography-bold\">Marita Toikka<\/strong> ja kaupunginvaltuuston puheenjohtaja <strong class=\"typography-bold\">Ville Kaunisto<\/strong>. Suomen sotien veteraanit ja lotat ovat paraatissa kunniavieraina.<\/p>\n<p>Paraatiin osallistuu joukkoja Maavoimista, Merivoimista, Ilmavoimista, Maanpuolustuskorkeakoulusta ja Rajavartiolaitoksesta sek\u00e4 veteraani- ja maanpuolustusj\u00e4rjest\u00f6j\u00e4. Paraatiin osallistuu lis\u00e4ksi Puolustusvoimien ja muiden viranomaisten kalustoa.<\/p>\n<p>Ilmavoimat tekee ohimarssin aikana my\u00f6s ylilentoja Hornet- ja Hawk-h\u00e4vitt\u00e4jill\u00e4. Ylilentoja on m\u00e4\u00e4r\u00e4 tehd\u00e4 my\u00f6s Maavoimien helikoptereilla.<\/p>\n<p>S\u00e4\u00e4 on Kouvolassa kuitenkin varsin pilvinen, mik\u00e4 voi haitata lentojen n\u00e4kyvyytt\u00e4.<\/p>\n<p>Lue my\u00f6s: <a class=\"underline\" data-testid=\"internal-link\" role=\"link\" data-sentry-element=\"Link\" data-sentry-component=\"InternalLink\" data-sentry-source-file=\"InternalLink.tsx\" href=\"https:\/\/www.mtvuutiset.fi\/artikkeli\/itsenaisyyspaivana-ainakin-kuusi-mielenosoitusta-helsingissa-lentokieltoalue-aiempaa-laajempi\/9262442\" rel=\"nofollow noopener\" target=\"_blank\">N\u00e4in itsen\u00e4isyysp\u00e4iv\u00e4n\u00e4 osoitetaan mielt\u00e4 Helsingiss\u00e4, katso reitit ja aikataulut \u2013 lentokieltoalue aiempaa laajempi<\/a><\/p>\n","protected":false},"excerpt":{"rendered":"Ilmavoimat tekee itsen\u00e4isyysp\u00e4iv\u00e4n paraatin ohimarssin aikana ylilentoja Hornet- ja Hawk-h\u00e4vitt\u00e4jill\u00e4. Perinteinen Puolustusvoimien itsen\u00e4isyysp\u00e4iv\u00e4n valtakunnallinen paraati alkoi puoliltap\u00e4ivin Kouvolassa&hellip;\n","protected":false},"author":2,"featured_media":109299,"comment_status":"","ping_status":"","sticky":false,"template":"","format":"standard","meta":{"footnotes":""},"categories":[12],"tags":[22,23,26,27,33,31,30,17,24,25,28,29,15,18,21,32,19,20,16],"class_list":{"0":"post-109298","1":"post","2":"type-post","3":"status-publish","4":"format-standard","5":"has-post-thumbnail","7":"category-suomi","8":"tag-breaking-news","9":"tag-breakingnews","10":"tag-featured-news","11":"tag-featurednews","12":"tag-fi","13":"tag-finland","14":"tag-finnish","15":"tag-headlines","16":"tag-latest-news","17":"tag-latestnews","18":"tag-main-news","19":"tag-mainnews","20":"tag-news","21":"tag-otsikot","22":"tag-paauutiset","23":"tag-suomi","24":"tag-top-stories","25":"tag-topstories","26":"tag-uutiset"},"share_on_mastodon":{"url":"https:\/\/pubeurope.com\/@fi\/115672870048124198","error":""},"_links":{"self":[{"href":"https:\/\/www.europesays.com\/fi\/wp-json\/wp\/v2\/posts\/109298","targetHints":{"allow":["GET"]}}],"collection":[{"href":"https:\/\/www.europesays.com\/fi\/wp-json\/wp\/v2\/posts"}],"about":[{"href":"https:\/\/www.europesays.com\/fi\/wp-json\/wp\/v2\/types\/post"}],"author":[{"embeddable":true,"href":"https:\/\/www.europesays.com\/fi\/wp-json\/wp\/v2\/users\/2"}],"replies":[{"embeddable":true,"href":"https:\/\/www.europesays.com\/fi\/wp-json\/wp\/v2\/comments?post=109298"}],"version-history":[{"count":0,"href":"https:\/\/www.europesays.com\/fi\/wp-json\/wp\/v2\/posts\/109298\/revisions"}],"wp:featuredmedia":[{"embeddable":true,"href":"https:\/\/www.europesays.com\/fi\/wp-json\/wp\/v2\/media\/109299"}],"wp:attachment":[{"href":"https:\/\/www.europesays.com\/fi\/wp-json\/wp\/v2\/media?parent=109298"}],"wp:term":[{"taxonomy":"category","embeddable":true,"href":"https:\/\/www.europesays.com\/fi\/wp-json\/wp\/v2\/categories?post=109298"},{"taxonomy":"post_tag","embeddable":true,"href":"https:\/\/www.europesays.com\/fi\/wp-json\/wp\/v2\/tags?post=109298"}],"curies":[{"name":"wp","href":"https:\/\/api.w.org\/{rel}","templated":true}]}}