{"id":109300,"date":"2025-12-06T13:31:09","date_gmt":"2025-12-06T13:31:09","guid":{"rendered":"https:\/\/www.europesays.com\/fi\/109300\/"},"modified":"2025-12-06T13:31:09","modified_gmt":"2025-12-06T13:31:09","slug":"iivo-niskanen-viaplaylla-selkavaivoja-hs-fi","status":"publish","type":"post","link":"https:\/\/www.europesays.com\/fi\/109300\/","title":{"rendered":"Iivo Niskanen Viaplayll\u00e4: selk\u00e4vaivoja | HS.fi"},"content":{"rendered":"<p>Hiihto|Niskanen j\u00e4i yhdistelm\u00e4kilpailussa kauas k\u00e4rjest\u00e4.<\/p>\n<p class=\"article-body mb-nof-24 px-nof-16\">Suomen <a class=\"article-personlink\" href=\"https:\/\/www.hs.fi\/haku\/?query=Iivo%20Niskasen\" rel=\"nofollow noopener\" target=\"_blank\">Iivo Niskasen<\/a> yhdistelm\u00e4kilpailu meni penkin alle lauantaina Trondheimin maailmancupin osakilpailussa.<\/p>\n<p class=\"article-body mb-nof-24 px-nof-16\">Niskanen sijoittui 25:nneksi ja j\u00e4i k\u00e4rjelle yli minuutin.<\/p>\n<p class=\"article-body mb-nof-24 px-nof-16\">Viaplayn haastattelussa Niskanen sanoi uskovansa, ett\u00e4 h\u00e4n kiihdytti vauhtia liian aikaisin ja v\u00e4syi sen vuoksi.<\/p>\n<p class=\"article-body mb-nof-24 px-nof-16\">Niskanen paljasti my\u00f6s k\u00e4rsineens\u00e4 selk\u00e4kivuista.<\/p>\n<p class=\"article-body mb-nof-24 px-nof-16\">\u201dSattui jonkin verran selk\u00e4\u00e4n. Suksienvaihdosta ei meinannut tulla mit\u00e4\u00e4n\u201d, Niskanen kertaili Viaplaylle.<\/p>\n<p class=\"article-body mb-nof-24 px-nof-16\">Haastattelija kysyi Niskaselta, onko t\u00e4ll\u00e4 tarkempaa tietoa vaivasta.<\/p>\n<p class=\"article-body mb-nof-24 px-nof-16\">\u201dEi siin\u00e4 varmaan mit\u00e4\u00e4n ole, pikkasen ehk\u00e4&#8230; saattoi olla yksitt\u00e4inen lipsautus tai muuta\u201d, Niskanen vastasi pit\u00e4en pienen mietint\u00e4tauon lauseidensa v\u00e4liss\u00e4.<\/p>\n<p class=\"article-body mb-nof-24 px-nof-16\">\u201dEik\u00f6h\u00e4n tuo mene tuosta ohitse. Vika kierros oli v\u00e4h\u00e4n parempi.\u201d<\/p>\n<p class=\"article-body mb-nof-24 px-nof-16\">Niskanen uumoili, ett\u00e4 h\u00e4n saattoi kompensoida lihastensa v\u00e4symyst\u00e4 v\u00e4\u00e4rill\u00e4 lihaksilla, mik\u00e4 saattoi johtaa selk\u00e4kipuun.<\/p>\n<p>Trondheimin maailmancup<\/p>\n<p>Miesten yhdistelm\u00e4kilpailu (10 km perinteinen + 10 km vapaa)<\/p>\n<ol class=\"mb-nof-16 px-nof-16 article-ordered-list ordered-list\">\n<li class=\"ordered-list-item\">\n<p class=\"article-body\">Johannes H\u00f6sfot Kl\u00e4bo, Norja<\/p>\n<\/li>\n<li class=\"ordered-list-item\">\n<p class=\"article-body\">Harald \u00d6stberg Amundsen, Norja +0,7 sek.<\/p>\n<\/li>\n<li class=\"ordered-list-item\">\n<p class=\"article-body\">Emil Iversen, Norja +0,9<\/p>\n<\/li>\n<li class=\"ordered-list-item\">\n<p class=\"article-body\">Matis Stenshagen, Norja +1,5<\/p>\n<\/li>\n<li class=\"ordered-list-item\">\n<p class=\"article-body\">Jan Thomas Jenssen, Norja +1,8<\/p>\n<\/li>\n<\/ol>\n<p class=\"article-body mb-nof-24 px-nof-16\">&#8230; 14. Arsi Ruuskanen +11,4<\/p>\n<p class=\"article-body mb-nof-24 px-nof-16\">25. Iivo Niskanen +1.16,7<\/p>\n<p class=\"article-body mb-nof-24 px-nof-16\">31. Niko Anttola +1.19,3<\/p>\n<p class=\"article-body mb-nof-24 px-nof-16\">34. Markus Vuorela +1.20,8<\/p>\n<p class=\"article-body mb-nof-24 px-nof-16\">36. Ristomatti Hakola +1.46,3<\/p>\n<p class=\"article-body mb-nof-24 px-nof-16\">40. Ville Ahonen +1.47,2<\/p>\n","protected":false},"excerpt":{"rendered":"Hiihto|Niskanen j\u00e4i yhdistelm\u00e4kilpailussa kauas k\u00e4rjest\u00e4. Suomen Iivo Niskasen yhdistelm\u00e4kilpailu meni penkin alle lauantaina Trondheimin maailmancupin osakilpailussa. Niskanen sijoittui&hellip;\n","protected":false},"author":2,"featured_media":109301,"comment_status":"","ping_status":"","sticky":false,"template":"","format":"standard","meta":{"footnotes":""},"categories":[5],"tags":[22,23,26,27,33,31,30,17,46,24,25,28,29,15,18,21,32,19,20,16],"class_list":{"0":"post-109300","1":"post","2":"type-post","3":"status-publish","4":"format-standard","5":"has-post-thumbnail","7":"category-otsikot","8":"tag-breaking-news","9":"tag-breakingnews","10":"tag-featured-news","11":"tag-featurednews","12":"tag-fi","13":"tag-finland","14":"tag-finnish","15":"tag-headlines","16":"tag-helsingin-sanomat","17":"tag-latest-news","18":"tag-latestnews","19":"tag-main-news","20":"tag-mainnews","21":"tag-news","22":"tag-otsikot","23":"tag-paauutiset","24":"tag-suomi","25":"tag-top-stories","26":"tag-topstories","27":"tag-uutiset"},"share_on_mastodon":{"url":"https:\/\/pubeurope.com\/@fi\/115672873907130011","error":""},"_links":{"self":[{"href":"https:\/\/www.europesays.com\/fi\/wp-json\/wp\/v2\/posts\/109300","targetHints":{"allow":["GET"]}}],"collection":[{"href":"https:\/\/www.europesays.com\/fi\/wp-json\/wp\/v2\/posts"}],"about":[{"href":"https:\/\/www.europesays.com\/fi\/wp-json\/wp\/v2\/types\/post"}],"author":[{"embeddable":true,"href":"https:\/\/www.europesays.com\/fi\/wp-json\/wp\/v2\/users\/2"}],"replies":[{"embeddable":true,"href":"https:\/\/www.europesays.com\/fi\/wp-json\/wp\/v2\/comments?post=109300"}],"version-history":[{"count":0,"href":"https:\/\/www.europesays.com\/fi\/wp-json\/wp\/v2\/posts\/109300\/revisions"}],"wp:featuredmedia":[{"embeddable":true,"href":"https:\/\/www.europesays.com\/fi\/wp-json\/wp\/v2\/media\/109301"}],"wp:attachment":[{"href":"https:\/\/www.europesays.com\/fi\/wp-json\/wp\/v2\/media?parent=109300"}],"wp:term":[{"taxonomy":"category","embeddable":true,"href":"https:\/\/www.europesays.com\/fi\/wp-json\/wp\/v2\/categories?post=109300"},{"taxonomy":"post_tag","embeddable":true,"href":"https:\/\/www.europesays.com\/fi\/wp-json\/wp\/v2\/tags?post=109300"}],"curies":[{"name":"wp","href":"https:\/\/api.w.org\/{rel}","templated":true}]}}