{"id":109304,"date":"2025-12-06T13:50:10","date_gmt":"2025-12-06T13:50:10","guid":{"rendered":"https:\/\/www.europesays.com\/fi\/109304\/"},"modified":"2025-12-06T13:50:10","modified_gmt":"2025-12-06T13:50:10","slug":"riinis-ja-kalle-palander-ero-vai-ei-yllattava-kaanne-suhteessa","status":"publish","type":"post","link":"https:\/\/www.europesays.com\/fi\/109304\/","title":{"rendered":"Riinis ja Kalle Palander: Ero vai ei? Yll\u00e4tt\u00e4v\u00e4 k\u00e4\u00e4nne suhteessa"},"content":{"rendered":"<p>            Timo Korhonen\n        <\/p>\n<p class=\"subtitle \">Riina-Maija ja Kalle eiv\u00e4t ole edelleenk\u00e4\u00e4n virallisesti tuomittuja avioeroon.<\/p>\n<p class=\"article-content article-content-width !bg-background\">, 48, ja ex-alppihiiht\u00e4j\u00e4 , 48, erosta uutisoitiin jo l\u00e4hes vuosi sitten tammikuussa.\u00a0<\/p>\n<p class=\"font-weight-bold m-font-weight-bold article-content article-content-width !bg-background\">Katso my\u00f6s! Kalle Palander on pysynyt v\u00e4h\u00e4sanaisena koskien virinnytt\u00e4 avioeroaan:<\/p>\n<p class=\"article-content article-content-width !bg-background\">Ero ei kuitenkaan ole edennyt tyypilliseen tapaan, vaan avioerohakemus j\u00e4tettiin k\u00e4r\u00e4j\u00e4oikeuden puolelta tutkimatta, sill\u00e4 Kalle ja Riinis eiv\u00e4t toimittaneet siihen vaadittuja t\u00e4ydennyksi\u00e4. Nyt Riinis paljasti <a href=\"https:\/\/www.is.fi\/viihde\/art-2000011672569.html?utm_source=ampparit\" target=\"_blank\" rel=\"nofollow noopener\">Ilta Sanomille<\/a>, ettei kaksikko ehk\u00e4 olekaan eronnut.<\/p>\n<p>Erikoinen kommentti suhteen tilasta<\/p>\n<p class=\"article-content article-content-width !bg-background\">Ilta Sanomat uutisoi perjantaina (5.12.) tavanneensa hiljaiseloa pit\u00e4neen Riiniksen Vanajanlinnassa juhlistamassa lauantaina 6.12.\u00a0 vietett\u00e4v\u00e4\u00e4 Suomen itsen\u00e4isyysp\u00e4iv\u00e4\u00e4. Siell\u00e4 juhlapuvussa edustanut Riinis t\u00e4r\u00e4ytti v\u00e4hint\u00e4\u00e4nkin erikoiset kommentit liittyen h\u00e4nen ja Kallen eroon.<\/p>\n<p class=\"article-content article-content-width !bg-background\"> \u2013 Nyt ollaan tilanteessa, ett\u00e4 edelleenk\u00e4\u00e4n ei ehk\u00e4 haluta olla erill\u00e4\u00e4n. Me ei olla ehk\u00e4 erottu, mutta kun me molemmat elet\u00e4\u00e4n omaa el\u00e4m\u00e4\u00e4, niin on vaikea l\u00f6yt\u00e4\u00e4 yhteist\u00e4 tiet\u00e4, Riinis tokaisee.<\/p>\n<p>                <img decoding=\"async\" src=\"https:\/\/www.europesays.com\/fi\/wp-content\/uploads\/2025\/12\/2013642.webp\" width=\"576\" height=\"720\" alt=\"Riinis vietti erouutisten j\u00e4lkeen puolivuotta t\u00e4ytt\u00e4 hiljaiseloa Viron maaseudulla.\" loading=\"lazy\" \/>            <\/p>\n<p>\n            Riinis vietti erouutisten j\u00e4lkeen puolivuotta t\u00e4ytt\u00e4 hiljaiseloa Viron maaseudulla.<br \/>\n            Matti Matikainen\n        <\/p>\n<p class=\"article-content article-content-width !bg-background\">Riinis taustoitti kommenttiaan sill\u00e4, etteiv\u00e4t he Kallen kanssa ole koskaan h\u00e4nen mukaansa el\u00e4neet niin sanottua normaalia arkea, jossa asutaan yhdess\u00e4 saman katon alla. Kallen ulkomaille viev\u00e4t ty\u00f6kuviot ovat Riiniksen mukaan pit\u00e4neet kaksikkoa heid\u00e4n suhteensa aikana paljon fyysisesti erill\u00e4\u00e4n,\u00a0<\/p>\n<p class=\"article-content article-content-width !bg-background\"> \u2013 Sellaisessa liitossa on haastavaa mietti\u00e4, ett\u00e4 ollaanko me yhdess\u00e4, vai mit\u00e4 t\u00e4m\u00e4 on. Sit\u00e4 on mekin moneen otteeseen mietitty, Riinis tunnustaa.<\/p>\n<p class=\"article-content article-content-width !bg-background\">Riiniksen mukaan suhteen tilaa olisi syyt\u00e4 kysy\u00e4 Kallelta.<\/p>\n<p>        <a itemprop=\"url\" href=\"https:\/\/www.seiska.fi\/kotimaa\/kalle-palander-yllatysuutinen\/1968937\" rel=\"nofollow noopener\" target=\"_blank\"><\/p>\n<p>\nKalle Palander\n<\/p>\n<p class=\"section-date\">\n        <strong class=\"article-section\" data-section=\"kotimaa\"><br \/>\n            kotimaa<br \/>\n        <\/strong><br \/>\n        22.10. 17:00\n    <\/p>\n<p>Kalle Palander: Yll\u00e4tysuutinen!\n    <\/p>\n<p itemprop=\"description\" class=\"subtitle \">\n    Tarkoitus on saada &#8221;Suomen kansaa innostumaan uudelleen talvilajeista&#8221;.\n<\/p>\n<p>        <\/a><\/p>\n<p>N\u00e4in Kalle vastasi kes\u00e4ll\u00e4<\/p>\n<p class=\"article-content article-content-width !bg-background\">Riiniksen ja Kallen eip\u00e4s-juupas-ero oli ihmisten huulilla jo viime kes\u00e4n\u00e4, kun Seiska tavoitti Kallen kommentoimaan asiaa. H\u00e4nell\u00e4 ei kuitenkaan paljoa asiaa aiheesta riitt\u00e4nyt.<\/p>\n<p class=\"article-content article-content-width !bg-background\"> \u2013\u00a0Ei minulla ole mit\u00e4\u00e4n sanottavaa tai kommentoitavaa mihink\u00e4\u00e4n, Kalle lausui <a href=\"https:\/\/www.seiska.fi\/urheilu\/kalle-palanderilta-lyhyt-kuitti-riina-maijaan-liittyen\/1792976\" target=\"_blank\" rel=\"nofollow noopener\">Seiskalle<\/a> kes\u00e4kuussa.<\/p>\n<p>                <img decoding=\"async\" src=\"https:\/\/www.europesays.com\/fi\/wp-content\/uploads\/2025\/12\/2013638.webp\" width=\"576\" height=\"720\" alt=\"Kallella ja Riiniksell\u00e4 on takanaan likimain 20 vuoden mittainen suhde sek\u00e4 kolme yhteist\u00e4 lasta.\" loading=\"lazy\" \/>            <\/p>\n<p>\n            Kallella ja Riiniksell\u00e4 on takanaan likimain 20 vuoden mittainen suhde sek\u00e4 kolme yhteist\u00e4 lasta.<br \/>\n            Timo Korhonen\n        <\/p>\n<p>        <a itemprop=\"url\" href=\"https:\/\/www.seiska.fi\/urheilu\/podcast-kalle-palander-pudottaa-pommin-vaimostaan-aleksi-valavuorelta-tyly-reaktio\/1629614\" rel=\"nofollow noopener\" target=\"_blank\"><\/p>\n<p>\nKalle Palander\n<\/p>\n<p class=\"section-date\">\n        <strong class=\"article-section\" data-section=\"urheilu\"><br \/>\n            urheilu<br \/>\n        <\/strong><br \/>\n        3.3. 08:25\n    <\/p>\n<p>Podcast: Kalle Palander pudottaa pommin vaimostaan \u2013 Aleksi Valavuorelta tyly reaktio\n    <\/p>\n<p itemprop=\"description\" class=\"subtitle \">\n    Kalle Palanderin unelmamatka j\u00e4i kokematta parisuhdesotkujen seurauksena.\n<\/p>\n<p>        <\/a><\/p>\n<p class=\"article-content article-content-width !bg-background\">Eroasiaan lis\u00e4-h\u00e4hm\u00e4isyytt\u00e4 on tuonut se, ett\u00e4 kaksikko on <a href=\"https:\/\/www.seiska.fi\/kotimaa\/mita-ihmetta-kalle-ja-riina-maija-palander-viihtyvat-jalleen-yhdessa\/1792732\" target=\"_blank\" rel=\"nofollow noopener\">vaikuttanut viihtyneen <\/a>toisinaan samaan aikaan heid\u00e4n yhteisell\u00e4, Virossa sijaitsevalla Ontikan-kartanolla.<\/p>\n<p>Ero j\u00e4tettiin tutkimatta<\/p>\n<p class=\"article-content article-content-width !bg-background\">Kallen ja Riiniksen ero vieri suomalaismedioiden otsikoihin tammikuussa 2024, kun Kalle toimitti avioerohakemuksen L\u00e4nsi-Uudenmaan k\u00e4r\u00e4j\u00e4oikeuteen.\u00a0<\/p>\n<p class=\"article-content article-content-width !bg-background\">Ero ei kuitenkaan l\u00e4htenyt vet\u00e4m\u00e4\u00e4n tyypilliseen tapaan, sill\u00e4 Riinis huiteli pitk\u00e4\u00e4n teill\u00e4 tiet\u00e4m\u00e4tt\u00f6mill\u00e4, eik\u00e4 h\u00e4nelle saatu tiedoksiannettua eroa. Lopulta my\u00f6s Kalle j\u00e4tti toimittamatta k\u00e4r\u00e4j\u00e4oikeuden vaatimat vaihtoehtoiset t\u00e4ydennykset hakemukseen, sill\u00e4kin uhalla ett\u00e4 hakemus j\u00e4tett\u00e4isiin muuten tutkimatta kokonaan.\u00a0Ero ei siis edennyt virallisia teit\u00e4 loppuun asti.<\/p>\n","protected":false},"excerpt":{"rendered":"Timo Korhonen Riina-Maija ja Kalle eiv\u00e4t ole edelleenk\u00e4\u00e4n virallisesti tuomittuja avioeroon. , 48, ja ex-alppihiiht\u00e4j\u00e4 , 48, erosta&hellip;\n","protected":false},"author":2,"featured_media":109305,"comment_status":"","ping_status":"","sticky":false,"template":"","format":"standard","meta":{"footnotes":""},"categories":[158],"tags":[2759,33,31,30,10575,212,20435,4232,159,1417,32,160],"class_list":{"0":"post-109304","1":"post","2":"type-post","3":"status-publish","4":"format-standard","5":"has-post-thumbnail","7":"category-urheilu","8":"tag-avioero","9":"tag-fi","10":"tag-finland","11":"tag-finnish","12":"tag-kalle-palander","13":"tag-lifestyle","14":"tag-ontikan-kartano","15":"tag-riina-maija-palander","16":"tag-sports","17":"tag-suhde","18":"tag-suomi","19":"tag-urheilu"},"share_on_mastodon":{"url":"https:\/\/pubeurope.com\/@fi\/115672948883496913","error":""},"_links":{"self":[{"href":"https:\/\/www.europesays.com\/fi\/wp-json\/wp\/v2\/posts\/109304","targetHints":{"allow":["GET"]}}],"collection":[{"href":"https:\/\/www.europesays.com\/fi\/wp-json\/wp\/v2\/posts"}],"about":[{"href":"https:\/\/www.europesays.com\/fi\/wp-json\/wp\/v2\/types\/post"}],"author":[{"embeddable":true,"href":"https:\/\/www.europesays.com\/fi\/wp-json\/wp\/v2\/users\/2"}],"replies":[{"embeddable":true,"href":"https:\/\/www.europesays.com\/fi\/wp-json\/wp\/v2\/comments?post=109304"}],"version-history":[{"count":0,"href":"https:\/\/www.europesays.com\/fi\/wp-json\/wp\/v2\/posts\/109304\/revisions"}],"wp:featuredmedia":[{"embeddable":true,"href":"https:\/\/www.europesays.com\/fi\/wp-json\/wp\/v2\/media\/109305"}],"wp:attachment":[{"href":"https:\/\/www.europesays.com\/fi\/wp-json\/wp\/v2\/media?parent=109304"}],"wp:term":[{"taxonomy":"category","embeddable":true,"href":"https:\/\/www.europesays.com\/fi\/wp-json\/wp\/v2\/categories?post=109304"},{"taxonomy":"post_tag","embeddable":true,"href":"https:\/\/www.europesays.com\/fi\/wp-json\/wp\/v2\/tags?post=109304"}],"curies":[{"name":"wp","href":"https:\/\/api.w.org\/{rel}","templated":true}]}}