{"id":109306,"date":"2025-12-06T13:51:08","date_gmt":"2025-12-06T13:51:08","guid":{"rendered":"https:\/\/www.europesays.com\/fi\/109306\/"},"modified":"2025-12-06T13:51:08","modified_gmt":"2025-12-06T13:51:08","slug":"kruununjalokivet-jalkiruokahyokkayksen-kohteena-lontoossa-nelja-pidatetty","status":"publish","type":"post","link":"https:\/\/www.europesays.com\/fi\/109306\/","title":{"rendered":"Kruununjalokivet j\u00e4lkiruokahy\u00f6kk\u00e4yksen kohteena Lontoossa \u2013 nelj\u00e4 pid\u00e4tetty"},"content":{"rendered":"<p>Aktivistiryhm\u00e4 on ilmoittanut olevansa teon takana.<\/p>\n<p class=\"article-body mb-nof-24 px-nof-16\">Nelj\u00e4 ihmist\u00e4 on pid\u00e4tetty Lontoossa erikoisen mielenosoitustempauksen j\u00e4lkeen, kertoo <a class=\"article-genericlink\" href=\"https:\/\/www.bbc.com\/news\/articles\/cpd61w22e3no\" rel=\"nofollow noopener\" target=\"_blank\">BBC<\/a>. Mielenosoittajien ep\u00e4ill\u00e4\u00e4n heitt\u00e4neen omenapaistosta ja vaniljakastiketta kruununjalokivi\u00e4 sis\u00e4lt\u00e4v\u00e4n n\u00e4yttelyvitriinin p\u00e4\u00e4lle Lontoon Towerissa.<\/p>\n<p class=\"article-body mb-nof-24 px-nof-16\">BBC:n mukaan j\u00e4lkiruokahy\u00f6kk\u00e4yksen kohteena oli Imperial State Crown -nimell\u00e4 tunnetun kruunun vitriini. Kyseess\u00e4 on yksi tunnetuimmista kruununjalokivist\u00e4, ja sit\u00e4 k\u00e4ytet\u00e4\u00e4n edelleen kuninkaallisissa toimituksissa.<\/p>\n<p class=\"article-body mb-nof-24 px-nof-16\">Lontoon poliisin mukaan nelj\u00e4\u00e4 ihmist\u00e4 ep\u00e4ill\u00e4\u00e4n rikoksesta, ja n\u00e4m\u00e4 ovat poliisin hallussa. Se Towerin osa, jossa kruununjalokivi\u00e4 s\u00e4ilytet\u00e4\u00e4n, on BBC:n mukaan nyt suljettu.<\/p>\n<p class=\"article-body mb-nof-24 px-nof-16\">BBC:n mukaan Take Back Power -niminen aktivistiryhm\u00e4 on ilmoittanut olevansa vastuussa teosta. Ryhm\u00e4 kuvaa itse\u00e4\u00e4n v\u00e4kivallattomaksi kansalais\u00advastarintaryhm\u00e4ksi.<\/p>\n<p class=\"article-body mb-nof-24 px-nof-16\">Ryhm\u00e4 vaatii, ett\u00e4 Britannian hallitus perustaisi pysyv\u00e4n kansalaiskokouksen, jolla olisi p\u00e4\u00e4t\u00f6svaltaa \u201dverottaa \u00e4\u00e4rimm\u00e4ist\u00e4 rikkautta\u201d, BBC kertoo. Poliisi tutkii ryhm\u00e4n tempausta.<\/p>\n<p class=\"article-body mb-nof-24 px-nof-16\">Ryhm\u00e4 on julkaissut Instagram-tilill\u00e4\u00e4n videon tempauksesta. Videolla n\u00e4kyy, miten aktivistit heitt\u00e4v\u00e4t omenapaistosta kastikkeineen vitriinin lasiin.<\/p>\n<p class=\"article-body mb-nof-24 px-nof-16\">Lontoon Tower on keskiajalla rakennettu linna Lontoon keskustassa. Britannian kruununjalokivi\u00e4 s\u00e4ilytet\u00e4\u00e4n linnassa. Kokoelmaan kuuluu yli 23\u202f000 jalokive\u00e4.<\/p>\n<p class=\"article-body mb-nof-24 px-nof-16\">Imperial State Crown -kruunu on valmistettu vuonna 1937 alun perin kuningas <a class=\"article-personlink\" href=\"https:\/\/www.is.fi\/haku\/?query=Yrj%C3%B6%20VI:lle\" rel=\"nofollow noopener\" target=\"_blank\">Yrj\u00f6 VI:lle<\/a>. Englannin nykyinen kuningas <a class=\"article-personlink\" href=\"https:\/\/www.is.fi\/haku\/?query=Charles%20III\" rel=\"nofollow noopener\" target=\"_blank\">Charles III<\/a> on k\u00e4ytt\u00e4nyt kruunua kruunajaisp\u00e4iv\u00e4n\u00e4\u00e4n ja parlamentin avajaisseremoniassa.<\/p>\n<p class=\"article-body mb-nof-24 px-nof-16\">Kruunu ei vahingoittunut tempauksessa, sill\u00e4 ruoka-aineet t\u00f6hriv\u00e4t vain sit\u00e4 suojaavan lasivitriinin.<\/p>\n","protected":false},"excerpt":{"rendered":"Aktivistiryhm\u00e4 on ilmoittanut olevansa teon takana. Nelj\u00e4 ihmist\u00e4 on pid\u00e4tetty Lontoossa erikoisen mielenosoitustempauksen j\u00e4lkeen, kertoo BBC. Mielenosoittajien ep\u00e4ill\u00e4\u00e4n&hellip;\n","protected":false},"author":2,"featured_media":109307,"comment_status":"","ping_status":"","sticky":false,"template":"","format":"standard","meta":{"footnotes":""},"categories":[130],"tags":[137,33,31,30,34,32,109],"class_list":{"0":"post-109306","1":"post","2":"type-post","3":"status-publish","4":"format-standard","5":"has-post-thumbnail","7":"category-viihde","8":"tag-entertainment","9":"tag-fi","10":"tag-finland","11":"tag-finnish","12":"tag-ilta-sanomat","13":"tag-suomi","14":"tag-viihde"},"share_on_mastodon":{"url":"https:\/\/pubeurope.com\/@fi\/115672952542811758","error":""},"_links":{"self":[{"href":"https:\/\/www.europesays.com\/fi\/wp-json\/wp\/v2\/posts\/109306","targetHints":{"allow":["GET"]}}],"collection":[{"href":"https:\/\/www.europesays.com\/fi\/wp-json\/wp\/v2\/posts"}],"about":[{"href":"https:\/\/www.europesays.com\/fi\/wp-json\/wp\/v2\/types\/post"}],"author":[{"embeddable":true,"href":"https:\/\/www.europesays.com\/fi\/wp-json\/wp\/v2\/users\/2"}],"replies":[{"embeddable":true,"href":"https:\/\/www.europesays.com\/fi\/wp-json\/wp\/v2\/comments?post=109306"}],"version-history":[{"count":0,"href":"https:\/\/www.europesays.com\/fi\/wp-json\/wp\/v2\/posts\/109306\/revisions"}],"wp:featuredmedia":[{"embeddable":true,"href":"https:\/\/www.europesays.com\/fi\/wp-json\/wp\/v2\/media\/109307"}],"wp:attachment":[{"href":"https:\/\/www.europesays.com\/fi\/wp-json\/wp\/v2\/media?parent=109306"}],"wp:term":[{"taxonomy":"category","embeddable":true,"href":"https:\/\/www.europesays.com\/fi\/wp-json\/wp\/v2\/categories?post=109306"},{"taxonomy":"post_tag","embeddable":true,"href":"https:\/\/www.europesays.com\/fi\/wp-json\/wp\/v2\/tags?post=109306"}],"curies":[{"name":"wp","href":"https:\/\/api.w.org\/{rel}","templated":true}]}}