{"id":109308,"date":"2025-12-06T13:54:08","date_gmt":"2025-12-06T13:54:08","guid":{"rendered":"https:\/\/www.europesays.com\/fi\/109308\/"},"modified":"2025-12-06T13:54:08","modified_gmt":"2025-12-06T13:54:08","slug":"teemu-muurimaella-linnan-juhlien-ennatysvuosi","status":"publish","type":"post","link":"https:\/\/www.europesays.com\/fi\/109308\/","title":{"rendered":"Teemu Muurim\u00e4ell\u00e4 Linnan juhlien enn\u00e4tysvuosi"},"content":{"rendered":"<p><strong class=\"typography-bold\">Muotisuunnittelija Teemu Muurim\u00e4ell\u00e4 on poikkeuksellinen vuosi Linnan juhlien pukutilauksissa.<\/strong><\/p>\n<p>T\u00e4n\u00e4 vuonna Linnan juhlissa n\u00e4hd\u00e4\u00e4n muotisuunnittelija <strong class=\"typography-bold\">Teemu Muurim\u00e4en<\/strong> pukuja jo 25. vuotta putkeen.<\/p>\n<p>Er\u00e4s asia on kuitenkin toisin kuin edelt\u00e4vin\u00e4 vuosina.<\/p>\n<p><a class=\"underline\" data-testid=\"internal-link\" role=\"link\" data-sentry-element=\"Link\" data-sentry-component=\"InternalLink\" data-sentry-source-file=\"InternalLink.tsx\" href=\"https:\/\/www.mtvuutiset.fi\/artikkeli\/atte-kilpisen-pinkki-linnan-juhlien-puku-heratti-huomiota-vuonna-2022-on-avannut-ovia-monelle\/9061362\" rel=\"nofollow noopener\" target=\"_blank\"><strong class=\"typography-bold\">Atte Kilpisen<\/strong> yll\u00e4 vuonna 2022 itsen\u00e4isyysp\u00e4iv\u00e4n vastaanotolla n\u00e4hty Muurim\u00e4en suunnittelema pinkki frakki<\/a> toi suunnittelijalle eteen uuden enn\u00e4tyksen.<\/p>\n<p>\u2013 Aten pinkki frakki muutti sill\u00e4 tavalla ty\u00f6nkuvaa, ett\u00e4 t\u00e4m\u00e4 on mun enn\u00e4tysvuosi. Mulla on enemm\u00e4n frakkeja Linnan juhlissa kuin iltapukuja, Muurim\u00e4ki paljastaa.<\/p>\n","protected":false},"excerpt":{"rendered":"Muotisuunnittelija Teemu Muurim\u00e4ell\u00e4 on poikkeuksellinen vuosi Linnan juhlien pukutilauksissa. T\u00e4n\u00e4 vuonna Linnan juhlissa n\u00e4hd\u00e4\u00e4n muotisuunnittelija Teemu Muurim\u00e4en pukuja&hellip;\n","protected":false},"author":2,"featured_media":109309,"comment_status":"","ping_status":"","sticky":false,"template":"","format":"standard","meta":{"footnotes":""},"categories":[76],"tags":[79,77,33,31,30,32,78],"class_list":{"0":"post-109308","1":"post","2":"type-post","3":"status-publish","4":"format-standard","5":"has-post-thumbnail","7":"category-talous","8":"tag-business","9":"tag-economy","10":"tag-fi","11":"tag-finland","12":"tag-finnish","13":"tag-suomi","14":"tag-talous"},"share_on_mastodon":{"url":"https:\/\/pubeurope.com\/@fi\/115672964484368093","error":""},"_links":{"self":[{"href":"https:\/\/www.europesays.com\/fi\/wp-json\/wp\/v2\/posts\/109308","targetHints":{"allow":["GET"]}}],"collection":[{"href":"https:\/\/www.europesays.com\/fi\/wp-json\/wp\/v2\/posts"}],"about":[{"href":"https:\/\/www.europesays.com\/fi\/wp-json\/wp\/v2\/types\/post"}],"author":[{"embeddable":true,"href":"https:\/\/www.europesays.com\/fi\/wp-json\/wp\/v2\/users\/2"}],"replies":[{"embeddable":true,"href":"https:\/\/www.europesays.com\/fi\/wp-json\/wp\/v2\/comments?post=109308"}],"version-history":[{"count":0,"href":"https:\/\/www.europesays.com\/fi\/wp-json\/wp\/v2\/posts\/109308\/revisions"}],"wp:featuredmedia":[{"embeddable":true,"href":"https:\/\/www.europesays.com\/fi\/wp-json\/wp\/v2\/media\/109309"}],"wp:attachment":[{"href":"https:\/\/www.europesays.com\/fi\/wp-json\/wp\/v2\/media?parent=109308"}],"wp:term":[{"taxonomy":"category","embeddable":true,"href":"https:\/\/www.europesays.com\/fi\/wp-json\/wp\/v2\/categories?post=109308"},{"taxonomy":"post_tag","embeddable":true,"href":"https:\/\/www.europesays.com\/fi\/wp-json\/wp\/v2\/tags?post=109308"}],"curies":[{"name":"wp","href":"https:\/\/api.w.org\/{rel}","templated":true}]}}