{"id":109310,"date":"2025-12-06T13:55:05","date_gmt":"2025-12-06T13:55:05","guid":{"rendered":"https:\/\/www.europesays.com\/fi\/109310\/"},"modified":"2025-12-06T13:55:05","modified_gmt":"2025-12-06T13:55:05","slug":"iaea-tsernobylin-suojakuori-kriittisessa-tilassa","status":"publish","type":"post","link":"https:\/\/www.europesays.com\/fi\/109310\/","title":{"rendered":"IAEA: T\u0161ernobylin suojakuori kriittisess\u00e4 tilassa"},"content":{"rendered":"<p class=\"tmcl-__sc-yr5q5a-0 tmcl-__sc-yr5q5a-1 gHclAH\">T\u0161ernobylin ydinvoimalan ymp\u00e4rille rakennettu suojakuori ei en\u00e4\u00e4 hoida teht\u00e4v\u00e4\u00e4ns\u00e4, kertoo Yhdistyneiden kansakuntien alainen Kansainv\u00e4linen atomienergiaj\u00e4rjest\u00f6 IAEA.<\/p>\n<p class=\"tmcl-__sc-yr5q5a-0 tmcl-__sc-yr5q5a-1 gHclAH\">Suojakuori rakennettiin ydinvoimalan nelosreaktorin ymp\u00e4rille vuonna 1986 sattuneen historiallisen onnettomuuden j\u00e4lkeen. Uusin ter\u00e4ksest\u00e4 rakennettu suojakuori valmistui vuonna 2019 ja sen on tarkoitus est\u00e4\u00e4 tuhoutuneesta reaktorista levi\u00e4v\u00e4\u00e4 radioaktiivista s\u00e4teily\u00e4.<\/p>\n<p class=\"tmcl-__sc-yr5q5a-0 tmcl-__sc-yr5q5a-1 gHclAH\">Ydinvoimala sijaitsee Kiovan alueella Ukrainassa ja sen suojakuori on IAEA:n mukaan vaurioitunut siihen helmikuussa osuneen drooni-iskun takia. Tuolloin kerrottiin kuitenkin, ett\u00e4 s\u00e4teilytasot olivat ydinvoimalalla normaalit ja pysyiv\u00e4t vakaana.<\/p>\n<p class=\"tmcl-__sc-yr5q5a-0 tmcl-__sc-yr5q5a-1 gHclAH\">Ukraina on syytt\u00e4nyt iskusta ja vahingoista Ven\u00e4j\u00e4\u00e4. Ven\u00e4j\u00e4n johto on kiist\u00e4nyt maan iskeneen ydinvoimalaan.<\/p>\n<p class=\"tmcl-__sc-yr5q5a-0 tmcl-__sc-yr5q5a-1 gHclAH\">IAEA:n p\u00e4\u00e4johtajan <strong class=\"sc-447ead16-0 eItqLf\">Rafael Grossin<\/strong> mukaan suojakuoren tutkimusten j\u00e4lkeen k\u00e4vi selv\u00e4ksi, ett\u00e4 suojakuori on menett\u00e4nyt eristyskykyns\u00e4.<\/p>\n<p class=\"tmcl-__sc-yr5q5a-0 tmcl-__sc-yr5q5a-1 gHclAH\">\u2013 Kattava kunnostus on edelleen v\u00e4ltt\u00e4m\u00e4t\u00f6nt\u00e4, jotta voidaan est\u00e4\u00e4 lis\u00e4vauriot ja varmistaa pitk\u00e4aikainen ydinturvallisuus, Grossi sanoi mainiten my\u00f6s, ett\u00e4 joitain korjaust\u00f6it\u00e4 on jo tehty.<\/p>\n<p class=\"tmcl-__sc-yr5q5a-0 tmcl-__sc-yr5q5a-1 gHclAH\">IAEA:n raportista kertoi muun muassa uutistoimisto Reuters.<\/p>\n","protected":false},"excerpt":{"rendered":"T\u0161ernobylin ydinvoimalan ymp\u00e4rille rakennettu suojakuori ei en\u00e4\u00e4 hoida teht\u00e4v\u00e4\u00e4ns\u00e4, kertoo Yhdistyneiden kansakuntien alainen Kansainv\u00e4linen atomienergiaj\u00e4rjest\u00f6 IAEA. Suojakuori rakennettiin&hellip;\n","protected":false},"author":2,"featured_media":109311,"comment_status":"","ping_status":"","sticky":false,"template":"","format":"standard","meta":{"footnotes":""},"categories":[14],"tags":[22,23,26,27,33,31,30,17,24,25,28,29,15,18,21,32,19,20,56,16,59,60,61],"class_list":{"0":"post-109310","1":"post","2":"type-post","3":"status-publish","4":"format-standard","5":"has-post-thumbnail","7":"category-ulkomaat","8":"tag-breaking-news","9":"tag-breakingnews","10":"tag-featured-news","11":"tag-featurednews","12":"tag-fi","13":"tag-finland","14":"tag-finnish","15":"tag-headlines","16":"tag-latest-news","17":"tag-latestnews","18":"tag-main-news","19":"tag-mainnews","20":"tag-news","21":"tag-otsikot","22":"tag-paauutiset","23":"tag-suomi","24":"tag-top-stories","25":"tag-topstories","26":"tag-ulkomaat","27":"tag-uutiset","28":"tag-world","29":"tag-world-news","30":"tag-worldnews"},"share_on_mastodon":{"url":"https:\/\/pubeurope.com\/@fi\/115672968427954680","error":""},"_links":{"self":[{"href":"https:\/\/www.europesays.com\/fi\/wp-json\/wp\/v2\/posts\/109310","targetHints":{"allow":["GET"]}}],"collection":[{"href":"https:\/\/www.europesays.com\/fi\/wp-json\/wp\/v2\/posts"}],"about":[{"href":"https:\/\/www.europesays.com\/fi\/wp-json\/wp\/v2\/types\/post"}],"author":[{"embeddable":true,"href":"https:\/\/www.europesays.com\/fi\/wp-json\/wp\/v2\/users\/2"}],"replies":[{"embeddable":true,"href":"https:\/\/www.europesays.com\/fi\/wp-json\/wp\/v2\/comments?post=109310"}],"version-history":[{"count":0,"href":"https:\/\/www.europesays.com\/fi\/wp-json\/wp\/v2\/posts\/109310\/revisions"}],"wp:featuredmedia":[{"embeddable":true,"href":"https:\/\/www.europesays.com\/fi\/wp-json\/wp\/v2\/media\/109311"}],"wp:attachment":[{"href":"https:\/\/www.europesays.com\/fi\/wp-json\/wp\/v2\/media?parent=109310"}],"wp:term":[{"taxonomy":"category","embeddable":true,"href":"https:\/\/www.europesays.com\/fi\/wp-json\/wp\/v2\/categories?post=109310"},{"taxonomy":"post_tag","embeddable":true,"href":"https:\/\/www.europesays.com\/fi\/wp-json\/wp\/v2\/tags?post=109310"}],"curies":[{"name":"wp","href":"https:\/\/api.w.org\/{rel}","templated":true}]}}