{"id":109312,"date":"2025-12-06T13:56:09","date_gmt":"2025-12-06T13:56:09","guid":{"rendered":"https:\/\/www.europesays.com\/fi\/109312\/"},"modified":"2025-12-06T13:56:09","modified_gmt":"2025-12-06T13:56:09","slug":"zelenskyilta-itsenaisyyspaivan-onnittelut-suomeksi-uutissuomalainen","status":"publish","type":"post","link":"https:\/\/www.europesays.com\/fi\/109312\/","title":{"rendered":"Zelenskyilta itsen\u00e4isyysp\u00e4iv\u00e4n onnittelut suomeksi | Uutissuomalainen"},"content":{"rendered":"<p>Ukrainan presidentti<strong> Volodymyr Zelenskyi <\/strong>onnittelee &#8221;syd\u00e4mellisesti ja vilpitt\u00f6m\u00e4sti&#8221; tasavallan presidentti<strong> Alexander Stubbia <\/strong>sek\u00e4 suomalaisia itsen\u00e4isyysp\u00e4iv\u00e4n johdosta.<\/p>\n<p>\u2013 Suomalaiset ovat vahva kansakunta, joka ylpe\u00e4n\u00e4 puolusti itsen\u00e4isyytt\u00e4\u00e4n, vaalii sit\u00e4 ja auttaa muita vapautensa puolesta taistelevia, Zelenskyi kirjoittaa viestipalvelu X:ss\u00e4.<\/p>\n<p>\u2013 Herra presidentti, olen kiitollinen l\u00e4hes p\u00e4ivitt\u00e4isest\u00e4 koordinoinnistamme ja viisaista neuvoistanne. Ukraina on yht\u00e4 kiitollinen Suomen horjumattomasta tuesta, Ukrainan presidentti jatkaa.<\/p>\n<p>P\u00e4ivitys loppuu viel\u00e4 suomeksi kirjoitettuihin sanoihin:<\/p>\n<p>\u2013 Hyv\u00e4\u00e4 itsen\u00e4isyysp\u00e4iv\u00e4\u00e4!<\/p>\n<p>My\u00f6s Zelenskyin j\u00e4lkeen yhten\u00e4 maailman tunnetuimmista ukrainalaisista pidetty toimittaja <strong>Illia Ponomarenko<\/strong> onnittelee Suomea itsen\u00e4isyysp\u00e4iv\u00e4n johdosta.<\/p>\n<p>\u2013 Ikuisia yst\u00e4vi\u00e4, jotka ovat aina tervetulleita vieraita vapaassa Ukrainassa, Ponomarenko kirjoittaa.<\/p>\n<blockquote class=\"twitter-tweet\">\n<p lang=\"en\" dir=\"ltr\">Cordial and sincere congratulations to <a href=\"https:\/\/twitter.com\/alexstubb?ref_src=twsrc%5Etfw\" rel=\"nofollow noopener\" target=\"_blank\">@alexstubb<\/a> and the people of Finland on your Independence Day.<\/p>\n<p>Finns are a strong nation that proudly defended its independence, cherishes it, and helps others fighting for their freedom.<\/p>\n<p>Mr President, I am grateful for our near-daily\u2026<\/p>\n<p>\u2014 Volodymyr Zelenskyy \/ \u0412\u043e\u043b\u043e\u0434\u0438\u043c\u0438\u0440 \u0417\u0435\u043b\u0435\u043d\u0441\u044c\u043a\u0438\u0439 (@ZelenskyyUa) <a href=\"https:\/\/twitter.com\/ZelenskyyUa\/status\/1997277328217346104?ref_src=twsrc%5Etfw\" rel=\"nofollow noopener\" target=\"_blank\">December 6, 2025<\/a><\/p><\/blockquote>\n<blockquote class=\"twitter-tweet\">\n<p lang=\"en\" dir=\"ltr\">Happy, happy, happy Independence Day to \ud83c\uddeb\ud83c\uddeeFinland!<\/p>\n<p>Friends forever and always welcome guests in a free Ukraine.<\/p>\n<p>\u2014 Illia Ponomarenko \ud83c\uddfa\ud83c\udde6 (@IAPonomarenko) <a href=\"https:\/\/twitter.com\/IAPonomarenko\/status\/1997264832756617630?ref_src=twsrc%5Etfw\" rel=\"nofollow noopener\" target=\"_blank\">December 6, 2025<\/a><\/p><\/blockquote>\n<p>\t\t\t\t\t\t\t\t<script async src=\"https:\/\/platform.twitter.com\/widgets.js\" charset=\"utf-8\"><\/script><\/p>\n","protected":false},"excerpt":{"rendered":"Ukrainan presidentti Volodymyr Zelenskyi onnittelee &#8221;syd\u00e4mellisesti ja vilpitt\u00f6m\u00e4sti&#8221; tasavallan presidentti Alexander Stubbia sek\u00e4 suomalaisia itsen\u00e4isyysp\u00e4iv\u00e4n johdosta. \u2013 Suomalaiset&hellip;\n","protected":false},"author":2,"featured_media":109313,"comment_status":"","ping_status":"","sticky":false,"template":"","format":"standard","meta":{"footnotes":""},"categories":[12],"tags":[3406,22,23,26,27,33,31,30,17,24,25,28,29,15,18,21,142,639,637,886,887,32,19,20,16,638],"class_list":{"0":"post-109312","1":"post","2":"type-post","3":"status-publish","4":"format-standard","5":"has-post-thumbnail","7":"category-suomi","8":"tag-alexander-stubb","9":"tag-breaking-news","10":"tag-breakingnews","11":"tag-featured-news","12":"tag-featurednews","13":"tag-fi","14":"tag-finland","15":"tag-finnish","16":"tag-headlines","17":"tag-latest-news","18":"tag-latestnews","19":"tag-main-news","20":"tag-mainnews","21":"tag-news","22":"tag-otsikot","23":"tag-paauutiset","24":"tag-poliitikot","25":"tag-poliittiset-johtajat","26":"tag-politiikka","27":"tag-puolueet","28":"tag-suomen-politiikka","29":"tag-suomi","30":"tag-top-stories","31":"tag-topstories","32":"tag-uutiset","33":"tag-valtiovalta"},"share_on_mastodon":{"url":"https:\/\/pubeurope.com\/@fi\/115672972501432814","error":""},"_links":{"self":[{"href":"https:\/\/www.europesays.com\/fi\/wp-json\/wp\/v2\/posts\/109312","targetHints":{"allow":["GET"]}}],"collection":[{"href":"https:\/\/www.europesays.com\/fi\/wp-json\/wp\/v2\/posts"}],"about":[{"href":"https:\/\/www.europesays.com\/fi\/wp-json\/wp\/v2\/types\/post"}],"author":[{"embeddable":true,"href":"https:\/\/www.europesays.com\/fi\/wp-json\/wp\/v2\/users\/2"}],"replies":[{"embeddable":true,"href":"https:\/\/www.europesays.com\/fi\/wp-json\/wp\/v2\/comments?post=109312"}],"version-history":[{"count":0,"href":"https:\/\/www.europesays.com\/fi\/wp-json\/wp\/v2\/posts\/109312\/revisions"}],"wp:featuredmedia":[{"embeddable":true,"href":"https:\/\/www.europesays.com\/fi\/wp-json\/wp\/v2\/media\/109313"}],"wp:attachment":[{"href":"https:\/\/www.europesays.com\/fi\/wp-json\/wp\/v2\/media?parent=109312"}],"wp:term":[{"taxonomy":"category","embeddable":true,"href":"https:\/\/www.europesays.com\/fi\/wp-json\/wp\/v2\/categories?post=109312"},{"taxonomy":"post_tag","embeddable":true,"href":"https:\/\/www.europesays.com\/fi\/wp-json\/wp\/v2\/tags?post=109312"}],"curies":[{"name":"wp","href":"https:\/\/api.w.org\/{rel}","templated":true}]}}