{"id":109314,"date":"2025-12-06T13:57:15","date_gmt":"2025-12-06T13:57:15","guid":{"rendered":"https:\/\/www.europesays.com\/fi\/109314\/"},"modified":"2025-12-06T13:57:15","modified_gmt":"2025-12-06T13:57:15","slug":"puolustusvoimien-paraati-kerasi-kouvolan-kaduille-15-000-katsojaa-talta-siella-naytti-kymenlaakso","status":"publish","type":"post","link":"https:\/\/www.europesays.com\/fi\/109314\/","title":{"rendered":"Puolustus\u00advoimien paraati ker\u00e4si Kouvolan kaduille 15 000 katsojaa \u2013 t\u00e4lt\u00e4 siell\u00e4 n\u00e4ytti | Kymenlaakso"},"content":{"rendered":"<p class=\"aw-1gybjub aw-5vja16 kEtdKx kmuxyA yle__article__paragraph\">Kouvola is\u00e4nn\u00f6i t\u00e4n\u00e4\u00e4n valta\u00adkunnallista itsen\u00e4isyys\u00adp\u00e4iv\u00e4n paraatia.<\/p>\n<p><img decoding=\"async\" alt=\"Kaksi poikaa kuljetuspanssariajoneuvon XA-360 p\u00e4\u00e4ll\u00e4.\" src=\"https:\/\/www.europesays.com\/fi\/wp-content\/uploads\/2025\/12\/39-156537869341e1f2db44.jpeg\" class=\"aw-1l9m598 hKVVvP\"\/><\/p>\n<p>Avaa kuvien katselu<\/p>\n<p>Tuure ja Niilo Korja olivat kaluston\u00e4yttelyss\u00e4 kuljetuspanssariajoneuvon XA-360 p\u00e4\u00e4ll\u00e4. He tutkivat sen my\u00f6s sis\u00e4lt\u00e4. Kuva: Kalle Purhonen \/ Yle<\/p>\n<ul class=\"aw-1jjocuh iJTSwP yle__article__list yle__article__list--ul\">\n<li class=\"aw-1j7gwms gNYKfi\">Itsen\u00e4isyysp\u00e4iv\u00e4n paraati ker\u00e4si Kouvolan keskustaan tuhansia ihmisi\u00e4 s\u00e4\u00e4st\u00e4 huolimatta.<\/li>\n<li class=\"aw-1j7gwms gNYKfi\">Ohimarssiin osallistui noin 1 300 henkil\u00f6\u00e4 ja 65 ajoneuvoa Puolustusvoimista ja muilta viranomaisilta.<\/li>\n<li class=\"aw-1j7gwms gNYKfi\">Paraatin teemana oli \u201dPuolustamme Suomea yhdess\u00e4\u201d, ja se juhlisti Ilmavoimien 100-vuotista taivalta.<\/li>\n<\/ul>\n<p class=\"aw-1gybjub aw-1p7kakr kEtdKx cEmitX yle__article__paragraph\">T\u00e4m\u00e4 on teko\u00e4lyn avulla tuotettu, toimittajan tarkistama tiivistelm\u00e4.<\/p>\n<p class=\"aw-1gybjub aw-1p7kakr kEtdKx cEmitX yle__article__paragraph\">Puolustusvoimien joukot ja esimerkiksi rajavartijat marssivat t\u00e4n\u00e4\u00e4n kalustoineen Kouvolan keskustan l\u00e4pi itsen\u00e4isyysp\u00e4iv\u00e4n kunniaksi.<\/p>\n<p class=\"aw-1gybjub aw-1p7kakr kEtdKx cEmitX yle__article__paragraph\">Sumuinen s\u00e4\u00e4 ei haitannut, sill\u00e4 itsen\u00e4isyysp\u00e4iv\u00e4n paraatin ohimarssia seurasivat Salpaussel\u00e4nkadun varrella tuhannet ihmiset. Poliisin mukaan kaikki sujui h\u00e4iri\u00f6tt\u00e4 ja paikalle saapui noin 15\u00a0000 katsojaa.<\/p>\n<p class=\"aw-1gybjub aw-1p7kakr kEtdKx cEmitX yle__article__paragraph\">Yksi heist\u00e4 oli kahdeksanvuotias kouvolalainen <strong class=\"aw-ak79eh KyCXm yle__article__strong\">Tuure Koria<\/strong>. H\u00e4n p\u00e4\u00e4si veljens\u00e4 kanssa kiipe\u00e4m\u00e4\u00e4n ennen marssia kuljetuspanssariajoneuvon p\u00e4\u00e4lle.<\/p>\n<p class=\"aw-1gybjub aw-1p7kakr kEtdKx cEmitX yle__article__paragraph\">\u2013 Siell\u00e4 oli aika hienoa, Koria sanoo.<\/p>\n<p class=\"aw-1gybjub aw-1p7kakr kEtdKx cEmitX yle__article__paragraph\">Puolustusvoimien ajoneuvot tosin ovat Kouvolassa tuttuja, sill\u00e4 kaupungissa on ainoana Suomessa kaksi varuskuntaa: Karjalan prikaati Vekaranj\u00e4rvell\u00e4 ja j\u00e4\u00e4k\u00e4rirykmentti Utissa.<\/p>\n<p><img decoding=\"async\" alt=\"Mies seisoo pipo p\u00e4\u00e4ss\u00e4 rakennuksen edess\u00e4 ja hymyilee Suomen lippu k\u00e4dess\u00e4.\" src=\"https:\/\/www.europesays.com\/fi\/wp-content\/uploads\/2025\/12\/39-156537569341e1594bd0.jpeg\" loading=\"lazy\" class=\"aw-1l9m598 hKVVvP\"\/><\/p>\n<p>Avaa kuvien katselu<\/p>\n<p>Suomalaisuudestaan ylpe\u00e4 Steve Kerosi juhlii itsen\u00e4isyysp\u00e4iv\u00e4n iltaa kavereiden kanssa juomalla kahvia. Kuva: Kalle Purhonen \/ Yle<\/p>\n<p class=\"aw-1gybjub aw-1p7kakr kEtdKx cEmitX yle__article__paragraph\">Kouvolalaisen <strong class=\"aw-ak79eh KyCXm yle__article__strong\">Steve Kerosin<\/strong> mukaan vaikuttavinta on ihmisten is\u00e4nmaallisuus ja se kuinka s\u00e4\u00e4st\u00e4 huolimatta iso m\u00e4\u00e4r\u00e4 ihmisi\u00e4 kokoontui katujen varrelle. H\u00e4nest\u00e4 on hienoa, ett\u00e4 eri sukupolvien ihmiset kokoontuvat yhdess\u00e4.<\/p>\n<p class=\"aw-1gybjub aw-1p7kakr kEtdKx cEmitX yle__article__paragraph\">\u2013 Olen iloinen, sill\u00e4 paraatin tulemista on odotettu Kouvolassa pitk\u00e4\u00e4n. Se on ollut muissa kaupungeissa, sanoo Kerosi.<\/p>\n<p class=\"aw-1gybjub aw-1p7kakr kEtdKx cEmitX yle__article__paragraph\"><strong class=\"aw-ak79eh KyCXm yle__article__strong\">Jutun lopusta l\u00f6yd\u00e4t kuvagallerian p\u00e4iv\u00e4n hetkist\u00e4 ja yleis\u00f6n reaktioista.<\/strong><\/p>\n<p>Ilmavoimien osuus oli juhlavuoden kunniaksi laajempi<\/p>\n<p class=\"aw-1gybjub aw-1p7kakr kEtdKx cEmitX yle__article__paragraph\">Itsen\u00e4isyys\u00adp\u00e4iv\u00e4n paraatiin osallistui joukkoja Maavoimista, Merivoimista, Ilmavoimista, Maanpuolustus\u00adkorkeakoulusta ja Rajavartio\u00adlaitoksesta sek\u00e4 j\u00e4rjest\u00f6ist\u00e4 yhteens\u00e4 noin 1\u00a0300 henkil\u00f6\u00e4 sek\u00e4 65 ajoneuvoa. Paraatin teemana oli Puolustamme Suomea yhdess\u00e4.<\/p>\n<p class=\"aw-1gybjub aw-1p7kakr kEtdKx cEmitX yle__article__paragraph\">T\u00e4n\u00e4 vuonna Ilmavoimien osuus oli tavallista laajempi, sill\u00e4 on sen 100-vuotisjuhlavuosi. Esimerkiksi droonien torjuntaan k\u00e4ytett\u00e4v\u00e4\u00e4 kalustoa oli mukana.<\/p>\n<p class=\"aw-1gybjub aw-1p7kakr kEtdKx cEmitX yle__article__paragraph\">Ohimarssi alkoi Ilmavoimien F\/A-18 Hornet-monitoimih\u00e4vitt\u00e4jien ylilennolla, joka kuului, muttei sumuisen s\u00e4\u00e4n takia juuri n\u00e4kynyt.<\/p>\n<p class=\"aw-1gybjub aw-1p7kakr kEtdKx cEmitX yle__article__paragraph\"><strong class=\"aw-ak79eh KyCXm yle__article__strong\">Tiedustelu:<\/strong><\/p>\n<p class=\"aw-1gybjub aw-1p7kakr kEtdKx cEmitX yle__article__paragraph\">Maastomoottoripy\u00f6r\u00e4 (2 kpl), maastoskootteri (2), raskas partioajoneuvo RG32 (2), CV9030-rynn\u00e4kk\u00f6panssarivaunu (2)<\/p>\n<p class=\"aw-1gybjub aw-1p7kakr kEtdKx cEmitX yle__article__paragraph\"><strong class=\"aw-ak79eh KyCXm yle__article__strong\">Mekanisoidut osat:<\/strong><\/p>\n<p class=\"aw-1gybjub aw-1p7kakr kEtdKx cEmitX yle__article__paragraph\">Maastomoottoripy\u00f6r\u00e4 (2), CV9030-rynn\u00e4kk\u00f6panssarivaunu (3), Leopard 2A6-taistelupanssivaunu (2), XA-202 komentopaikka-ajoneuvo, maastomoottoripy\u00f6r\u00e4 (2), XA361-kranaatinheitinpanssariajoneuvo (3), tykist\u00f6n komentopaikkakontti, johtamisajoneuvo, raskas panssarihaupitsi K9 (4), raskas maastokuorma-auto ja ammuskontti, verkonhallinta-ajoneuvo MB Unimog, Leopard 2L -siltapanssarivaunu, liikennetraktori ja per\u00e4vaunu<\/p>\n<p class=\"aw-1gybjub aw-1p7kakr kEtdKx cEmitX yle__article__paragraph\"><strong class=\"aw-ak79eh KyCXm yle__article__strong\">Ilmatorjunta:<\/strong><\/p>\n<p class=\"aw-1gybjub aw-1p7kakr kEtdKx cEmitX yle__article__paragraph\">Ilmatorjuntaohjus 05 MB Unimog (2), Ilmatorjuntaohjus 15 ja m\u00f6nkij\u00e4 (2), ilmatorjuntaohjus 12 -ohjuslavetti, ilmatorjuntaohjus 12 -maalinosoitustutka, ilmatorjuntaohjus 12 -taistelunjohtokeskus, iltatorjuntaohjus 12 -elektro-optinen sensori, 35 ITK 88 -ilmatorjuntakanuuna, ilmatorjuntapanssarivaunu 90<\/p>\n<p class=\"aw-1gybjub aw-1p7kakr kEtdKx cEmitX yle__article__paragraph\"><strong class=\"aw-ak79eh KyCXm yle__article__strong\">Muut aselajijoukot:<\/strong><\/p>\n<p class=\"aw-1gybjub aw-1p7kakr kEtdKx cEmitX yle__article__paragraph\">XA360-panssariajoneuvo (2), XA300-miehist\u00f6nkuljetusajoneuvo (2), XA202-viestipanssariajoneuvo, tykist\u00f6tutka, 155K98 -kanuuna (2), raskas raketinheitin, Sisu GTP 4&#215;4 -taktinen ajoneuvo, XA185-kuljetuspanssariajoneuvo, maastoambulanssi<\/p>\n<p class=\"aw-1gybjub aw-1p7kakr kEtdKx cEmitX yle__article__paragraph\"><strong class=\"aw-ak79eh KyCXm yle__article__strong\">Viranomaiset:<\/strong><\/p>\n<p class=\"aw-1gybjub aw-1p7kakr kEtdKx cEmitX yle__article__paragraph\">Poliisin panssaroitu ajoneuvo ja vaaka-ajoneuvo, Rajavartiolaitoksen raskas partioajoneuvo ja traktorim\u00f6nkij\u00e4, Tullin partioajoneuvo ja maastoskootteri sek\u00e4 Kymenlaakson pelastuslaitoksen ja hyvinvointialueen kalustoauto, maastoajoneuvon kuljetusvaunu, raivausauto, s\u00e4ili\u00f6sammutusauto ja ensihoitoyksikk\u00f6<\/p>\n<p>Lotta: Omasta kielest\u00e4 kannattaa pit\u00e4\u00e4 kiinni<\/p>\n<p class=\"aw-1gybjub aw-1p7kakr kEtdKx cEmitX yle__article__paragraph\">Kuusankoskelainen lotta <strong class=\"aw-ak79eh KyCXm yle__article__strong\">Eva Lintunen<\/strong> ja iittil\u00e4inen lotta <strong class=\"aw-ak79eh KyCXm yle__article__strong\">Eevi Sairanen<\/strong> osallistuivat itsen\u00e4isyysp\u00e4iv\u00e4n juhlintaan Kouvolassa jo eilen perjantaina ja jatkoivat viel\u00e4 paraatin parissa.<\/p>\n<p class=\"aw-1gybjub aw-1p7kakr kEtdKx cEmitX yle__article__paragraph\">100-vuotias Sairanen toivoo, ett\u00e4 suomalaiset juhlisivat itsen\u00e4isyysp\u00e4iv\u00e4\u00e4 kuuntelemalla suomalaista musiikkia. 101-vuotias Lintunen puolestaan kehottaa puhumaan itsen\u00e4isyysp\u00e4iv\u00e4n\u00e4kin suomea, sill\u00e4 ilman itsen\u00e4isyytt\u00e4 oman kielen puhuminen ei olisi mahdollista.<\/p>\n<p class=\"aw-1gybjub aw-1p7kakr kEtdKx cEmitX yle__article__paragraph\"><strong class=\"aw-ak79eh KyCXm yle__article__strong\">Katso alta, mit\u00e4 Lintunen ja Sairanen erityisesti vaalisivat t\u00e4m\u00e4n p\u00e4iv\u00e4n Suomesta:<\/strong><\/p>\n<p>video: Kalle Purhonen ja Mari Siltanen \/ YleKalustoesittely oli lapsiperheiden suosikki<\/p>\n<p class=\"aw-1gybjub aw-1p7kakr kEtdKx cEmitX yle__article__paragraph\">Ennen ohimarssia oli pes\u00e4pallostadionilla paraatikatselmus kahdentoista aikaan. Yleis\u00f6 sai seurata katselmusta katsomosta. Ylen toimittajan <strong class=\"aw-ak79eh KyCXm yle__article__strong\">Aki Laineen<\/strong> arvion mukaan paikalla oli noin viisi tuhatta ihmist\u00e4, joista isolla osalla heilui k\u00e4dess\u00e4\u00e4n Suomen lippu.<\/p>\n<p class=\"aw-1gybjub aw-1p7kakr kEtdKx cEmitX yle__article__paragraph\">Jo aamup\u00e4iv\u00e4st\u00e4 p\u00e4\u00e4si tutustumaan eri ajoneuvoihin kalustoesittelyss\u00e4.<\/p>\n<p><img decoding=\"async\" alt=\"Pieni poika tulossa pois sotilasajoneuvon kyydist\u00e4. H\u00e4n katsoo kameraan.\" src=\"https:\/\/www.europesays.com\/fi\/wp-content\/uploads\/2025\/12\/39-15652726933ecaa0d9b1.jpeg\" loading=\"lazy\" class=\"aw-1l9m598 hKVVvP\"\/><\/p>\n<p>Avaa kuvien katselu<\/p>\n<p>Tomas Porkka p\u00e4\u00e4si k\u00e4ym\u00e4\u00e4n viestipanssariajoneuvon kyydiss\u00e4. Kuva: Antro Valo \/ Yle<\/p>\n<p class=\"aw-1gybjub aw-1p7kakr kEtdKx cEmitX yle__article__paragraph\">Alla lis\u00e4\u00e4 kuvia p\u00e4iv\u00e4n hetkist\u00e4. Kuvia klikkaamalla saat ne n\u00e4kym\u00e4\u00e4n suurempana.<\/p>\n<p><img decoding=\"async\" alt=\"Ihmisi\u00e4 tarkastelemassa sotilasajoneuvoa ulkotapahtumassa talvisessa s\u00e4\u00e4ss\u00e4. Panssarivaunun edess\u00e4 perhe poseeraa.\" src=\"https:\/\/www.europesays.com\/fi\/wp-content\/uploads\/2025\/12\/39-15652626933ea96f3a45.jpeg\" class=\"aw-1l9m598 hKVVvP\"\/><\/p>\n<p>Avaa kuvien katselu<\/p>\n<p><img decoding=\"async\" alt=\"Sotilas pit\u00e4\u00e4 armeijan ajoneuvon ovea auki ja kksi lasta menee sis\u00e4lle.\" src=\"https:\/\/www.europesays.com\/fi\/wp-content\/uploads\/2025\/12\/39-15652636933ea9852a92.jpeg\" class=\"aw-1l9m598 hKVVvP\"\/><\/p>\n<p>Avaa kuvien katselu<\/p>\n<p><img decoding=\"async\" alt=\"Hymyilev\u00e4 lapsi Viljo Ruoppa istuu sotilasajoneuvon ohjaamossa, kun aikuinen tarkkailee tilannetta ulkopuolelta.\" src=\"https:\/\/www.europesays.com\/fi\/wp-content\/uploads\/2025\/12\/39-15653926934262df3bf5.jpeg\" class=\"aw-1l9m598 hKVVvP\"\/><\/p>\n<p>Avaa kuvien katselu<\/p>\n<p><img decoding=\"async\" alt=\"Sotilaita kent\u00e4ll\u00e4 j\u00e4rjest\u00e4ytyneen\u00e4. Taustalla katsomossa yleis\u00f6\u00e4. S\u00e4\u00e4 on sumuinen.\" src=\"https:\/\/www.europesays.com\/fi\/wp-content\/uploads\/2025\/12\/39-1565332693410093cf5f.jpeg\" class=\"aw-1l9m598 hKVVvP\"\/><\/p>\n<p>Avaa kuvien katselu<\/p>\n<p><img decoding=\"async\" alt=\"Ihmisi\u00e4 katsomossa. Yhdell\u00e4 pojalla k\u00e4dess\u00e4 kolme Suomen lippua.\" src=\"https:\/\/www.europesays.com\/fi\/wp-content\/uploads\/2025\/12\/39-156532769340d62119f2.jpeg\" class=\"aw-1l9m598 hKVVvP\"\/><\/p>\n<p>Avaa kuvien katselu<\/p>\n<p><img decoding=\"async\" alt=\"Vaalea taivas, jonka reunoilla puiden oksia.\" src=\"https:\/\/www.europesays.com\/fi\/wp-content\/uploads\/2025\/12\/39-15653906934262bb9bd6.jpeg\" class=\"aw-1l9m598 hKVVvP\"\/><\/p>\n<p>Avaa kuvien katselu<\/p>\n<p><img decoding=\"async\" alt=\"ihmisi\u00e4 kadun ja rakennuksen v\u00e4liss\u00e4 metallisten kaiteiden takana.\" src=\"https:\/\/www.europesays.com\/fi\/wp-content\/uploads\/2025\/12\/39-156534869341630cc767.jpeg\" class=\"aw-1l9m598 hKVVvP\"\/><\/p>\n<p>Avaa kuvien katselu<\/p>\n<p><img decoding=\"async\" alt=\"Pinkkeihin vaatteisiin pukeutunut lapsi aikuisen hartioilla v\u00e4kijoukon keskell\u00e4 kadun varrella. \" src=\"https:\/\/www.europesays.com\/fi\/wp-content\/uploads\/2025\/12\/39-15653566934190d1593d.jpeg\" class=\"aw-1l9m598 hKVVvP\"\/><\/p>\n<p>Avaa kuvien katselu<\/p>\n<p><img decoding=\"async\" alt=\"Lapsia s\u00e4hk\u00f6kaapin p\u00e4\u00e4ll\u00e4. Ymp\u00e4rill\u00e4 hyvin paljon ihmisi\u00e4.\" src=\"https:\/\/www.europesays.com\/fi\/wp-content\/uploads\/2025\/12\/39-15653916934262cf181f.jpeg\" class=\"aw-1l9m598 hKVVvP\"\/><\/p>\n<p>Avaa kuvien katselu<\/p>\n<p><img decoding=\"async\" alt=\"Mies pit\u00e4\u00e4 panssarivaunun p\u00e4\u00e4ll\u00e4 seisovan lapsen k\u00e4dest\u00e4. Taustalla muita ihmisi\u00e4.\" src=\"https:\/\/www.europesays.com\/fi\/wp-content\/uploads\/2025\/12\/39-15652616933ea96605ad.jpeg\" class=\"aw-1l9m598 hKVVvP\"\/><\/p>\n<p>Avaa kuvien katselu<\/p>\n<p><img decoding=\"async\" alt=\"Ihmisi\u00e4 jonottamassa vihre\u00e4n teltan edess\u00e4. Teltassa lukee Sotilaskoti Utti. Taustalla sumuinen maisema.\" src=\"https:\/\/www.europesays.com\/fi\/wp-content\/uploads\/2025\/12\/39-15652676933ea9a87b0d.jpeg\" class=\"aw-1l9m598 hKVVvP\"\/><\/p>\n<p>Avaa kuvien katselu<\/p>\n<p><img decoding=\"async\" alt=\"Sotilaat marssivat Suomen lipun kanssa kadulla. Kadun varrella ihmisi\u00e4.\" src=\"https:\/\/www.europesays.com\/fi\/wp-content\/uploads\/2025\/12\/39-156532469340d6050d37.jpeg\" class=\"aw-1l9m598 hKVVvP\"\/><\/p>\n<p>Avaa kuvien katselu<\/p>\n<p><img decoding=\"async\" alt=\"Sotilasjoukkoja sek\u00e4 kuvaajia pes\u00e4pallokent\u00e4ll\u00e4. Taustalla Kouvolan j\u00e4\u00e4halli ja katsomoissa ihmisi\u00e4.\" src=\"https:\/\/www.europesays.com\/fi\/wp-content\/uploads\/2025\/12\/39-156532869340d62ea331.jpeg\" class=\"aw-1l9m598 hKVVvP\"\/><\/p>\n<p>Avaa kuvien katselu<\/p>\n<p><img decoding=\"async\" alt=\"Ihmisi\u00e4 odottaa kadun varrella, ja joukossa n\u00e4kyy useita Suomen lippuja. Taustalla poliisiauto.\" src=\"https:\/\/www.europesays.com\/fi\/wp-content\/uploads\/2025\/12\/39-156532269340cb6e0b4a.jpeg\" class=\"aw-1l9m598 hKVVvP\"\/><\/p>\n<p>Avaa kuvien katselu<\/p>\n<p><img decoding=\"async\" alt=\"Lipunkantajat marssivat kadulla Suomen itsen\u00e4isyysp\u00e4iv\u00e4n juhlakulkueessa. Kadun varrella paljon katsojia.\" src=\"https:\/\/www.europesays.com\/fi\/wp-content\/uploads\/2025\/12\/39-156534969341631bac40.jpeg\" class=\"aw-1l9m598 hKVVvP\"\/><\/p>\n<p>Avaa kuvien katselu<\/p>\n<p><img decoding=\"async\" alt=\"Suuri joukko ihmisi\u00e4 kadun molemmin puolin. Taustalla kasa folioilmapalloja. Kadulla marssii sinibarettisia tummiin pukeutuneita ihmisi\u00e4.\" src=\"https:\/\/www.europesays.com\/fi\/wp-content\/uploads\/2025\/12\/39-156534769341630b8338.jpeg\" class=\"aw-1l9m598 hKVVvP\"\/><\/p>\n<p>Avaa kuvien katselu<\/p>\n<p><img decoding=\"async\" alt=\"Sotilas seisomassa panssarivaunussa kadulla. Kadun varrella joukko ihmisi\u00e4.\" src=\"https:\/\/www.europesays.com\/fi\/wp-content\/uploads\/2025\/12\/39-15653576934190da41a2.jpeg\" class=\"aw-1l9m598 hKVVvP\"\/><\/p>\n<p>Avaa kuvien katselu<\/p>\n<p class=\"aw-1gybjub aw-1p7kakr kEtdKx cEmitX yle__article__paragraph\">Sek\u00e4 katselmuksen ett\u00e4 ohimarssin ja koosteen l\u00f6yd\u00e4t <a class=\"aw-iao6s4 iHOxEa yle__article__link\" href=\"https:\/\/areena.yle.fi\/1-50298750?t=jaksot\" role=\"link\" rel=\"nofollow noopener\" target=\"_blank\">Yle Areenasta<\/a>.<\/p>\n<p class=\"aw-1gybjub aw-1p7kakr kEtdKx cEmitX yle__article__paragraph\">Itsen\u00e4isyysp\u00e4iv\u00e4n juhlinta jatkuu t\u00e4n\u00e4\u00e4n viel\u00e4 Linnan juhlilla. P\u00e4iv\u00e4n kulkua voit seurata <a class=\"aw-iao6s4 iHOxEa yle__article__link\" href=\"https:\/\/yle.fi\/a\/74-20198227\" role=\"link\" rel=\"nofollow noopener\" target=\"_blank\">Ylen p\u00e4ivittyv\u00e4st\u00e4 artikkelista<\/a>.<\/p>\n","protected":false},"excerpt":{"rendered":"Kouvola is\u00e4nn\u00f6i t\u00e4n\u00e4\u00e4n valta\u00adkunnallista itsen\u00e4isyys\u00adp\u00e4iv\u00e4n paraatia. Avaa kuvien katselu Tuure ja Niilo Korja olivat kaluston\u00e4yttelyss\u00e4 kuljetuspanssariajoneuvon XA-360 p\u00e4\u00e4ll\u00e4.&hellip;\n","protected":false},"author":2,"featured_media":109315,"comment_status":"","ping_status":"","sticky":false,"template":"","format":"standard","meta":{"footnotes":""},"categories":[5],"tags":[22,23,26,27,33,31,30,17,7743,564,71,737,464,24,25,28,29,15,18,21,4097,19968,32,19,20,16],"class_list":{"0":"post-109314","1":"post","2":"type-post","3":"status-publish","4":"format-standard","5":"has-post-thumbnail","7":"category-otsikot","8":"tag-breaking-news","9":"tag-breakingnews","10":"tag-featured-news","11":"tag-featurednews","12":"tag-fi","13":"tag-finland","14":"tag-finnish","15":"tag-headlines","16":"tag-juhlaparaati","17":"tag-juhlat","18":"tag-kotimaa","19":"tag-kouvola","20":"tag-kymenlaakso","21":"tag-latest-news","22":"tag-latestnews","23":"tag-main-news","24":"tag-mainnews","25":"tag-news","26":"tag-otsikot","27":"tag-paauutiset","28":"tag-puolustusvoimat","29":"tag-suomen-itsenaisyyspaiva","30":"tag-suomi","31":"tag-top-stories","32":"tag-topstories","33":"tag-uutiset"},"share_on_mastodon":{"url":"https:\/\/pubeurope.com\/@fi\/115672976548002769","error":""},"_links":{"self":[{"href":"https:\/\/www.europesays.com\/fi\/wp-json\/wp\/v2\/posts\/109314","targetHints":{"allow":["GET"]}}],"collection":[{"href":"https:\/\/www.europesays.com\/fi\/wp-json\/wp\/v2\/posts"}],"about":[{"href":"https:\/\/www.europesays.com\/fi\/wp-json\/wp\/v2\/types\/post"}],"author":[{"embeddable":true,"href":"https:\/\/www.europesays.com\/fi\/wp-json\/wp\/v2\/users\/2"}],"replies":[{"embeddable":true,"href":"https:\/\/www.europesays.com\/fi\/wp-json\/wp\/v2\/comments?post=109314"}],"version-history":[{"count":0,"href":"https:\/\/www.europesays.com\/fi\/wp-json\/wp\/v2\/posts\/109314\/revisions"}],"wp:featuredmedia":[{"embeddable":true,"href":"https:\/\/www.europesays.com\/fi\/wp-json\/wp\/v2\/media\/109315"}],"wp:attachment":[{"href":"https:\/\/www.europesays.com\/fi\/wp-json\/wp\/v2\/media?parent=109314"}],"wp:term":[{"taxonomy":"category","embeddable":true,"href":"https:\/\/www.europesays.com\/fi\/wp-json\/wp\/v2\/categories?post=109314"},{"taxonomy":"post_tag","embeddable":true,"href":"https:\/\/www.europesays.com\/fi\/wp-json\/wp\/v2\/tags?post=109314"}],"curies":[{"name":"wp","href":"https:\/\/api.w.org\/{rel}","templated":true}]}}