{"id":109320,"date":"2025-12-06T14:17:08","date_gmt":"2025-12-06T14:17:08","guid":{"rendered":"https:\/\/www.europesays.com\/fi\/109320\/"},"modified":"2025-12-06T14:17:08","modified_gmt":"2025-12-06T14:17:08","slug":"prinssi-harry-ja-herttuatar-meghan-taas-kohun-keskella","status":"publish","type":"post","link":"https:\/\/www.europesays.com\/fi\/109320\/","title":{"rendered":"Prinssi Harry ja herttuatar Meghan taas kohun keskell\u00e4"},"content":{"rendered":"<p>            Ron Adar \/ M10s \/ SplashNews.com \/ AOP\n        <\/p>\n<p class=\"subtitle \">Harry ja Meghan ovat joutuneet taas tympe\u00e4n kritiikin kohteiksi.<\/p>\n<p class=\"article-content article-content-width !bg-background\">Prinssi\u00a0ja herttuatar\u00a0siirtyv\u00e4t valitettavaa vauhtia kohusta toiseen. Joulukuun alkajaisiksi katseet kohdistuivat ensin Meghaniin, jonka is\u00e4\u00a0joutui tehohoitoon.<\/p>\n<p class=\"font-weight-bold m-font-weight-bold article-content article-content-width !bg-background\">Arkistovideo: Prinssi Harryn ulkon\u00e4k\u00f6muutos puhuttaa<\/p>\n<p class=\"article-content article-content-width !bg-background\">Brittilehti <a href=\"https:\/\/www.dailymail.co.uk\/news\/article-15350373\/Meghan-Markle-father-Thomas-intensive-care-surgery.html\" target=\"_blank\" rel=\"nofollow noopener\">Daily Mail<\/a> uutisoi keskiviikkona (3.12.), ett\u00e4 81-vuotias Thomas oli ollut kolme tuntia kest\u00e4v\u00e4ss\u00e4 leikkauksessa jouduttuaan kiireellisesti sairaalaan tiistaina. Asiasta kertoi h\u00e4nen poikansa.<\/p>\n<p class=\"article-content article-content-width !bg-background\">Perjantaina <a href=\"https:\/\/www.dailymail.co.uk\/news\/article-15355653\/Thomas-Markle-loses-leg-Meghan-father-live-saving-surgery-amputate-lower-limb-blood-clot-turn-black.html\" target=\"_blank\" rel=\"nofollow noopener\">samainen lehti kertoi<\/a>, ett\u00e4 is\u00e4lt\u00e4 jouduttiin amputoimaan jalka polven alapuolelta.<\/p>\n<p class=\"article-content article-content-width !bg-background\">\u2013 Is\u00e4ni on todella rohkea. H\u00e4nen jalkater\u00e4ns\u00e4 muuttui siniseksi ja sitten mustaksi. Se tapahtui hyvin nopeasti, Thomasin poika\u00a0kertoi lehdelle.<\/p>\n<p class=\"article-content article-content-width !bg-background\">Thomasit vanhempi ja nuorempi asuvat t\u00e4t\u00e4 nyky\u00e4 Filippiineill\u00e4. Is\u00e4 erkaantui Meghanista nopeasti vuonna 2018 t\u00e4m\u00e4n avioiduttua prinssi\u00a0kanssa.<\/p>\n<p>H\u00e4t\u00e4leikkaus<\/p>\n<p class=\"article-content article-content-width !bg-background\">Nuoremman Thomasin mukaan is\u00e4n tila oli sairaalaan menness\u00e4 kriittinen.<\/p>\n<p class=\"article-content article-content-width !bg-background\">\u2013 Vein is\u00e4n kotimme l\u00e4hell\u00e4 olevaan sairaalaan, ja siell\u00e4 tehtiin useita tutkimuksia, ja l\u00e4\u00e4k\u00e4rit sanoivat h\u00e4nen henkens\u00e4 olevan vaarassa, Thomas totesi lehdelle.<\/p>\n<p class=\"article-content article-content-width !bg-background\">\u2013 He kuskasivat meid\u00e4t ambulanssilla, sireenit p\u00e4\u00e4ll\u00e4, paljon suurempaan sairaalaan kaupungin keskustassa. Is\u00e4ni on ollut h\u00e4t\u00e4leikkauksessa. Pyyd\u00e4n kaikkia maailmassa pit\u00e4m\u00e4\u00e4n h\u00e4net ajatuksissaan.<\/p>\n<p class=\"article-content article-content-width !bg-background\">Perjantaina Thomasin tila oli vakaa, mutta perhe oli silti varuillaan is\u00e4n i\u00e4n takia.<\/p>\n<p class=\"article-content article-content-width !bg-background\">Thomasin toinen tyt\u00e4r\u00a0uskoo is\u00e4n tuoreiden terveysongelmien johtuvan viime vuosien stressist\u00e4.<\/p>\n<p class=\"article-content article-content-width !bg-background\">\u2013 Is\u00e4ni on k\u00e4rsinyt kaksi syd\u00e4nkohtausta, aivohalvauksen ja maanj\u00e4ristyksen. Toivottavasti h\u00e4n selvi\u00e4\u00e4 t\u00e4st\u00e4, Samantha kommentoi Daily Mailille.<\/p>\n<p class=\"article-content article-content-width !bg-background\">Aivohalvaus vuonna 2022 vei Thomasilta puhekyvyn, joka palautui vain osittain.<\/p>\n<p>        <a itemprop=\"url\" href=\"https:\/\/www.seiska.fi\/kuninkaalliset\/raju-vaite-olen-charlesin-ja-camillan-hylatty-lapsi\/1619332\" rel=\"nofollow noopener\" target=\"_blank\"><\/p>\n<p>\nRaju v\u00e4ite!\n<\/p>\n<p class=\"section-date\">\n        <strong class=\"article-section\" data-section=\"kuninkaalliset\"><br \/>\n            kuninkaalliset<br \/>\n        <\/strong><br \/>\n        20.2. 18:00\n    <\/p>\n<p>Raju v\u00e4ite: &#8221;Olen Charlesin ja Camillan hyl\u00e4tty lapsi!&#8221;\n    <\/p>\n<p itemprop=\"description\" class=\"subtitle \">\n    Simon Charles Dorante-Day uskoo, ett\u00e4 prinssi Harry osaisi samaistua h\u00e4nen ahdinkoonsa.\n<\/p>\n<p>        <\/a><\/p>\n<p>                <img decoding=\"async\" src=\"https:\/\/www.europesays.com\/fi\/wp-content\/uploads\/2025\/12\/2012550.webp\" width=\"576\" height=\"720\" alt=\"Thomasin voinnin kerrotaan olleen heiver\u00f6inen viime vuosien ajan.\" loading=\"lazy\" \/>            <\/p>\n<p>\n            Thomasin voinnin kerrotaan olleen heiver\u00f6inen viime vuosien ajan.<br \/>\n            SANC, SCLA \/ AOP\n        <\/p>\n<p>Tyt\u00e4r pysyy erossa<\/p>\n<p class=\"article-content article-content-width !bg-background\">Meghan ei ole t\u00e4t\u00e4 nyky\u00e4 v\u00e4leiss\u00e4 is\u00e4ns\u00e4 kanssa. H\u00e4net saattoi alttarille kuningas, ja Daily Mailin mukaan Thomas ei ole koskaan edes tavannut lapsenlapsiaan, prinssi\u00a0ja prinsessa.<\/p>\n<p class=\"article-content article-content-width !bg-background\">Thomasin ollessa tehohoidossa, on prinssi Harry keskittynyt omiin t\u00f6ihins\u00e4 puhujateht\u00e4viss\u00e4 Kanadassa. Keskiviikkona Meghan puolestaan julkaisi Netflix-sarjansa joulujakson.<\/p>\n<p class=\"article-content article-content-width !bg-background\">Nuoremman Thomasin mukaan Meghan ei ole ollut yhteydess\u00e4 is\u00e4\u00e4ns\u00e4.<\/p>\n<p class=\"article-content article-content-width !bg-background\">\u2013 Ainoa toiveeni on, ett\u00e4 Meghanilla olisi my\u00f6t\u00e4tuntoa is\u00e4lleen. H\u00e4n taistelee hengest\u00e4\u00e4n, velipuoli totesi brittilehdelle.<\/p>\n<p class=\"article-content article-content-width !bg-background\">Kuninkaallisreportteri\u00a0mukaan Harry <a href=\"https:\/\/robshuter.substack.com\/p\/exclusive-harry-pushes-meghan-to\" target=\"_blank\" rel=\"nofollow noopener\">on kehottanut Meghania korjaamaan v\u00e4lit <\/a>is\u00e4\u00e4ns\u00e4 \u2013 aivan kuten h\u00e4n on pyrkinyt korjaamaan omaansa.<\/p>\n<p>        <a itemprop=\"url\" href=\"https:\/\/www.seiska.fi\/kuninkaalliset\/prinssi-harryn-ulkonako-kauhistuttaa-asiantuntijalta-armotonta-kuittailua\/1620579\" rel=\"nofollow noopener\" target=\"_blank\"><\/p>\n<p>\nAsiantuntijalta karu n\u00e4p\u00e4ytys\n<\/p>\n<p class=\"section-date\">\n        <strong class=\"article-section\" data-section=\"kuninkaalliset\"><br \/>\n            kuninkaalliset<br \/>\n        <\/strong><br \/>\n        21.2. 08:57\n    <\/p>\n<p>Prinssi Harryn ulkon\u00e4k\u00f6 kauhistuttaa \u2013 asiantuntijalta armotonta kuittailua\n    <\/p>\n<p itemprop=\"description\" class=\"subtitle \">\n    Henkil\u00f6 Harryn menneisyydest\u00e4 antaa ankaraa palautetta prinssin ulkon\u00e4\u00f6st\u00e4.\n<\/p>\n<p>        <\/a><\/p>\n<p>Harry vitsaili presidentist\u00e4<\/p>\n<p class=\"article-content article-content-width !bg-background\">Meghanin is\u00e4n terveyden ollessa kriittisess\u00e4 tilassa prinssi Harrykin on joutunut kritiikin kohteeksi.<\/p>\n<p class=\"article-content article-content-width !bg-background\">H\u00e4net n\u00e4htiin mukana\u00a0sketsiss\u00e4\u00a0Late Show\u00a0-ohjelman ohessa. <a href=\"https:\/\/www.bbc.com\/news\/articles\/cx2ejzy1ge1o\" target=\"_blank\" rel=\"nofollow noopener\">BBC:n<\/a> mukaan prinssi esitti sketsiss\u00e4 hakevansa romanttisen elokuvan &#8221;jouluprinssin&#8221; rooliin.<\/p>\n<p class=\"article-content article-content-width !bg-background\">Sketsiss\u00e4 prinssi totesi amerikkalaisilla olevan &#8221;pakkomielle kuninkaisiin&#8221; taannoisista\u00a0hallinnon vastaisista\u00a0No Kings\u00a0-mielenosoituksista huolimatta.<\/p>\n<p class=\"article-content article-content-width !bg-background\">\u2013 Nauhoitan self-tapen, lenn\u00e4t\u00e4n itseni koekuvauksiin, sovittelen k\u00e4rjett\u00f6m\u00e4n haastehakemuksen valkoisen talon kanssa \u2013 teen kaiken, mit\u00e4 te TV-ihmiset teette, prinssi totesi sketsiss\u00e4.<\/p>\n<p class=\"article-content article-content-width !bg-background\">Brittimedia katsoo, ett\u00e4 Harry referoi sketsiss\u00e4 Stephen Colbertin talkshow&#8217;n ensi vuonna h\u00e4\u00e4m\u00f6tt\u00e4v\u00e4\u00e4 lakkautusta ja vitsaili Trumpista.<\/p>\n<p>        <a itemprop=\"url\" href=\"https:\/\/www.seiska.fi\/kuninkaalliset\/nyt-se-on-selvaa-prinssi-harryn-ulkonakomuutos-ei-jaa-enaa-huomaamatta\/1963245\" rel=\"nofollow noopener\" target=\"_blank\"><\/p>\n<p>\nTuoreet kuvat paljastavat:\n<\/p>\n<p class=\"section-date\">\n        <strong class=\"article-section\" data-section=\"kuninkaalliset\"><br \/>\n            kuninkaalliset<br \/>\n        <\/strong><br \/>\n        17.10. 07:30\n    <\/p>\n<p>Nyt se on selv\u00e4\u00e4: Prinssi Harryn ulkon\u00e4k\u00f6muutos ei j\u00e4\u00e4 en\u00e4\u00e4 huomaamatta\n    <\/p>\n<p itemprop=\"description\" class=\"subtitle \">\n    Prinssin tukkageeni on ottanut ylivallan.\n<\/p>\n<p>        <\/a><\/p>\n<p>Asiantuntijalta t\u00e4ystyrm\u00e4ys<\/p>\n<p class=\"article-content article-content-width !bg-background\"><a href=\"https:\/\/www.dailymail.co.uk\/news\/article-15352667\/Prince-Harry-Trump-Colbert-cringeworthy-Late-embarrassment.html\" target=\"_blank\" rel=\"nofollow noopener\">Daily Mailin<\/a> mukaan vitsit eiv\u00e4t toimineet toivotulla tavalla, ja lehden haastattelema PR-guru\u00a0katsoo sen olleen nolo.<\/p>\n<p class=\"article-content article-content-width !bg-background\">\u2013 Harryn Colbert-sketsi ei ollut nolo siksi, ett\u00e4 h\u00e4n tavoittelee jenkkijulkisuutta, vaan se oli nolo siksi, ett\u00e4 h\u00e4n tekee sen huonosti, PR-osaaja toteaa.<\/p>\n<p class=\"article-content article-content-width !bg-background\">\u2013 H\u00e4n nojaa samaan, v\u00e4syneeseen &#8221;olen prinssi, mutta en sellainen prinssi&#8221; -vitsiin, kuin se olisi itsens\u00e4 v\u00e4heksymist\u00e4 ja pesisi monarkiaa pois h\u00e4nest\u00e4. Niin ei tapahdu. Amerikassa h\u00e4nen hienoutensa h\u00e4visi sill\u00e4 hetkell\u00e4, kun Netflix menetti mielenkiintonsa h\u00e4neen, h\u00e4n jatkaa.<\/p>\n<p class=\"article-content article-content-width !bg-background\">Markin mukaan Harry on p\u00e4\u00e4tynyt &#8221;identiteettityhji\u00f6\u00f6n&#8221; luovuttuaan kuninkaallisuudesta.<\/p>\n<p class=\"article-content article-content-width !bg-background\">\u2013 Jokainen sketsi, jokainen podcast-vierailu, jokainen kansaa miellytt\u00e4v\u00e4 viisastelu on yritys luoda persoona, jota yleis\u00f6 ei koskaan halunnut, h\u00e4n toteaa.<\/p>\n<p class=\"article-content article-content-width !bg-background\">\u2013 Siit\u00e4 on tullut v\u00e4h\u00e4n janoisaa. Juhlakierrokset, strategiset k\u00e4ttelyt. N\u00e4ytt\u00e4\u00e4 silt\u00e4, ett\u00e4 h\u00e4n n\u00e4kee kuuluisuuden Instagram-videoiden l\u00e4pi. Kuuluisia ei haittaa tulla mollatuiksi, he pelk\u00e4\u00e4v\u00e4t j\u00e4\u00e4d\u00e4 huomiotta. Harry luistelee huolestuttavan l\u00e4hell\u00e4 j\u00e4lkimm\u00e4ist\u00e4.<\/p>\n<p>        <a itemprop=\"url\" href=\"https:\/\/www.seiska.fi\/katso\/harryn-ja-meghanin-ero-kiinnostaa-netflixia\/1661770\" rel=\"nofollow noopener\" target=\"_blank\"><\/p>\n<p>\nHarry ja Meghan\n<\/p>\n<p class=\"section-date\">\n        <strong class=\"article-section\" data-section=\"katso\"><br \/>\n            katso<br \/>\n        <\/strong><br \/>\n        1.4. 16:15\n    <\/p>\n<p>Harryn ja Meghanin ero kiinnostaa Netflixi\u00e4\n    <\/p>\n<p itemprop=\"description\" class=\"subtitle \">\n    Onko suoratoistopalveluj\u00e4till\u00e4 taka-ajatuksia Sussexin herttuaparin varalle?\n<\/p>\n<p>        <\/a><\/p>\n","protected":false},"excerpt":{"rendered":"Ron Adar \/ M10s \/ SplashNews.com \/ AOP Harry ja Meghan ovat joutuneet taas tympe\u00e4n kritiikin kohteiksi. Prinssi\u00a0ja&hellip;\n","protected":false},"author":2,"featured_media":109321,"comment_status":"","ping_status":"","sticky":false,"template":"","format":"standard","meta":{"footnotes":""},"categories":[130],"tags":[1418,137,33,31,30,1383,212,1416,1304,20436,32,20437,167,20335,20337,109],"class_list":{"0":"post-109320","1":"post","2":"type-post","3":"status-publish","4":"format-standard","5":"has-post-thumbnail","7":"category-viihde","8":"tag-britannian-kuninkaallinen-perhe","9":"tag-entertainment","10":"tag-fi","11":"tag-finland","12":"tag-finnish","13":"tag-herttuatar-meghan","14":"tag-lifestyle","15":"tag-prinssi-harry","16":"tag-sairaala","17":"tag-stephen-colbert","18":"tag-suomi","19":"tag-tehohoito","20":"tag-terveys","21":"tag-thomas-markle","22":"tag-thomas-markle-jr","23":"tag-viihde"},"share_on_mastodon":{"url":"https:\/\/pubeurope.com\/@fi\/115673054984028813","error":""},"_links":{"self":[{"href":"https:\/\/www.europesays.com\/fi\/wp-json\/wp\/v2\/posts\/109320","targetHints":{"allow":["GET"]}}],"collection":[{"href":"https:\/\/www.europesays.com\/fi\/wp-json\/wp\/v2\/posts"}],"about":[{"href":"https:\/\/www.europesays.com\/fi\/wp-json\/wp\/v2\/types\/post"}],"author":[{"embeddable":true,"href":"https:\/\/www.europesays.com\/fi\/wp-json\/wp\/v2\/users\/2"}],"replies":[{"embeddable":true,"href":"https:\/\/www.europesays.com\/fi\/wp-json\/wp\/v2\/comments?post=109320"}],"version-history":[{"count":0,"href":"https:\/\/www.europesays.com\/fi\/wp-json\/wp\/v2\/posts\/109320\/revisions"}],"wp:featuredmedia":[{"embeddable":true,"href":"https:\/\/www.europesays.com\/fi\/wp-json\/wp\/v2\/media\/109321"}],"wp:attachment":[{"href":"https:\/\/www.europesays.com\/fi\/wp-json\/wp\/v2\/media?parent=109320"}],"wp:term":[{"taxonomy":"category","embeddable":true,"href":"https:\/\/www.europesays.com\/fi\/wp-json\/wp\/v2\/categories?post=109320"},{"taxonomy":"post_tag","embeddable":true,"href":"https:\/\/www.europesays.com\/fi\/wp-json\/wp\/v2\/tags?post=109320"}],"curies":[{"name":"wp","href":"https:\/\/api.w.org\/{rel}","templated":true}]}}