{"id":109323,"date":"2025-12-06T14:21:07","date_gmt":"2025-12-06T14:21:07","guid":{"rendered":"https:\/\/www.europesays.com\/fi\/109323\/"},"modified":"2025-12-06T14:21:07","modified_gmt":"2025-12-06T14:21:07","slug":"valko-venajalta-tulevat-ilmapallot-sekoittivat-lentoliikenteen-liettua-harkitsee-hatatilaa","status":"publish","type":"post","link":"https:\/\/www.europesays.com\/fi\/109323\/","title":{"rendered":"Valko-Ven\u00e4j\u00e4lt\u00e4 tulevat ilmapallot sekoittivat lentoliikenteen \u2013 Liettua harkitsee h\u00e4t\u00e4tilaa"},"content":{"rendered":"<p class=\"ai-optimize-6 ai-optimize-introduction\">Liettua harkitsee koko maata koskevan h\u00e4t\u00e4tilan julistamista Valko-Ven\u00e4j\u00e4lt\u00e4 Liettuaan kulkeutuvien salakuljetusilmapallojen kasvaneen m\u00e4\u00e4r\u00e4n vuoksi. Asiasta kertoi maan yleisradioyhti\u00f6 <a href=\"https:\/\/www.lrt.lt\/en\/news-in-english\/19\/2766110\/lithuania-plans-emergency-declaration-over-belarus-smuggler-balloons\" target=\"_blank\" rel=\"noopener nofollow\">LRT<\/a>. Salakuljettavat tuovat median mukaan ilmapallojen kyydiss\u00e4 maahan tupakkatuotteita.<\/p>\n<p class=\"ai-optimize-7\">Sis\u00e4ministeri\u00f6n mukaan t\u00e4n\u00e4 vuonna Liettuan ilmatilaan sen it\u00e4rajan yli on lent\u00e4nyt 599 salakuljetuspalloa ja 197 droonia. T\u00e4m\u00e4 on aiheuttanut 320 lennon h\u00e4iriintymisen, mik\u00e4 on koskettanut noin 47 000 matkustajaa ja aiheuttanut l\u00e4hes 60 tunnin verran lentokenttien sulkuja.<\/p>\n<p class=\"ai-optimize-8\">Erityisesti Vilnan lentoasema on joutunut keskeytt\u00e4m\u00e4\u00e4n toimintansa toistuvasti. Maan p\u00e4\u00e4kaupunki Vilna sijaitsee noin 30 kilometrin p\u00e4\u00e4ss\u00e4 Valko-Ven\u00e4j\u00e4n rajasta.<\/p>\n<p class=\"ai-optimize-9\">Hallitus voi julistaa h\u00e4t\u00e4tilan, kun tapahtuma t\u00e4ytt\u00e4\u00e4 viralliset kriteerit v\u00e4hint\u00e4\u00e4n kahdessa kunnassa tai kun kuntatason h\u00e4t\u00e4tila kest\u00e4\u00e4 yli vuoden tai vaatii ulkopuolisia resursseja. Maan oppositio on vaatinut viel\u00e4 j\u00e4re\u00e4mp\u00e4\u00e4 toimenpidett\u00e4 eli poikkeustilan julistamista.<\/p>\n<p>P\u00e4\u00e4ministeri: Toiminta voidaan tulkita terrorismiksi<\/p>\n<p class=\"ai-optimize-11\"><a href=\"https:\/\/www.lrt.lt\/en\/news-in-english\/19\/2765280\/lithuanian-pm-belarus-actions-could-be-recognised-as-terrorism\" target=\"_blank\" rel=\"noopener nofollow\">Torstaina<\/a> Liettuan p\u00e4\u00e4ministeri <strong>Inga Ruginien\u0117<\/strong> totesi, ett\u00e4 toiminta voisi t\u00e4ytt\u00e4\u00e4 terrorismin tunnusmerkit.<\/p>\n<p class=\"ai-optimize-12\">\u2013 On mahdotonta hyv\u00e4ksy\u00e4, ett\u00e4 Valko-Ven\u00e4j\u00e4 pit\u00e4\u00e4 kuljetusyritystemme kuorma-autoja panttivankeina, ett\u00e4 sen puolelta tulee ilmapalloja ja kohti strategisia laitoksiamme ja kohteitamme, t\u00e4ss\u00e4 tapauksessa lentokentt\u00e4\u00e4, Ruginien\u0117 sanoi.<\/p>\n<p class=\"ai-optimize-13\">\u2013 Puhumme ilmailun turvallisuudesta ja kansainv\u00e4lisest\u00e4 oikeudesta sek\u00e4 siit\u00e4, ett\u00e4 t\u00e4llaiset toimet voitaisiin tunnistaa terrorismiksi.<\/p>\n<p class=\"ai-optimize-14\">H\u00e4nen mukaansa Liettua on saanut asiassa tukea Yhdysvalloilta, ja maan asevoimat testaavat parhaillaan uusia keinoja ilmatilan suojaamiseksi. Vilnan lentoasema jouduttiin sulkemaan keskiviikkoiltana ja torstaiaamuna useita kertoja havaittujen pallojen vuoksi.<\/p>\n<p class=\"ai-optimize-15\"><a href=\"https:\/\/www.lrt.lt\/en\/news-in-english\/19\/2727131\/lithuania-closes-border-with-belarus-over-hybrid-attack\" target=\"_blank\" rel=\"noopener nofollow\">Lokakuun lopulla Liettua sulki viimeisetkin rajanylityspaikkansa<\/a> Valko-Ven\u00e4j\u00e4lle vastauksena pallojen aiheuttamille h\u00e4iri\u00f6ille. Hallitus luonnehti tuolloin toimintaa \u201dhybridiuhkaksi\u201d.<\/p>\n","protected":false},"excerpt":{"rendered":"Liettua harkitsee koko maata koskevan h\u00e4t\u00e4tilan julistamista Valko-Ven\u00e4j\u00e4lt\u00e4 Liettuaan kulkeutuvien salakuljetusilmapallojen kasvaneen m\u00e4\u00e4r\u00e4n vuoksi. Asiasta kertoi maan yleisradioyhti\u00f6&hellip;\n","protected":false},"author":2,"featured_media":109324,"comment_status":"","ping_status":"","sticky":false,"template":"","format":"standard","meta":{"footnotes":""},"categories":[14],"tags":[22,23,26,27,33,31,30,17,24,25,8251,28,29,15,18,21,32,19,20,56,16,3194,59,60,61],"class_list":{"0":"post-109323","1":"post","2":"type-post","3":"status-publish","4":"format-standard","5":"has-post-thumbnail","7":"category-ulkomaat","8":"tag-breaking-news","9":"tag-breakingnews","10":"tag-featured-news","11":"tag-featurednews","12":"tag-fi","13":"tag-finland","14":"tag-finnish","15":"tag-headlines","16":"tag-latest-news","17":"tag-latestnews","18":"tag-liettua","19":"tag-main-news","20":"tag-mainnews","21":"tag-news","22":"tag-otsikot","23":"tag-paauutiset","24":"tag-suomi","25":"tag-top-stories","26":"tag-topstories","27":"tag-ulkomaat","28":"tag-uutiset","29":"tag-valko-venaja","30":"tag-world","31":"tag-world-news","32":"tag-worldnews"},"share_on_mastodon":{"url":"https:\/\/pubeurope.com\/@fi\/115673070661962196","error":""},"_links":{"self":[{"href":"https:\/\/www.europesays.com\/fi\/wp-json\/wp\/v2\/posts\/109323","targetHints":{"allow":["GET"]}}],"collection":[{"href":"https:\/\/www.europesays.com\/fi\/wp-json\/wp\/v2\/posts"}],"about":[{"href":"https:\/\/www.europesays.com\/fi\/wp-json\/wp\/v2\/types\/post"}],"author":[{"embeddable":true,"href":"https:\/\/www.europesays.com\/fi\/wp-json\/wp\/v2\/users\/2"}],"replies":[{"embeddable":true,"href":"https:\/\/www.europesays.com\/fi\/wp-json\/wp\/v2\/comments?post=109323"}],"version-history":[{"count":0,"href":"https:\/\/www.europesays.com\/fi\/wp-json\/wp\/v2\/posts\/109323\/revisions"}],"wp:featuredmedia":[{"embeddable":true,"href":"https:\/\/www.europesays.com\/fi\/wp-json\/wp\/v2\/media\/109324"}],"wp:attachment":[{"href":"https:\/\/www.europesays.com\/fi\/wp-json\/wp\/v2\/media?parent=109323"}],"wp:term":[{"taxonomy":"category","embeddable":true,"href":"https:\/\/www.europesays.com\/fi\/wp-json\/wp\/v2\/categories?post=109323"},{"taxonomy":"post_tag","embeddable":true,"href":"https:\/\/www.europesays.com\/fi\/wp-json\/wp\/v2\/tags?post=109323"}],"curies":[{"name":"wp","href":"https:\/\/api.w.org\/{rel}","templated":true}]}}