{"id":109325,"date":"2025-12-06T14:22:10","date_gmt":"2025-12-06T14:22:10","guid":{"rendered":"https:\/\/www.europesays.com\/fi\/109325\/"},"modified":"2025-12-06T14:22:10","modified_gmt":"2025-12-06T14:22:10","slug":"bella-forsgren-astelee-linnan-juhliin-yllattava-materiaali-yllaan-katso-kuvat-nayttavasta-mekosta","status":"publish","type":"post","link":"https:\/\/www.europesays.com\/fi\/109325\/","title":{"rendered":"Bella Forsgr\u00e9n astelee Linnan juhliin yll\u00e4tt\u00e4v\u00e4 materiaali yll\u00e4\u00e4n \u2013 Katso kuvat n\u00e4ytt\u00e4v\u00e4st\u00e4 mekosta"},"content":{"rendered":"<p>Kansanedustaja Bella Forsgr\u00e9n suosii kierr\u00e4tysmateriaaleja mekossaan.<\/p>\n<p><img decoding=\"async\" class=\"image image-show image-preview\" src=\"https:\/\/www.europesays.com\/fi\/wp-content\/uploads\/2025\/12\/92f1e64eb2b06f3fc7c966d96ae6fd62ba022fa967336a31277fa62783b90ff5.jpg\" alt=\"\"\/><img decoding=\"async\" class=\"image image-show\" src=\"https:\/\/www.europesays.com\/fi\/wp-content\/uploads\/2025\/12\/1765030930_397_92f1e64eb2b06f3fc7c966d96ae6fd62ba022fa967336a31277fa62783b90ff5.jpg\" alt=\"\"\/><\/p>\n<p>Bella Forsgr\u00e9n on luottanut kierr\u00e4tysmateriaaleihin mekossaan. Federico Cabrera<\/p>\n<p class=\"paragraph\">Kansanedustaja <a href=\"https:\/\/www.iltalehti.fi\/henkilot\/Bella Forsgr\u00e9n\" class=\"article-link-person-page\" rel=\"nofollow noopener\" target=\"_blank\">Bella Forsgr\u00e9n<\/a> pukeutuu t\u00e4n\u00e4 vuonna Linnan juhliin asuun, jonka materiaali saattaa yll\u00e4tt\u00e4\u00e4. <strong>Sarianna Niskalan<\/strong> suunnittelema mekko on tehty Lounais-Suomen j\u00e4tehuollosta saaduista vanhoista tekstiileist\u00e4.<\/p>\n<p class=\"paragraph\">\u2013 Haluamme tuoda sill\u00e4 n\u00e4kyv\u00e4ksi kierr\u00e4tystekstiilin arvon, mutta my\u00f6s sen, miten kaunista vanha suomalainen tekstiili on, Forsgr\u00e9n sanoo.<\/p>\n<p class=\"paragraph\">Forsgr\u00e9n ja Niskala l\u00e4htiv\u00e4t siis miettim\u00e4\u00e4n, miten tehd\u00e4 kaunis ja itsen\u00e4isyysp\u00e4iv\u00e4\u00e4 juhlistava mekko vanhasta suomalaisesta pitsilakanasta, pellavap\u00f6yt\u00e4liinasta ja muista tekstiileist\u00e4.<\/p>\n<p class=\"paragraph\">Niskala on tehnyt ty\u00f6t\u00e4 mekon eteen y\u00f6t\u00e4 p\u00e4iv\u00e4\u00e4.<\/p>\n<p class=\"paragraph\">\u2013 H\u00e4nell\u00e4 on \u00e4\u00e4ret\u00f6nt\u00e4 tarmokkuutta luoda siit\u00e4 jotain ainutlaatuista, Forsgr\u00e9n kehuu kiitollisena.<\/p>\n<p class=\"paragraph\">Forsgr\u00e9n kertoo, ett\u00e4 mekon pintaan ilmestyy pitk\u00e4j\u00e4nteisell\u00e4 tekniikalla ommeltu kuvio.  Mekkoon on k\u00e4ytetty Chenille-ompelu- ja\u00a0leikkuutekniikkaa.<\/p>\n<p class=\"paragraph\">\u2013 Kangasta on 4 kerrosta ja jokainen kuviokohta on t\u00e4ytynyt ommella sek\u00e4 leikata yksitellen. Lopputulos on kuin aaltomaista liikkeit\u00e4, Forsgr\u00e9n kuvaa.<\/p>\n<p>Bella Forsgr\u00e9nin mekko on syntynyt Chenille-tekniikalla. Federico Carbera<\/p>\n<p>Vanhojen asioiden yst\u00e4v\u00e4<\/p>\n<p class=\"paragraph\">Forsgr\u00e9nin innostus vanhojen tekstiilien hy\u00f6dynt\u00e4miseen juontaa juurensa h\u00e4nen lapsuudenmuistoihinsa isovanhempien, erityisesti <strong>Vieno<\/strong>-mummin kanssa.<\/p>\n<p class=\"paragraph\">\u2013  H\u00e4nell\u00e4 oli tapana vied\u00e4 minut kangaskauppaan, jossa sain aina valita kankaan, josta h\u00e4n aina ompeli kes\u00e4n lempihameen tai -mekon, Forsgr\u00e9n sanoo.<\/p>\n<p class=\"paragraph\">Forsgr\u00e9n tunnustautuu ihmiseksi, joka rakastaa kaikkea vanhaa.<\/p>\n<p class=\"paragraph\">\u2013 Jos vaikka vierailisi minun kotonani, sinne sopisi juuri vanha pellavaliina, Forsgr\u00e9n naurahtaa.<\/p>\n<p class=\"paragraph\">\u2013 Se on my\u00f6s esteettisesti mielest\u00e4ni kaunista maailmaa.<\/p>\n<p>Bella Forsgr\u00e9n tunnustautuu vanhojen asioiden arvostajaksi. Federico Cabrera<\/p>\n<p>Kotimaisuus korostuu<\/p>\n<p class=\"paragraph\">Kotimaisuus n\u00e4kyy Forsgr\u00e9nin tyyliss\u00e4 muutenkin itsen\u00e4isyysp\u00e4iv\u00e4n\u00e4. Niskalan lis\u00e4ksi asukokonaisuuteen on vaikuttanut vaatturi <strong>Ilkka Salakari<\/strong>, jonka k\u00e4sialaa on mekon alla oleva korsetti. Stylisti <strong>Meri Milash<\/strong> taas on tehnyt yhteisty\u00f6t\u00e4 Forsgr\u00e9nin kanssa jo nelj\u00e4n vuoden ajan.<\/p>\n<p class=\"paragraph\">Korut tulevat Kalevalalta, laukku Pihka-merkilt\u00e4 ja keng\u00e4t ovat <a href=\"https:\/\/www.iltalehti.fi\/henkilot\/Minna Parikka\" class=\"article-link-person-page\" rel=\"nofollow noopener\" target=\"_blank\">Minna Parikan<\/a> Minnaminna-mallistosta.<\/p>\n<p class=\"paragraph\">\u2013 Tiedet\u00e4\u00e4n, kuinka haastavia aikoja suomalaisilla vaatemerkeill\u00e4 on ollut. Arvostetaan my\u00f6s itsen\u00e4isyysp\u00e4iv\u00e4n alla suomalaista ty\u00f6t\u00e4, suunnittelua ja ompelutaitoa, Forsgr\u00e9n linjaa.<\/p>\n<p class=\"paragraph\">Juhlien j\u00e4lkeen mekko menee suomalaiselle Vaatepuu-vaatelainaamolle<\/p>\n<p class=\"paragraph\">\u2013 Jokaisiin Linnan juhliin olen tilannut mekon, mutta minulle on tosi t\u00e4rke\u00e4\u00e4, etteiv\u00e4t ne j\u00e4\u00e4 vaatekomeroon moniksi vuosiksi k\u00e4ytt\u00e4m\u00e4tt\u00f6m\u00e4ksi, vaan l\u00f6yt\u00e4v\u00e4t uusia k\u00e4ytt\u00f6kertoja, Forsgr\u00e9n perustelee.<\/p>\n<p class=\"paragraph\">My\u00f6s Forsgr\u00e9nilla on aiempiin mekkoihinsa ikuinen lainaoikeus.<\/p>\n<p class=\"paragraph\">\u2013 Jos vaikka itsekin innostun niit\u00e4 viel\u00e4 k\u00e4ytt\u00e4m\u00e4\u00e4n, niin on t\u00e4llainen mahdollisuus.<\/p>\n<p>Bella Forsgr\u00e9n luottaa kotimaisuuteen asussaan. Federico Cabrera<\/p>\n<p class=\"paragraph\">Stylisti: Meri Milash<\/p>\n<p class=\"paragraph\">Meikki: Jennifer Appleton<\/p>\n<p class=\"paragraph\">Kampaus: Meron Laine<\/p>\n","protected":false},"excerpt":{"rendered":"Kansanedustaja Bella Forsgr\u00e9n suosii kierr\u00e4tysmateriaaleja mekossaan. Bella Forsgr\u00e9n on luottanut kierr\u00e4tysmateriaaleihin mekossaan. Federico Cabrera Kansanedustaja Bella Forsgr\u00e9n pukeutuu&hellip;\n","protected":false},"author":2,"featured_media":109326,"comment_status":"","ping_status":"","sticky":false,"template":"","format":"standard","meta":{"footnotes":""},"categories":[12],"tags":[35,22,23,2110,26,27,33,31,30,876,17,2351,24,25,28,29,106,3013,15,18,21,32,19,20,16,2350],"class_list":{"0":"post-109325","1":"post","2":"type-post","3":"status-publish","4":"format-standard","5":"has-post-thumbnail","7":"category-suomi","8":"tag-24h","9":"tag-breaking-news","10":"tag-breakingnews","11":"tag-elamantapa-ja-vapaa-aika","12":"tag-featured-news","13":"tag-featurednews","14":"tag-fi","15":"tag-finland","16":"tag-finnish","17":"tag-fyysinen-kauneus","18":"tag-headlines","19":"tag-kengat-ja-asusteet","20":"tag-latest-news","21":"tag-latestnews","22":"tag-main-news","23":"tag-mainnews","24":"tag-muoti","25":"tag-muotisuunnittelu","26":"tag-news","27":"tag-otsikot","28":"tag-paauutiset","29":"tag-suomi","30":"tag-top-stories","31":"tag-topstories","32":"tag-uutiset","33":"tag-vaatekappaleet"},"share_on_mastodon":{"url":"https:\/\/pubeurope.com\/@fi\/115673074886840255","error":""},"_links":{"self":[{"href":"https:\/\/www.europesays.com\/fi\/wp-json\/wp\/v2\/posts\/109325","targetHints":{"allow":["GET"]}}],"collection":[{"href":"https:\/\/www.europesays.com\/fi\/wp-json\/wp\/v2\/posts"}],"about":[{"href":"https:\/\/www.europesays.com\/fi\/wp-json\/wp\/v2\/types\/post"}],"author":[{"embeddable":true,"href":"https:\/\/www.europesays.com\/fi\/wp-json\/wp\/v2\/users\/2"}],"replies":[{"embeddable":true,"href":"https:\/\/www.europesays.com\/fi\/wp-json\/wp\/v2\/comments?post=109325"}],"version-history":[{"count":0,"href":"https:\/\/www.europesays.com\/fi\/wp-json\/wp\/v2\/posts\/109325\/revisions"}],"wp:featuredmedia":[{"embeddable":true,"href":"https:\/\/www.europesays.com\/fi\/wp-json\/wp\/v2\/media\/109326"}],"wp:attachment":[{"href":"https:\/\/www.europesays.com\/fi\/wp-json\/wp\/v2\/media?parent=109325"}],"wp:term":[{"taxonomy":"category","embeddable":true,"href":"https:\/\/www.europesays.com\/fi\/wp-json\/wp\/v2\/categories?post=109325"},{"taxonomy":"post_tag","embeddable":true,"href":"https:\/\/www.europesays.com\/fi\/wp-json\/wp\/v2\/tags?post=109325"}],"curies":[{"name":"wp","href":"https:\/\/api.w.org\/{rel}","templated":true}]}}