{"id":109327,"date":"2025-12-06T14:23:18","date_gmt":"2025-12-06T14:23:18","guid":{"rendered":"https:\/\/www.europesays.com\/fi\/109327\/"},"modified":"2025-12-06T14:23:18","modified_gmt":"2025-12-06T14:23:18","slug":"itsenaisyyspaivan-paraati-kouvolassa-2025-katso-kuvagalleria-tapahtumasta","status":"publish","type":"post","link":"https:\/\/www.europesays.com\/fi\/109327\/","title":{"rendered":"Itsen\u00e4isyysp\u00e4iv\u00e4n paraati Kouvolassa 2025: katso kuvagalleria tapahtumasta"},"content":{"rendered":"<p>Puolustusvoimat j\u00e4rjesti itsen\u00e4isyysp\u00e4iv\u00e4n paraatin t\u00e4n\u00e4 vuonna Kouvolassa.<\/p>\n<p class=\"article-body mb-nof-24 px-nof-16\">Puolustusvoimat j\u00e4rjesti 6. joulukuuta itsen\u00e4isyysp\u00e4iv\u00e4n valtakunnallisen paraatin. T\u00e4n\u00e4 vuonna juhlaparaati j\u00e4rjestettiin Kouvolassa, ja sen teemana oli Puolustamme Suomea yhdess\u00e4. Paraatin j\u00e4rjestelyist\u00e4 vastaa Karjalan prikaati ja musiikista Rakuunasoittokunta.<\/p>\n<p class=\"article-body mb-nof-24 px-nof-16\">108-vuotiasta Suomea juhlistava Puolustusvoimien tapahtuma j\u00e4rjestettiin Kouvolan pes\u00e4pallostadionilla kello 12 alkaen. Ennen paraatiosuutta Kouvolassa on j\u00e4rjestetty aamulla lipunnosto, seppeleenlasku ja jumalanpalvelus.<\/p>\n<p class=\"article-body mb-nof-24 px-nof-16\">Katso alta kuvat paraatip\u00e4iv\u00e4n tunnelmista.<\/p>\n<p><img decoding=\"async\" src=\"https:\/\/www.europesays.com\/fi\/wp-content\/uploads\/2025\/12\/1765030990_409_468.jpg\" alt=\"Virallinen paraatiosuus alkoi kahdeltatoista p\u00e4iv\u00e4ll\u00e4. Ennen sen alkua ihmisi\u00e4 oli jo ker\u00e4\u00e4ntynyt katsomaan Puolustusvoimien kaluston\u00e4yttely\u00e4.\" class=\"_Img_1rerz_1\" style=\"aspect-ratio:1.5347721822541966\" loading=\"eager\"\/><\/p>\n<p class=\"article-picture-caption\">Virallinen paraatiosuus alkoi kahdeltatoista p\u00e4iv\u00e4ll\u00e4. Ennen sen alkua ihmisi\u00e4 oli jo ker\u00e4\u00e4ntynyt katsomaan Puolustusvoimien kaluston\u00e4yttely\u00e4. Kuva:\u00a0Sasu Jarnstedt<\/p>\n<p><img decoding=\"async\" src=\"https:\/\/www.europesays.com\/fi\/wp-content\/uploads\/2025\/12\/1765030990_372_468.jpg\" alt=\"Paraatin seuraamisen ohella yleis\u00f6 p\u00e4\u00e4si tutustumaan Puolustusvoimien ja muiden viranomaisten kalustoon ja toimintaan Sumulaaksossa. N\u00e4yttely on ollut yleis\u00f6lle auki aamuyhdeks\u00e4st\u00e4 nelj\u00e4\u00e4n iltap\u00e4iv\u00e4ll\u00e4.\" class=\"_Img_1rerz_1\" style=\"aspect-ratio:1.5\" loading=\"eager\"\/><\/p>\n<p class=\"article-picture-caption\">Paraatin seuraamisen ohella yleis\u00f6 p\u00e4\u00e4si tutustumaan Puolustusvoimien ja muiden viranomaisten kalustoon ja toimintaan Sumulaaksossa. N\u00e4yttely on ollut yleis\u00f6lle auki aamuyhdeks\u00e4st\u00e4 nelj\u00e4\u00e4n iltap\u00e4iv\u00e4ll\u00e4. Kuva:\u00a0Sasu Jarnstedt<\/p>\n<p class=\"article-body mb-nof-24 px-nof-16\">Juhlap\u00e4iv\u00e4n virallinen ohjelmaosuus alkoi sumuisissa tunnelmissa Kouvolan pes\u00e4pallostadionilta.<\/p>\n<p class=\"article-body mb-nof-24 px-nof-16\">Ensimm\u00e4isen\u00e4 vuorossa oli paraatikatselmus. Sen suoritti kenraaliluutnantti <a class=\"article-personlink\" href=\"https:\/\/www.is.fi\/haku\/?query=Kim%20J%C3%A4%C3%A4meri\" rel=\"nofollow noopener\" target=\"_blank\">Kim J\u00e4\u00e4meri<\/a> (kesk.), joka on Suomen sotilasedustaja EU:ssa ja Natossa. J\u00e4\u00e4meri otti my\u00f6s vastaan paraatin ohimarssin.<\/p>\n<p><img decoding=\"async\" src=\"https:\/\/www.europesays.com\/fi\/wp-content\/uploads\/2025\/12\/1765030991_992_468.jpg\" alt=\"Kenraaliluutnantti Kim J\u00e4\u00e4meri (kesk.) valmistautui paraatikatselmukseen.\" class=\"_Img_1rerz_1\" style=\"aspect-ratio:1.5\" loading=\"eager\"\/><\/p>\n<p class=\"article-picture-caption\">Kenraaliluutnantti Kim J\u00e4\u00e4meri (kesk.) valmistautui paraatikatselmukseen. Kuva:\u00a0Sasu Jarnstedt<\/p>\n<p><img decoding=\"async\" src=\"https:\/\/www.europesays.com\/fi\/wp-content\/uploads\/2025\/12\/1765030991_532_468.jpg\" alt=\"Paraatijoukot ryhmittyiv\u00e4t valmiiksi riviin Kouvolan pes\u00e4pallostadionille kello 11.30 alkaen.\" class=\"_Img_1rerz_1\" style=\"aspect-ratio:1.6580310880829014\" loading=\"eager\"\/><\/p>\n<p class=\"article-picture-caption\">Paraatijoukot ryhmittyiv\u00e4t valmiiksi riviin Kouvolan pes\u00e4pallostadionille kello 11.30 alkaen. Kuva:\u00a0Sasu Jarnstedt<\/p>\n<p><img decoding=\"async\" src=\"https:\/\/www.europesays.com\/fi\/wp-content\/uploads\/2025\/12\/1765030992_175_468.jpg\" alt=\"\" class=\"_Img_1rerz_1\" style=\"aspect-ratio:1.5\" loading=\"eager\"\/><img decoding=\"async\" src=\"https:\/\/www.europesays.com\/fi\/wp-content\/uploads\/2025\/12\/1765030992_833_468.jpg\" alt=\"Suomenliput liehuivat paraatikatselmuksessa itsen\u00e4isen Suomen kunniaksi.\" class=\"_Img_1rerz_1\" style=\"aspect-ratio:1.5\" loading=\"eager\"\/><\/p>\n<p class=\"article-picture-caption\">Suomenliput liehuivat paraatikatselmuksessa itsen\u00e4isen Suomen kunniaksi. Kuva:\u00a0Sasu Jarnstedt<\/p>\n<p><img decoding=\"async\" src=\"https:\/\/www.europesays.com\/fi\/wp-content\/uploads\/2025\/12\/1765030992_887_468.jpg\" alt=\"Puolustusvoimat jakoi yleis\u00f6lle Suomen lippuja ennen paraatin alkua.\" class=\"_Img_1rerz_1\" style=\"aspect-ratio:1.5\" loading=\"eager\"\/><\/p>\n<p class=\"article-picture-caption\">Puolustusvoimat jakoi yleis\u00f6lle Suomen lippuja ennen paraatin alkua. Kuva:\u00a0Sasu Jarnstedt<\/p>\n<p><img decoding=\"async\" src=\"https:\/\/www.europesays.com\/fi\/wp-content\/uploads\/2025\/12\/1765030993_267_468.jpg\" alt=\"Yleis\u00f6\u00e4 oli saapunut jo paikalle ennen Puolustusvoimien itsen\u00e4isyysp\u00e4iv\u00e4n valtakunnallista paraatia. Tapahtumaan oli kaikille avoin p\u00e4\u00e4sy.\" class=\"_Img_1rerz_1\" style=\"aspect-ratio:1.5\" loading=\"eager\"\/><\/p>\n<p class=\"article-picture-caption\">Yleis\u00f6\u00e4 oli saapunut jo paikalle ennen Puolustusvoimien itsen\u00e4isyysp\u00e4iv\u00e4n valtakunnallista paraatia. Tapahtumaan oli kaikille avoin p\u00e4\u00e4sy. Kuva:\u00a0Sasu Jarnstedt<\/p>\n<p><img decoding=\"async\" src=\"https:\/\/www.europesays.com\/fi\/wp-content\/uploads\/2025\/12\/1765030993_998_468.jpg\" alt=\"Paraatiin osallistui joukkoja Maa-, Meri- ja Ilmavoimista sek\u00e4 Maanpuolustuskorkeakoulusta ja Rajavartiolaitoksesta. Mukana oli my\u00f6s veteraani- ja maanpuolustusj\u00e4rjest\u00f6n edustajia.\" class=\"_Img_1rerz_1\" style=\"aspect-ratio:1.5\" loading=\"eager\"\/><\/p>\n<p class=\"article-picture-caption\">Paraatiin osallistui joukkoja Maa-, Meri- ja Ilmavoimista sek\u00e4 Maanpuolustuskorkeakoulusta ja Rajavartiolaitoksesta. Mukana oli my\u00f6s veteraani- ja maanpuolustusj\u00e4rjest\u00f6n edustajia. Kuva:\u00a0Sasu Jarnstedt<\/p>\n<p><img decoding=\"async\" src=\"https:\/\/www.europesays.com\/fi\/wp-content\/uploads\/2025\/12\/1765030994_679_468.jpg\" alt=\"\" class=\"_Img_1rerz_1\" style=\"aspect-ratio:1.5711947626841243\" loading=\"eager\"\/><img decoding=\"async\" src=\"https:\/\/www.europesays.com\/fi\/wp-content\/uploads\/2025\/12\/1765030994_927_468.jpg\" alt=\"\" class=\"_Img_1rerz_1\" style=\"aspect-ratio:1.5\" loading=\"eager\"\/><\/p>\n<p class=\"article-body mb-nof-24 px-nof-16\">Kello yhden j\u00e4lkeen alkoi virallinen ohimarssi, joka kulki Salpaussel\u00e4nkatua pitkin Kouvolan keskustan suuntaan.<\/p>\n<p><img decoding=\"async\" src=\"https:\/\/www.europesays.com\/fi\/wp-content\/uploads\/2025\/12\/1765030995_419_468.jpg\" alt=\"Ihmiset siirtyiv\u00e4t seuraamaan ohi kulkevan paraatikulkueen alkua.\" class=\"_Img_1rerz_1\" style=\"aspect-ratio:1.5\" loading=\"eager\"\/><\/p>\n<p class=\"article-picture-caption\">Ihmiset siirtyiv\u00e4t seuraamaan ohi kulkevan paraatikulkueen alkua. Kuva:\u00a0Sasu Jarnstedt<\/p>\n<p><img decoding=\"async\" src=\"https:\/\/www.europesays.com\/fi\/wp-content\/uploads\/2025\/12\/1765030995_79_468.jpg\" alt=\"Ohimarssiin osallistui my\u00f6s noin 65 Puolustusvoimien ja muiden viranomaisten ajoneuvoa.\" class=\"_Img_1rerz_1\" style=\"aspect-ratio:1.5\" loading=\"eager\"\/><\/p>\n<p class=\"article-picture-caption\">Ohimarssiin osallistui my\u00f6s noin 65 Puolustusvoimien ja muiden viranomaisten ajoneuvoa. Kuva:\u00a0Sasu Jarnstedt<\/p>\n<p><img decoding=\"async\" src=\"https:\/\/www.europesays.com\/fi\/wp-content\/uploads\/2025\/12\/1765030995_300_468.jpg\" alt=\"\" class=\"_Img_1rerz_1\" style=\"aspect-ratio:1.5\" loading=\"eager\"\/><img decoding=\"async\" src=\"https:\/\/www.europesays.com\/fi\/wp-content\/uploads\/2025\/12\/1765030996_733_468.jpg\" alt=\"\" class=\"_Img_1rerz_1\" style=\"aspect-ratio:1.5609756097560976\" loading=\"eager\"\/><img decoding=\"async\" src=\"https:\/\/www.europesays.com\/fi\/wp-content\/uploads\/2025\/12\/1765030996_164_468.jpg\" alt=\"Jalan marssiva kulkue otettiin vastaan Kymen Lukon kohdalla.\" class=\"_Img_1rerz_1\" style=\"aspect-ratio:1.5011727912431587\" loading=\"eager\"\/><\/p>\n<p class=\"article-picture-caption\">Jalan marssiva kulkue otettiin vastaan Kymen Lukon kohdalla. Kuva:\u00a0Sasu Jarnstedt<\/p>\n<p><img decoding=\"async\" src=\"https:\/\/www.europesays.com\/fi\/wp-content\/uploads\/2025\/12\/1765030997_688_468.jpg\" alt=\"Paraatin vastaanottopaikalla oli kenraaliluutnantti Kim J\u00e4\u00e4meren lis\u00e4ksi Kouvolan kaupungin kaupunginjohtaja Marita Toikka (kuvassa oikealla) ja kaupunginvaltuuston puheenjohtaja Ville Kaunisto (kuvassa vasemmalla).\" class=\"_Img_1rerz_1\" style=\"aspect-ratio:1.5\" loading=\"eager\"\/><\/p>\n<p class=\"article-picture-caption\">Paraatin vastaanottopaikalla oli kenraaliluutnantti Kim J\u00e4\u00e4meren lis\u00e4ksi Kouvolan kaupungin kaupunginjohtaja Marita Toikka (kuvassa oikealla) ja kaupunginvaltuuston puheenjohtaja Ville Kaunisto (kuvassa vasemmalla). Kuva:\u00a0Sasu Jarnstedt<\/p>\n<p><img decoding=\"async\" src=\"https:\/\/www.europesays.com\/fi\/wp-content\/uploads\/2025\/12\/1765030997_308_468.jpg\" alt=\"Puolustusvoimien ohimarssiin osallistui yhteens\u00e4 jopa 1\u202f300 henkil\u00f6\u00e4.\" class=\"_Img_1rerz_1\" style=\"aspect-ratio:1.5\" loading=\"eager\"\/><\/p>\n<p class=\"article-picture-caption\">Puolustusvoimien ohimarssiin osallistui yhteens\u00e4 jopa 1\u202f300 henkil\u00f6\u00e4. Kuva:\u00a0Sasu Jarnstedt<\/p>\n<p><img decoding=\"async\" src=\"https:\/\/www.europesays.com\/fi\/wp-content\/uploads\/2025\/12\/1765030997_771_468.jpg\" alt=\"\" class=\"_Img_1rerz_1\" style=\"aspect-ratio:1.5\" loading=\"eager\"\/><img decoding=\"async\" src=\"https:\/\/www.europesays.com\/fi\/wp-content\/uploads\/2025\/12\/1765030997_233_468.jpg\" alt=\"\" class=\"_Img_1rerz_1\" style=\"aspect-ratio:1.5\" loading=\"eager\"\/><img decoding=\"async\" src=\"https:\/\/www.europesays.com\/fi\/wp-content\/uploads\/2025\/12\/1765030998_228_468.jpg\" alt=\"Kouvolan kadut tulvivat ihmisist\u00e4, jotka olivat tulleet seuraamaan marssia. Yleis\u00f6\u00e4 pyydetiinkin saapumaan tapahtumapaikoille auton sijaan jalan, sill\u00e4 marssi on aiheuttanut liikenteeseen poikkeusj\u00e4rjestelyj\u00e4.\" class=\"_Img_1rerz_1\" style=\"aspect-ratio:1.5\" loading=\"eager\"\/><\/p>\n<p class=\"article-picture-caption\">Kouvolan kadut tulvivat ihmisist\u00e4, jotka olivat tulleet seuraamaan marssia. Yleis\u00f6\u00e4 pyydetiinkin saapumaan tapahtumapaikoille auton sijaan jalan, sill\u00e4 marssi on aiheuttanut liikenteeseen poikkeusj\u00e4rjestelyj\u00e4. Kuva:\u00a0Sasu Jarnstedt<\/p>\n<p><img decoding=\"async\" src=\"https:\/\/www.europesays.com\/fi\/wp-content\/uploads\/2025\/12\/1765030998_953_468.jpg\" alt=\"Yleis\u00f6 jonotti ohimarssin yhteydess\u00e4 my\u00f6s sotilaskodin autolle.\" class=\"_Img_1rerz_1\" style=\"aspect-ratio:1.5\" loading=\"eager\"\/><\/p>\n<p class=\"article-picture-caption\">Yleis\u00f6 jonotti ohimarssin yhteydess\u00e4 my\u00f6s sotilaskodin autolle. Kuva:\u00a0Sasu Jarnstedt<\/p>\n","protected":false},"excerpt":{"rendered":"Puolustusvoimat j\u00e4rjesti itsen\u00e4isyysp\u00e4iv\u00e4n paraatin t\u00e4n\u00e4 vuonna Kouvolassa. Puolustusvoimat j\u00e4rjesti 6. joulukuuta itsen\u00e4isyysp\u00e4iv\u00e4n valtakunnallisen paraatin. T\u00e4n\u00e4 vuonna juhlaparaati j\u00e4rjestettiin&hellip;\n","protected":false},"author":2,"featured_media":109328,"comment_status":"","ping_status":"","sticky":false,"template":"","format":"standard","meta":{"footnotes":""},"categories":[5],"tags":[22,23,26,27,33,31,30,17,34,24,25,28,29,15,18,21,32,19,20,16],"class_list":{"0":"post-109327","1":"post","2":"type-post","3":"status-publish","4":"format-standard","5":"has-post-thumbnail","7":"category-otsikot","8":"tag-breaking-news","9":"tag-breakingnews","10":"tag-featured-news","11":"tag-featurednews","12":"tag-fi","13":"tag-finland","14":"tag-finnish","15":"tag-headlines","16":"tag-ilta-sanomat","17":"tag-latest-news","18":"tag-latestnews","19":"tag-main-news","20":"tag-mainnews","21":"tag-news","22":"tag-otsikot","23":"tag-paauutiset","24":"tag-suomi","25":"tag-top-stories","26":"tag-topstories","27":"tag-uutiset"},"share_on_mastodon":{"url":"https:\/\/pubeurope.com\/@fi\/115673078894043103","error":""},"_links":{"self":[{"href":"https:\/\/www.europesays.com\/fi\/wp-json\/wp\/v2\/posts\/109327","targetHints":{"allow":["GET"]}}],"collection":[{"href":"https:\/\/www.europesays.com\/fi\/wp-json\/wp\/v2\/posts"}],"about":[{"href":"https:\/\/www.europesays.com\/fi\/wp-json\/wp\/v2\/types\/post"}],"author":[{"embeddable":true,"href":"https:\/\/www.europesays.com\/fi\/wp-json\/wp\/v2\/users\/2"}],"replies":[{"embeddable":true,"href":"https:\/\/www.europesays.com\/fi\/wp-json\/wp\/v2\/comments?post=109327"}],"version-history":[{"count":0,"href":"https:\/\/www.europesays.com\/fi\/wp-json\/wp\/v2\/posts\/109327\/revisions"}],"wp:featuredmedia":[{"embeddable":true,"href":"https:\/\/www.europesays.com\/fi\/wp-json\/wp\/v2\/media\/109328"}],"wp:attachment":[{"href":"https:\/\/www.europesays.com\/fi\/wp-json\/wp\/v2\/media?parent=109327"}],"wp:term":[{"taxonomy":"category","embeddable":true,"href":"https:\/\/www.europesays.com\/fi\/wp-json\/wp\/v2\/categories?post=109327"},{"taxonomy":"post_tag","embeddable":true,"href":"https:\/\/www.europesays.com\/fi\/wp-json\/wp\/v2\/tags?post=109327"}],"curies":[{"name":"wp","href":"https:\/\/api.w.org\/{rel}","templated":true}]}}