{"id":109333,"date":"2025-12-06T14:42:08","date_gmt":"2025-12-06T14:42:08","guid":{"rendered":"https:\/\/www.europesays.com\/fi\/109333\/"},"modified":"2025-12-06T14:42:08","modified_gmt":"2025-12-06T14:42:08","slug":"lewis-hamilton-kolaroi-harjoituksissa-russell-ennatti-mm-kamppailijoiden-edelle-urheilu","status":"publish","type":"post","link":"https:\/\/www.europesays.com\/fi\/109333\/","title":{"rendered":"Lewis Hamilton kolaroi harjoituksissa \u2013 Russell enn\u00e4tti MM-kamppailijoiden edelle | Urheilu"},"content":{"rendered":"<p>Formula ykk\u00f6sten kauden p\u00e4\u00e4tt\u00e4v\u00e4n Abu Dhabin gp:n viimeiset harjoitukset olivat keskeytyksiss\u00e4, kun Ferrarin Lewis Hamilton py\u00f6r\u00e4hti ratavalliin. Hamilton on kunnossa, mutta h\u00e4nen osaltaan harjoitusajot tyss\u00e4siv\u00e4t kolariin auton k\u00e4rsitty\u00e4 vaurioita.<\/p>\n<p>Muut p\u00e4\u00e4siv\u00e4t tauon j\u00e4lkeen jatkamaan harjoituksia. Nopeimman ajan kirjasi lopulta Mercedeksen George Russell, nelj\u00e4n tuhannesosasekunnin erolla McLarenin Lando Norrisiin. Red Bullin Max Verstappen oli kolmas, Aston Martinin Fernando Alonso nelj\u00e4s ja McLarenin Oscar Piastri viides.<\/p>\n<p>Aika-ajot huomiseen kisaan ajetaan t\u00e4n\u00e4\u00e4n Suomen aikaa kello 16\u201317. Maailmanmestaruudesta kamppailee viel\u00e4 kolme kuljettajaa: Norrisin johto Verstappeniin on 12 pistett\u00e4 ja Piastriin 16 pistett\u00e4.<\/p>\n","protected":false},"excerpt":{"rendered":"Formula ykk\u00f6sten kauden p\u00e4\u00e4tt\u00e4v\u00e4n Abu Dhabin gp:n viimeiset harjoitukset olivat keskeytyksiss\u00e4, kun Ferrarin Lewis Hamilton py\u00f6r\u00e4hti ratavalliin. Hamilton&hellip;\n","protected":false},"author":2,"featured_media":109334,"comment_status":"","ping_status":"","sticky":false,"template":"","format":"standard","meta":{"footnotes":""},"categories":[158],"tags":[648,2810,8731,33,31,30,121,83,2811,6530,159,32,160],"class_list":{"0":"post-109333","1":"post","2":"type-post","3":"status-publish","4":"format-standard","5":"has-post-thumbnail","7":"category-urheilu","8":"tag-autot","9":"tag-autourheilu-ja-urheiluautot","10":"tag-ferrari","11":"tag-fi","12":"tag-finland","13":"tag-finnish","14":"tag-liikenne-ja-kuljetus","15":"tag-moottoriurheilu","16":"tag-rata-autoilu","17":"tag-red-bull","18":"tag-sports","19":"tag-suomi","20":"tag-urheilu"},"share_on_mastodon":{"url":"https:\/\/pubeurope.com\/@fi\/115673153350717512","error":""},"_links":{"self":[{"href":"https:\/\/www.europesays.com\/fi\/wp-json\/wp\/v2\/posts\/109333","targetHints":{"allow":["GET"]}}],"collection":[{"href":"https:\/\/www.europesays.com\/fi\/wp-json\/wp\/v2\/posts"}],"about":[{"href":"https:\/\/www.europesays.com\/fi\/wp-json\/wp\/v2\/types\/post"}],"author":[{"embeddable":true,"href":"https:\/\/www.europesays.com\/fi\/wp-json\/wp\/v2\/users\/2"}],"replies":[{"embeddable":true,"href":"https:\/\/www.europesays.com\/fi\/wp-json\/wp\/v2\/comments?post=109333"}],"version-history":[{"count":0,"href":"https:\/\/www.europesays.com\/fi\/wp-json\/wp\/v2\/posts\/109333\/revisions"}],"wp:featuredmedia":[{"embeddable":true,"href":"https:\/\/www.europesays.com\/fi\/wp-json\/wp\/v2\/media\/109334"}],"wp:attachment":[{"href":"https:\/\/www.europesays.com\/fi\/wp-json\/wp\/v2\/media?parent=109333"}],"wp:term":[{"taxonomy":"category","embeddable":true,"href":"https:\/\/www.europesays.com\/fi\/wp-json\/wp\/v2\/categories?post=109333"},{"taxonomy":"post_tag","embeddable":true,"href":"https:\/\/www.europesays.com\/fi\/wp-json\/wp\/v2\/tags?post=109333"}],"curies":[{"name":"wp","href":"https:\/\/api.w.org\/{rel}","templated":true}]}}