{"id":109335,"date":"2025-12-06T14:43:09","date_gmt":"2025-12-06T14:43:09","guid":{"rendered":"https:\/\/www.europesays.com\/fi\/109335\/"},"modified":"2025-12-06T14:43:09","modified_gmt":"2025-12-06T14:43:09","slug":"miss-suomi-sarah-dzafcen-kiistanalainen-dubain-matka-itsenaisyyspaivana","status":"publish","type":"post","link":"https:\/\/www.europesays.com\/fi\/109335\/","title":{"rendered":"Miss Suomi Sarah Dzafcen kiistanalainen Dubain-matka itsen\u00e4isyysp\u00e4iv\u00e4n\u00e4"},"content":{"rendered":"<p>\n            20251007 HELSINKI. Sarah Dzafce. KUVA: ATTE KAJOVA<br \/>\n            ATTE KAJOVA\n        <\/p>\n<p class=\"subtitle \">Kohumissien reissun ajankohtakin puhuttaa.<\/p>\n<p class=\"article-content article-content-width !bg-background\">Miss Suomi, 22, on matkustanut itsen\u00e4isyysp\u00e4iv\u00e4n viettoon Dubaihin. H\u00e4n julkaisi perjantaina (5.12.) Instagram-tarinoissaan videon lentokoneesta, ja arvuutteli sen yhteydess\u00e4 seuraajiltaan matkakohdettaan.<\/p>\n<p class=\"font-weight-bold m-font-weight-bold article-content article-content-width !bg-background\">Arkistovideo: T\u00e4llainen Sarah on kulissien takana<\/p>\n<p class=\"article-content article-content-width !bg-background\">Itsen\u00e4isyysp\u00e4iv\u00e4n\u00e4 selvisi, ett\u00e4 Sarah lenn\u00e4hti viett\u00e4m\u00e4\u00e4n 108-vuotiaan Suomen merkkip\u00e4iv\u00e4\u00e4 Juurikin Arabiemiraattien Dubaihin. <a href=\"https:\/\/www.instagram.com\/stories\/sarahdzafce\/3781597352562939324\/\" target=\"_blank\" rel=\"nofollow noopener\">Tarinajulkaisuunsa<\/a> h\u00e4n on merkinnyt Palm Jumeirah -nimisen saaren, joka vilisee luksushotelleja ja tasokkaita palveluita.<\/p>\n<p class=\"article-content article-content-width !bg-background\">My\u00f6s Sarahin Dubain-reissun syy selvi\u00e4\u00e4 h\u00e4nen tarinoissaan. H\u00e4nen jakamassaan kuvassa poseeraa ravintolan terassilla.<\/p>\n<p class=\"article-content article-content-width !bg-background\">\u2013 Tulin n\u00e4kem\u00e4\u00e4n Miss Universe -yst\u00e4vi\u00e4ni, Sarah kirjoittaa englanniksi kuvan yhteydess\u00e4.<\/p>\n<p>Missi luopui tittelist\u00e4<\/p>\n<p class=\"article-content article-content-width !bg-background\">Brigitta edusti Viroa Miss Universe -kisoissa. 23. marraskuuta h\u00e4n kuitenkin tiedotti luopuvansa Miss Universe Estonia -tittelist\u00e4\u00e4n.<\/p>\n<p class=\"article-content article-content-width !bg-background\">\u2013 Arvoni ja ty\u00f6moraalini eiv\u00e4t kohtaa kansallisen johtajan Natalie Korneitsikin kanssa. Sitoutumiseni on naisten voimaantumiselle ja tasa-arvolle, ja jatkan t\u00e4t\u00e4 ty\u00f6skentely\u00e4 itsen\u00e4isesti, ilman yhteisty\u00f6t\u00e4 Miss Universe Estonian kanssa, Brigitta tiedotti Instagram-tilill\u00e4\u00e4n.<\/p>\n<p class=\"article-content article-content-width !bg-background\"><a href=\"https:\/\/people.com\/miss-universe-contestant-olivia-yace-renounces-title-cuts-ties-with-pageant-committee-after-placing-top-5-11855786\" target=\"_blank\" rel=\"nofollow noopener\">People<\/a>-lehden mukaan Natalie, joka edusti Viroa Miss Universum -kisoissa vuonna 2012, oli viime aikoina lausunut kyseenalaisia kommentteja. Kommenttien sis\u00e4ll\u00f6st\u00e4 ei ole sen enemp\u00e4\u00e4 tietoa.<\/p>\n<p class=\"article-content article-content-width !bg-background\">Miss Estonia -j\u00e4rjest\u00e4j\u00e4 kommentoi lehdelle, ettei Brigittan p\u00e4\u00e4t\u00f6kseen vaikuttanut h\u00e4nen ja Natalien keskeinen konflikti.<\/p>\n<p class=\"article-content article-content-width !bg-background\">Brigitta teki p\u00e4\u00e4t\u00f6ksens\u00e4 luopua tittelist\u00e4\u00e4n p\u00e4ivi\u00e4 Miss Universum -finaalin j\u00e4lkeen.<\/p>\n<p>        <a itemprop=\"url\" href=\"https:\/\/www.seiska.fi\/vain-seiskassa\/nain-hulppeasti-miss-suomi-sarah-dzafce-asuu-katso-kuvat\/1955071\" rel=\"nofollow noopener\" target=\"_blank\"><\/p>\n<p>\nMiss Suomi\n<\/p>\n<p class=\"section-date\">\n        <strong class=\"article-section\" data-section=\"vain seiskassa\"><br \/>\n            vain seiskassa<br \/>\n        <\/strong><br \/>\n        16.10. 07:00\n    <\/p>\n<p>N\u00e4in hulppeasti Miss Suomi Sarah Dzafce asuu \u2013 katso kuvat!\n    <\/p>\n<p itemprop=\"description\" class=\"subtitle \">\n    Miss Suomi 2025 avasi kotinsa ovet Seiskalle. Sis\u00e4lt\u00e4 paljastuu yll\u00e4tt\u00e4vi\u00e4 asioita.\n<\/p>\n<p>        <\/a><\/p>\n<p>P\u00e4\u00e4t\u00f6s puhuttaa<\/p>\n<p class=\"article-content article-content-width !bg-background\">Hallitsevan Miss Suomen p\u00e4\u00e4t\u00f6s poistua Suomesta juuri itsen\u00e4isyysp\u00e4iv\u00e4n ajaksi puhuttaa anonyymiss\u00e4 keskustelusovellus Jodelissa.<\/p>\n<p class=\"article-content article-content-width !bg-background\">Dubai on matkustuskohteena saanut ristiriitaisen maineen. Luksuskohteena tunnettu maa hulppeine puitteineen on ker\u00e4nnyt osakseen kritiikki\u00e4 ihmisoikeustilanteensa takia.<\/p>\n<p class=\"article-content article-content-width !bg-background\">Siirtoty\u00f6l\u00e4isten olosuhteet puhuttivat jo vuonna 2007, jolloin <a href=\"https:\/\/www.hs.fi\/maailma\/art-2000004497405.html\" target=\"_blank\" rel=\"nofollow noopener\">Helsingin Sanomien<\/a> mukaan ihmisoikeusasiantuntija\u00a0kutsui ty\u00f6l\u00e4isten tilannetta &#8221;nykyp\u00e4iv\u00e4n orjuudeksi&#8221;.<\/p>\n<p class=\"article-content article-content-width !bg-background\"><a href=\"https:\/\/www.humanrightsinitiative.org\/blog\/rti-reveal-more-than-10-indian-workers-died-every-day-in-gulf-countries-in-the-last-six-years-117-deaths-for-every-us-117-remitted-\" target=\"_blank\" rel=\"nofollow noopener\">Commonwealth Human RIghts Initiativen<\/a> mukaan Persianlahden maissa menehtyi yli keskim\u00e4\u00e4rin 10 intialaista ty\u00f6ntekij\u00e4\u00e4 p\u00e4iv\u00e4ss\u00e4 vuosien 2012 ja 2018 v\u00e4lill\u00e4.<\/p>\n<p class=\"article-content article-content-width !bg-background\">Dubain ristiriitaisuus ei mene jodlaajiltakaan ohi, ja monet kyseenalaistavat Sarahin p\u00e4\u00e4t\u00f6st\u00e4.<\/p>\n<p class=\"article-content article-content-width !bg-background\">\u2013\u00a0Ei kyll\u00e4 saisi olla ulkomailla itsen\u00e4isyysp\u00e4iv\u00e4n\u00e4,\u00a0kommentoi er\u00e4s Jodelissa tehdyss\u00e4 langassa.<\/p>\n<p>        <a itemprop=\"url\" href=\"https:\/\/www.seiska.fi\/vain-seiskassa\/miss-suomi-sarah-dzafce-kosovossa-perheella-hulppea-talo-kuvat\/1982560\" rel=\"nofollow noopener\" target=\"_blank\"><\/p>\n<p>\nMiss Suomi Kosovossa\n<\/p>\n<p class=\"section-date\">\n        <strong class=\"article-section\" data-section=\"vain seiskassa\"><br \/>\n            vain seiskassa<br \/>\n        <\/strong><br \/>\n        8.11. 11:00\n    <\/p>\n<p>Miss Suomi Sarah Dzafce Kosovossa: perheell\u00e4 hulppea talo \u2013 kuvat!\n    <\/p>\n<p itemprop=\"description\" class=\"subtitle \">\n    Miss Suomen Sarah Dzafcen Lakis-is\u00e4 oli alunperin lammaspaimen, josta kehkeytyi menestyv\u00e4 liikemies.\n<\/p>\n<p>        <\/a><\/p>\n<p>                <img decoding=\"async\" src=\"https:\/\/www.europesays.com\/fi\/wp-content\/uploads\/2025\/12\/2013726.webp\" width=\"576\" height=\"322\" alt=\"Sarah nappasi kirkkaimman kruunun vuoden 2025 Miss Suomi -finaalissa.\" loading=\"lazy\" \/>            <\/p>\n<p>\n            Sarah nappasi kirkkaimman kruunun vuoden 2025 Miss Suomi -finaalissa.<br \/>\n            ATTE KAJOVA\n        <\/p>\n<p>Kohu takana<\/p>\n<p class=\"article-content article-content-width !bg-background\">Sarahilla on takanaan jo yksi ik\u00e4v\u00e4 kohu, joka sai alkunsa nettiin levinneest\u00e4 kuvasta.<\/p>\n<p class=\"article-content article-content-width !bg-background\">Sarahin yst\u00e4v\u00e4n ottamassa Snapchat-kuvassa n\u00e4kyi, kuinka Sarah venytti silmi\u00e4\u00e4n rasistisesti tulkittavalla tavalla. Mielikuvaa vahvisti kuvaan lis\u00e4tty teksti, &#8221;Kiinalaisen kaa sy\u00f6m\u00e4s&#8221;.<\/p>\n<p class=\"article-content article-content-width !bg-background\">Kuva aiheutti melkoisen kohun sosiaalisessa mediassa, ja Sarah joutui kommentoimaan tilannetta Seiskalle. H\u00e4n vakuutti, ett\u00e4 kuva oli irrotettu asiayhteydest\u00e4, ja ett\u00e4 se oli tarkoitettu vain h\u00e4nen l\u00e4heisille yst\u00e4villeen.<\/p>\n<p class=\"article-content article-content-width !bg-background\">\u2013 Nojasin p\u00f6yt\u00e4\u00e4n ja venytin ohimoita ja silmi\u00e4, koska se tuntui helpottavan painetta, mik\u00e4 minulla oli p\u00e4\u00e4ss\u00e4. Yst\u00e4v\u00e4 koki ilmeen hauskana ja halusi ottaa siit\u00e4 kuvan, Sarah kertoi Seiskalle.<\/p>\n<p class=\"article-content article-content-width !bg-background\">\u2013 Hymyilin kameralle, ja h\u00e4n kirjoitti siihen ihan oman tekstins\u00e4. Teksti ei ole minun kirjoittama, eik\u00e4 liity mill\u00e4\u00e4n tavalla tarkoitukseeni. Kuva oli tarkoitettu vain l\u00e4heisille kavereille, eik\u00e4 jaettavaksi yht\u00e4\u00e4n sen laajemmin, h\u00e4n t\u00e4smensi.<\/p>\n<p class=\"article-content article-content-width !bg-background\">Sarah painotti my\u00f6s, ettei hyv\u00e4ksy rasismia miss\u00e4\u00e4n muodossa.<\/p>\n<p>        <a itemprop=\"url\" href=\"https:\/\/www.seiska.fi\/kotimaa\/miss-suomi-sarah-dzafcesta-kohukuva-julki\/2008484\" rel=\"nofollow noopener\" target=\"_blank\"><\/p>\n<p>\nMiss Suomi Sarah Dzafce:\n<\/p>\n<p class=\"section-date\">\n        <strong class=\"article-section\" data-section=\"kotimaa\"><br \/>\n            kotimaa<br \/>\n        <\/strong><br \/>\n        1.12. 19:30\n    <\/p>\n<p>Miss Suomi Sarah Dzafcesta kohukuva julki\n    <\/p>\n<p itemprop=\"description\" class=\"subtitle \">\n    Sarah Dzafcen toiminta sai sosiaalisen median reagoimaan. H\u00e4n kertoo, mist\u00e4 on kyse.\n<\/p>\n<p>        <\/a><\/p>\n<p><script async src=\"\/\/www.instagram.com\/embed.js\"><\/script><\/p>\n","protected":false},"excerpt":{"rendered":"20251007 HELSINKI. Sarah Dzafce. KUVA: ATTE KAJOVA ATTE KAJOVA Kohumissien reissun ajankohtakin puhuttaa. Miss Suomi, 22, on matkustanut&hellip;\n","protected":false},"author":2,"featured_media":105036,"comment_status":"","ping_status":"","sticky":false,"template":"","format":"standard","meta":{"footnotes":""},"categories":[130],"tags":[6828,137,33,31,30,3363,1478,3458,20440,4839,11698,32,109],"class_list":{"0":"post-109335","1":"post","2":"type-post","3":"status-publish","4":"format-standard","5":"has-post-thumbnail","7":"category-viihde","8":"tag-dubai","9":"tag-entertainment","10":"tag-fi","11":"tag-finland","12":"tag-finnish","13":"tag-ihmisoikeudet","14":"tag-matkailu","15":"tag-miss-suomi","16":"tag-orjuus","17":"tag-rasismi","18":"tag-sarah-dzafce","19":"tag-suomi","20":"tag-viihde"},"share_on_mastodon":{"url":"https:\/\/pubeurope.com\/@fi\/115673157205992907","error":""},"_links":{"self":[{"href":"https:\/\/www.europesays.com\/fi\/wp-json\/wp\/v2\/posts\/109335","targetHints":{"allow":["GET"]}}],"collection":[{"href":"https:\/\/www.europesays.com\/fi\/wp-json\/wp\/v2\/posts"}],"about":[{"href":"https:\/\/www.europesays.com\/fi\/wp-json\/wp\/v2\/types\/post"}],"author":[{"embeddable":true,"href":"https:\/\/www.europesays.com\/fi\/wp-json\/wp\/v2\/users\/2"}],"replies":[{"embeddable":true,"href":"https:\/\/www.europesays.com\/fi\/wp-json\/wp\/v2\/comments?post=109335"}],"version-history":[{"count":0,"href":"https:\/\/www.europesays.com\/fi\/wp-json\/wp\/v2\/posts\/109335\/revisions"}],"wp:featuredmedia":[{"embeddable":true,"href":"https:\/\/www.europesays.com\/fi\/wp-json\/wp\/v2\/media\/105036"}],"wp:attachment":[{"href":"https:\/\/www.europesays.com\/fi\/wp-json\/wp\/v2\/media?parent=109335"}],"wp:term":[{"taxonomy":"category","embeddable":true,"href":"https:\/\/www.europesays.com\/fi\/wp-json\/wp\/v2\/categories?post=109335"},{"taxonomy":"post_tag","embeddable":true,"href":"https:\/\/www.europesays.com\/fi\/wp-json\/wp\/v2\/tags?post=109335"}],"curies":[{"name":"wp","href":"https:\/\/api.w.org\/{rel}","templated":true}]}}